{"id":42537,"date":"2025-02-13T11:00:07","date_gmt":"2025-02-13T09:00:07","guid":{"rendered":"https:\/\/edublog.educastur.es\/ixuxu\/?p=42537"},"modified":"2025-02-23T23:18:06","modified_gmt":"2025-02-23T21:18:06","slug":"na-pandemia-del-2020-sobrevivimos-gracies-a-la-musica-y-la-poesia-entre-otres-coses","status":"publish","type":"post","link":"https:\/\/edublog.educastur.es\/ixuxu\/2025\/02\/na-pandemia-del-2020-sobrevivimos-gracies-a-la-musica-y-la-poesia-entre-otres-coses\/","title":{"rendered":"Na pandemia del 2020 sobrevivimos gracies a la m\u00fasica y la poes\u00eda, ente otres coses&#8230;"},"content":{"rendered":"<p style=\"text-align: center\">\n<!-- iframe plugin v.6.0 wordpress.org\/plugins\/iframe\/ -->\n<iframe loading=\"lazy\" width=\"100%\" height=\"423\" src=\"https:\/\/www.youtube.com\/embed\/27lByrHPv94\" title=\"Versi\u00f3n de &amp;quot;Resistir\u00e9&amp;quot; n&#039;asturianu - D\u00eda de les Lletres Asturianes 2020\" frameborder=\"0\" allow=\"accelerometer; autoplay; clipboard-write; encrypted-media; gyroscope; picture-in-picture; web-share\" referrerpolicy=\"strict-origin-when-cross-origin\" 0=\"allowfullscreen\" 1=\"\/iframe\" scrolling=\"yes\" class=\"iframe-class\"><\/iframe>\n<\/p>\n<ul>\n<li class=\"style-scope ytd-watch-metadata\"><span style=\"color: #ffff99\"><a style=\"color: #ffff99\" href=\"https:\/\/www.youtube.com\/watch?v=27lByrHPv94\">Versi\u00f3n de \u00abResistir\u00e9\u00bb n&#8217;asturianu &#8211; D\u00eda de les Lletres Asturianes 2020<\/a><\/span><\/li>\n<\/ul>\n","protected":false},"excerpt":{"rendered":"<p>Versi\u00f3n de \u00abResistir\u00e9\u00bb n&#8217;asturianu &#8211; D\u00eda de les Lletres Asturianes 2020<\/p>\n","protected":false},"author":117,"featured_media":0,"comment_status":"open","ping_status":"open","sticky":false,"template":"","format":"video","meta":{"footnotes":""},"categories":[25,35],"tags":[],"class_list":["post-42537","post","type-post","status-publish","format-video","hentry","category-curiosidaes","category-musica","post_format-post-format-video"],"_links":{"self":[{"href":"https:\/\/edublog.educastur.es\/ixuxu\/wp-json\/wp\/v2\/posts\/42537","targetHints":{"allow":["GET"]}}],"collection":[{"href":"https:\/\/edublog.educastur.es\/ixuxu\/wp-json\/wp\/v2\/posts"}],"about":[{"href":"https:\/\/edublog.educastur.es\/ixuxu\/wp-json\/wp\/v2\/types\/post"}],"author":[{"embeddable":true,"href":"https:\/\/edublog.educastur.es\/ixuxu\/wp-json\/wp\/v2\/users\/117"}],"replies":[{"embeddable":true,"href":"https:\/\/edublog.educastur.es\/ixuxu\/wp-json\/wp\/v2\/comments?post=42537"}],"version-history":[{"count":3,"href":"https:\/\/edublog.educastur.es\/ixuxu\/wp-json\/wp\/v2\/posts\/42537\/revisions"}],"predecessor-version":[{"id":42540,"href":"https:\/\/edublog.educastur.es\/ixuxu\/wp-json\/wp\/v2\/posts\/42537\/revisions\/42540"}],"wp:attachment":[{"href":"https:\/\/edublog.educastur.es\/ixuxu\/wp-json\/wp\/v2\/media?parent=42537"}],"wp:term":[{"taxonomy":"category","embeddable":true,"href":"https:\/\/edublog.educastur.es\/ixuxu\/wp-json\/wp\/v2\/categories?post=42537"},{"taxonomy":"post_tag","embeddable":true,"href":"https:\/\/edublog.educastur.es\/ixuxu\/wp-json\/wp\/v2\/tags?post=42537"}],"curies":[{"name":"wp","href":"https:\/\/api.w.org\/{rel}","templated":true}]}}