{"id":42594,"date":"2025-02-24T11:04:28","date_gmt":"2025-02-24T09:04:28","guid":{"rendered":"https:\/\/edublog.educastur.es\/ixuxu\/?p=42594"},"modified":"2025-02-24T23:01:05","modified_gmt":"2025-02-24T21:01:05","slug":"suenu-suanu-2","status":"publish","type":"post","link":"https:\/\/edublog.educastur.es\/ixuxu\/2025\/02\/suenu-suanu-2\/","title":{"rendered":"\u00abSue\u00f1u \/ Sua\u00f1u\u00bb de Pablo Tex\u00f3n"},"content":{"rendered":"<p><span class=\"x193iq5w xeuugli x13faqbe x1vvkbs x1xmvt09 x1lliihq x1s928wv xhkezso x1gmr53x x1cpjm7i x1fgarty x1943h6x xtoi2st x3x7a5m x1603h9y x1u7k74 x1xlr1w8 xzsf02u x1yc453h\" dir=\"auto\"><span style=\"color: #008080\"><a style=\"color: #008080\" href=\"https:\/\/www.facebook.com\/pinceladasdeasturias\/videos\/658980022084676\">(Ver videu)<\/a> <\/span>Poema de\u00a0<\/span> <a class=\"link-underline-off link-red\" href=\"https:\/\/www.poetryfoundation.org\/poets\/pablo-texon\">Pablo Tex\u00f3n<\/a><\/p>\n<article class=\"mb-6 flex flex-col gap-12 md:mb-0\">\n<div class=\"relative\" data-v-1a293654=\"\">\n<div class=\"annotations-active\" data-v-1a293654=\"\">\n<div class=\"rich-text copy-large\" data-v-1a293654=\"\" data-v-22a4749a=\"\">\n<div class=\"poem-body overflow-x-auto\" data-v-22a4749a=\"\">\n<div><span style=\"font-size: 24px;color: #008080\"><em><strong>Na mio llingua<\/strong><\/em><\/span><\/div>\n<div><span style=\"font-size: 24px;color: #008080\"><em><strong>estremamos<\/strong><\/em><\/span><\/div>\n<div><span style=\"font-size: 24px;color: #008080\"><em><strong>el sue\u00f1u del sua\u00f1u.<\/strong><\/em><\/span><\/div>\n<div><span style=\"font-size: 24px;color: #008080\"><em><strong>El primeru \u00e1tanos al suelu,<\/strong><\/em><\/span><\/div>\n<div><span style=\"font-size: 24px;color: #008080\"><em><strong>ponnos piedres nos bolsos<\/strong><\/em><\/span><\/div>\n<div><span style=\"font-size: 24px;color: #008080\"><em><strong>pa que nun nos mueyen<\/strong><\/em><\/span><\/div>\n<div><span style=\"font-size: 24px;color: #008080\"><em><strong>les nubes cargaes.<\/strong><\/em><\/span><\/div>\n<div><\/div>\n<div><span style=\"font-size: 24px;color: #008080\"><em><strong>El segundu ll\u00e9vanos a<\/strong><\/em><\/span><\/div>\n<div><span style=\"font-size: 24px;color: #008080\"><em><strong>trescombar<\/strong><\/em><\/span><\/div>\n<div><span style=\"font-size: 24px;color: #008080\"><em><strong>los cumales inalcanzables<\/strong><\/em><\/span><\/div>\n<div><span style=\"font-size: 24px;color: #008080\"><em><strong>con reblagos alegres.<\/strong><\/em><\/span><\/div>\n<div><span style=\"font-size: 24px;color: #008080\"><em><strong>Hai un momento,<\/strong><\/em><\/span><\/div>\n<div><span style=\"font-size: 24px;color: #008080\"><em><strong>cuando\u2019l d\u00eda, mansu, declina,<\/strong><\/em><\/span><\/div>\n<div><span style=\"font-size: 24px;color: #008080\"><em><strong>en que\u2019l sua\u00f1u garra<\/strong><\/em><\/span><\/div>\n<div><span style=\"font-size: 24px;color: #008080\"><em><strong>de la mano<\/strong><\/em><\/span><\/div>\n<div><span style=\"font-size: 24px;color: #008080\"><em><strong>al sue\u00f1u<\/strong><\/em><\/span><\/div>\n<div><span style=\"font-size: 24px;color: #008080\"><em><strong>y nesi eclipse d\u2019estra\u00f1a<\/strong><\/em><\/span><\/div>\n<div><span style=\"font-size: 24px;color: #008080\"><em><strong>guapura crepuscular<\/strong><\/em><\/span><\/div>\n<div><span style=\"font-size: 24px;color: #008080\"><em><strong>despunta un arrebatu de llucidez<\/strong><\/em><\/span><\/div>\n<div><span style=\"font-size: 24px;color: #008080\"><em><strong>y pasamos a dormir<\/strong><\/em><\/span><\/div>\n<div><span style=\"font-size: 24px;color: #008080\"><em><strong>y trancamos la puerta<\/strong><\/em><\/span><\/div>\n<div><span style=\"font-size: 24px;color: #008080\"><em><strong>y trancamos les puertes.<\/strong><\/em><\/span><\/div>\n<div><\/div>\n<\/div>\n<\/div>\n<\/div>\n<\/div>\n<\/article>\n<p>&nbsp;<\/p>\n","protected":false},"excerpt":{"rendered":"<p>(Ver videu) Poema de\u00a0 Pablo Tex\u00f3n Na mio llingua estremamos el sue\u00f1u del sua\u00f1u. El primeru \u00e1tanos al suelu, ponnos piedres nos bolsos pa que nun nos mueyen les nubes cargaes. El segundu ll\u00e9vanos a trescombar los cumales inalcanzables con reblagos alegres. Hai un momento, cuando\u2019l d\u00eda, mansu, declina, en que\u2019l sua\u00f1u garra de la [&hellip;]<\/p>\n","protected":false},"author":117,"featured_media":0,"comment_status":"open","ping_status":"open","sticky":false,"template":"","format":"standard","meta":{"footnotes":""},"categories":[39],"tags":[],"class_list":["post-42594","post","type-post","status-publish","format-standard","hentry","category-poesia"],"_links":{"self":[{"href":"https:\/\/edublog.educastur.es\/ixuxu\/wp-json\/wp\/v2\/posts\/42594","targetHints":{"allow":["GET"]}}],"collection":[{"href":"https:\/\/edublog.educastur.es\/ixuxu\/wp-json\/wp\/v2\/posts"}],"about":[{"href":"https:\/\/edublog.educastur.es\/ixuxu\/wp-json\/wp\/v2\/types\/post"}],"author":[{"embeddable":true,"href":"https:\/\/edublog.educastur.es\/ixuxu\/wp-json\/wp\/v2\/users\/117"}],"replies":[{"embeddable":true,"href":"https:\/\/edublog.educastur.es\/ixuxu\/wp-json\/wp\/v2\/comments?post=42594"}],"version-history":[{"count":2,"href":"https:\/\/edublog.educastur.es\/ixuxu\/wp-json\/wp\/v2\/posts\/42594\/revisions"}],"predecessor-version":[{"id":42597,"href":"https:\/\/edublog.educastur.es\/ixuxu\/wp-json\/wp\/v2\/posts\/42594\/revisions\/42597"}],"wp:attachment":[{"href":"https:\/\/edublog.educastur.es\/ixuxu\/wp-json\/wp\/v2\/media?parent=42594"}],"wp:term":[{"taxonomy":"category","embeddable":true,"href":"https:\/\/edublog.educastur.es\/ixuxu\/wp-json\/wp\/v2\/categories?post=42594"},{"taxonomy":"post_tag","embeddable":true,"href":"https:\/\/edublog.educastur.es\/ixuxu\/wp-json\/wp\/v2\/tags?post=42594"}],"curies":[{"name":"wp","href":"https:\/\/api.w.org\/{rel}","templated":true}]}}