{"id":42639,"date":"2025-02-26T08:16:27","date_gmt":"2025-02-26T06:16:27","guid":{"rendered":"https:\/\/edublog.educastur.es\/ixuxu\/?p=42639"},"modified":"2025-02-26T10:17:45","modified_gmt":"2025-02-26T08:17:45","slug":"estau-del-tiempu-miercoles-26-febreru-2025","status":"publish","type":"post","link":"https:\/\/edublog.educastur.es\/ixuxu\/2025\/02\/estau-del-tiempu-miercoles-26-febreru-2025\/","title":{"rendered":"Est\u00e1u del tiempu: mi\u00e9rcoles 26 febreru 2025"},"content":{"rendered":"<div class=\"html-div xdj266r xat24cr x1mh8g0r xexx8yu x4uap5 x18d9i69 xkhd6sd x78zum5 x2lah0s xqtp20y x1emribx\">\n<div class=\"xc9qbxq x1td3qas x6s0dn4 x78zum5 xl56j7k\">\n<div class=\"\" style=\"text-align: center\"><a href=\"http:\/\/edublog.educastur.es\/ixuxu\/files\/2024\/11\/467747825_894074599540617_1227988172354431857_n.jpg\"><img loading=\"lazy\" decoding=\"async\" class=\"aligncenter  wp-image-36071\" src=\"http:\/\/edublog.educastur.es\/ixuxu\/files\/2024\/11\/467747825_894074599540617_1227988172354431857_n.jpg\" alt=\"\" width=\"216\" height=\"150\" srcset=\"https:\/\/edublog.educastur.es\/ixuxu\/files\/2024\/11\/467747825_894074599540617_1227988172354431857_n.jpg 450w, https:\/\/edublog.educastur.es\/ixuxu\/files\/2024\/11\/467747825_894074599540617_1227988172354431857_n-300x208.jpg 300w, https:\/\/edublog.educastur.es\/ixuxu\/files\/2024\/11\/467747825_894074599540617_1227988172354431857_n-433x300.jpg 433w\" sizes=\"auto, (max-width: 216px) 100vw, 216px\" \/><\/a><\/div>\n<\/div>\n<\/div>\n<div class=\"x78zum5 xdt5ytf xz62fqu x16ldp7u\">\n<div class=\"xu06os2 x1ok221b\">\n<div class=\"html-div xdj266r x11i5rnm xat24cr x1mh8g0r xexx8yu x4uap5 x18d9i69 xkhd6sd\" data-ad-rendering-role=\"profile_name\">\n<ul>\n<li class=\"html-h3 x11i5rnm xat24cr x1mh8g0r xexx8yu x4uap5 x18d9i69 xkhd6sd x1vvkbs x1heor9g x1qlqyl8 x1pd3egz x1a2a7pz x1gslohp x1yc453h\"><span class=\"x1lliihq x6ikm8r x10wlt62 x1n2onr6\"><span class=\"xt0psk2\"><span class=\"xjp7ctv\"><a class=\"x1i10hfl xjbqb8w x1ejq31n xd10rxx x1sy0etr x17r0tee x972fbf xcfux6l x1qhh985 xm0m39n x9f619 x1ypdohk xt0psk2 xe8uvvx xdj266r x11i5rnm xat24cr x1mh8g0r xexx8yu x4uap5 x18d9i69 xkhd6sd x16tdsg8 x1hl2dhg xggy1nq x1a2a7pz xkrqix3 x1sur9pj xzsf02u x1s688f\" role=\"link\" href=\"https:\/\/www.facebook.com\/eltiempuenasturies?__cft__[0]=AZXrrKECxbutXS65qB9FdG9wfehXHuqnRLFtfGANcDV4QQ2z0rmR0Gu-Bmzfk_zI_ke8Q4b_VMmWmrEO9FMtDFWlzMRYdG5WDHRRRey14ajac6PSstSI0T8_0XXzloNfary-j7UeZOp2g6AhQbwdoHySHRbWRqtFKPBIDhxIx5mo6oNxy3tO-uu2L0ERp7gJRuHFa6gkdD4SwQeUoZJW6YjME6mHC_BiKbEv45IyZ7GKug&amp;__tn__=-UC%2CP-y-R\" aria-describedby=\":rvo:\"><strong class=\"html-strong xdj266r x11i5rnm xat24cr x1mh8g0r xexx8yu x4uap5 x18d9i69 xkhd6sd x1hl2dhg x16tdsg8 x1vvkbs x1s688f\"><span class=\"html-span xdj266r x11i5rnm xat24cr x1mh8g0r xexx8yu x4uap5 x18d9i69 xkhd6sd x1hl2dhg x16tdsg8 x1vvkbs\">El Tiempu n&#8217;Asturies.<\/span><\/strong><\/a><\/span><\/span><\/span><\/li>\n<\/ul>\n<\/div>\n<\/div>\n<div class=\"xu06os2 x1ok221b\"><\/div>\n<\/div>\n<div class=\"html-div xdj266r x11i5rnm xat24cr x1mh8g0r xexx8yu x4uap5 x18d9i69 xkhd6sd\" dir=\"auto\">\n<div class=\"html-div xdj266r x11i5rnm xat24cr x1mh8g0r xexx8yu x4uap5 x18d9i69 xkhd6sd\" data-ad-rendering-role=\"story_message\">\n<div class=\"x1l90r2v x1iorvi4 x1ye3gou xn6708d\" data-ad-comet-preview=\"message\" data-ad-preview=\"message\">\n<div class=\"x78zum5 xdt5ytf xz62fqu x16ldp7u\">\n<div class=\"xu06os2 x1ok221b\">\n<div class=\"x11i5rnm xat24cr x1mh8g0r x1vvkbs xtlvy1s x126k92a\">\n<ul>\n<li dir=\"auto\"><strong><span style=\"color: #008080\">Alborecemos<\/span> <\/strong>col cielu empuerc\u00e1u de nubes altes ya con unes temperatures que tan alrodiu de los 4\u00baC, rexistr\u00e1ndose nel puirtu Payares -1,8\u00baC.<\/li>\n<\/ul>\n<\/div>\n<div class=\"x11i5rnm xat24cr x1mh8g0r x1vvkbs xtlvy1s x126k92a\">\n<ul>\n<li dir=\"auto\"><strong><span style=\"color: #008080\">G\u00fcei<\/span><\/strong> vamos tener dalgo de nubosid\u00e1 alta entemc\u00eda ente dellos claros o abancios con unes temperatures m\u00e1simes n&#8217;ascensu llixeru dempu\u00e9s d&#8217;una nueche fr\u00eda ya col aire sele de componente norte.<\/li>\n<\/ul>\n<p><!--more--><\/p>\n<\/div>\n<div class=\"x11i5rnm xat24cr x1mh8g0r x1vvkbs xtlvy1s x126k92a\">\n<ul>\n<li dir=\"auto\"><strong><span style=\"color: #008080\">Ma\u00f1ana xueves<\/span><\/strong> tendremos el cielu m\u00e1s llimpiu de nubes con vientu nord\u00e9s que pue ser cafiante nel llitoral y zones espuestes con unes temperatures que van camudar poco anque la sensaci\u00f3n t\u00e9rmica sedr\u00e1 menor por mor del vientu.<\/li>\n<\/ul>\n<\/div>\n<div class=\"x11i5rnm xat24cr x1mh8g0r x1vvkbs xtlvy1s x126k92a\">\n<ul>\n<li dir=\"auto\"><strong><span style=\"color: #008080\">El vienres<\/span><\/strong> alboreceremos ente&#8217;l borr\u00edn y la nublina dixebr\u00e1ndose pela ma\u00f1ana pol vientu nord\u00e9s que volver\u00e1 a ser cafiante nel llitoral con un descensu de les temperatures. El cielu quedar\u00e1 con intervalos nubosos entemecios ente dellos claros o abancios.<\/li>\n<\/ul>\n<\/div>\n<div class=\"x11i5rnm xat24cr x1mh8g0r x1vvkbs xtlvy1s x126k92a\">\n<ul>\n<li dir=\"auto\"><strong><span style=\"color: #008080\">El s\u00e1badu y domingu<\/span><\/strong> una masa d&#8217;aire continental dir\u00e1 ganando terr\u00e9n faciendo que baxen les temperatures, sobre too en zones de monta\u00f1a onde pue tar xelando durante tol d\u00eda nos puertos altos de la cordelera. Nel cielu tendremos dalgo de nubosid\u00e1 de retenci\u00f3n nos cordales costeros cola posibilid\u00e1 de dalgo d&#8217;orp\u00edn durante&#8217;l riscar del domingu anque, en xeneral, vamos tener nubes ya claros o abancios con vientu nord\u00e9s que baxar\u00e1 entov\u00eda m\u00e1s la sensaci\u00f3n t\u00e9rmica.<\/li>\n<\/ul>\n<\/div>\n<\/div>\n<\/div>\n<\/div>\n<\/div>\n<\/div>\n<p>&nbsp;<\/p>\n","protected":false},"excerpt":{"rendered":"<p>El Tiempu n&#8217;Asturies. Alborecemos col cielu empuerc\u00e1u de nubes altes ya con unes temperatures que tan alrodiu de los 4\u00baC, rexistr\u00e1ndose nel puirtu Payares -1,8\u00baC. G\u00fcei vamos tener dalgo de nubosid\u00e1 alta entemc\u00eda ente dellos claros o abancios con unes temperatures m\u00e1simes n&#8217;ascensu llixeru dempu\u00e9s d&#8217;una nueche fr\u00eda ya col aire sele de componente norte.<\/p>\n","protected":false},"author":117,"featured_media":0,"comment_status":"open","ping_status":"open","sticky":false,"template":"","format":"standard","meta":{"footnotes":""},"categories":[5],"tags":[],"class_list":["post-42639","post","type-post","status-publish","format-standard","hentry","category-tiempu"],"_links":{"self":[{"href":"https:\/\/edublog.educastur.es\/ixuxu\/wp-json\/wp\/v2\/posts\/42639","targetHints":{"allow":["GET"]}}],"collection":[{"href":"https:\/\/edublog.educastur.es\/ixuxu\/wp-json\/wp\/v2\/posts"}],"about":[{"href":"https:\/\/edublog.educastur.es\/ixuxu\/wp-json\/wp\/v2\/types\/post"}],"author":[{"embeddable":true,"href":"https:\/\/edublog.educastur.es\/ixuxu\/wp-json\/wp\/v2\/users\/117"}],"replies":[{"embeddable":true,"href":"https:\/\/edublog.educastur.es\/ixuxu\/wp-json\/wp\/v2\/comments?post=42639"}],"version-history":[{"count":1,"href":"https:\/\/edublog.educastur.es\/ixuxu\/wp-json\/wp\/v2\/posts\/42639\/revisions"}],"predecessor-version":[{"id":42640,"href":"https:\/\/edublog.educastur.es\/ixuxu\/wp-json\/wp\/v2\/posts\/42639\/revisions\/42640"}],"wp:attachment":[{"href":"https:\/\/edublog.educastur.es\/ixuxu\/wp-json\/wp\/v2\/media?parent=42639"}],"wp:term":[{"taxonomy":"category","embeddable":true,"href":"https:\/\/edublog.educastur.es\/ixuxu\/wp-json\/wp\/v2\/categories?post=42639"},{"taxonomy":"post_tag","embeddable":true,"href":"https:\/\/edublog.educastur.es\/ixuxu\/wp-json\/wp\/v2\/tags?post=42639"}],"curies":[{"name":"wp","href":"https:\/\/api.w.org\/{rel}","templated":true}]}}