{"id":42641,"date":"2025-02-26T10:21:34","date_gmt":"2025-02-26T08:21:34","guid":{"rendered":"https:\/\/edublog.educastur.es\/ixuxu\/?p=42641"},"modified":"2025-02-26T10:23:59","modified_gmt":"2025-02-26T08:23:59","slug":"el-real-uvieu-abre-tienda-oficial-en-parque-principau","status":"publish","type":"post","link":"https:\/\/edublog.educastur.es\/ixuxu\/2025\/02\/el-real-uvieu-abre-tienda-oficial-en-parque-principau\/","title":{"rendered":"El Real Uvi\u00e9u abre tienda oficial en Parque Princip\u00e1u"},"content":{"rendered":"<div class=\"html-div xdj266r xexx8yu x4uap5 x18d9i69 xkhd6sd x1n2onr6 x1mh8g0r x11i5rnm xod5an3\">\n<div class=\"html-div xdj266r x11i5rnm xat24cr x1mh8g0r xexx8yu x4uap5 x18d9i69 xkhd6sd x6ikm8r x10wlt62\" style=\"text-align: center\"><a href=\"https:\/\/www.parqueprincipado.com\/wp-content\/uploads\/2025\/02\/OK-Parque-Principado-Real-Oviedo-041.jpg\"><img loading=\"lazy\" decoding=\"async\" class=\"aligncenter \" src=\"https:\/\/www.parqueprincipado.com\/wp-content\/uploads\/2025\/02\/OK-Parque-Principado-Real-Oviedo-041.jpg\" width=\"469\" height=\"313\" \/><\/a><span class=\"x1lliihq x6ikm8r x10wlt62 x1n2onr6\"><span class=\"xt0psk2\"><span class=\"xjp7ctv\"><a class=\"x1i10hfl xjbqb8w x1ejq31n xd10rxx x1sy0etr x17r0tee x972fbf xcfux6l x1qhh985 xm0m39n x9f619 x1ypdohk xt0psk2 xe8uvvx xdj266r x11i5rnm xat24cr x1mh8g0r xexx8yu x4uap5 x18d9i69 xkhd6sd x16tdsg8 x1hl2dhg xggy1nq x1a2a7pz xkrqix3 x1sur9pj xzsf02u x1s688f\" role=\"link\" href=\"https:\/\/www.facebook.com\/parqueprincipado?__cft__[0]=AZVtSjB6X_GR8WGade4eZLJx4x4F0Yf1O5lh1aXR_mZyMtW_eQmYrF0bwOAClurbshjzcQVNCnSUcOL-FYDTNfQs8f2R3uxfyqZVyOjzO_YkcNg0zmBdL1892kNBQy7qNTG10cEZN4dTtvnn4p3fo3fGuDytiiUoBuUviB4j7RWbMS0QUVxIGKxSDQrqVHHl6ODkEh-zEwlnJviXNi4gksqU4ucGS4Hx7tsqqFwQkNWVpQ&amp;__tn__=-UC%2CP-y-R\" aria-describedby=\":r10t:\"><strong class=\"html-strong xdj266r x11i5rnm xat24cr x1mh8g0r xexx8yu x4uap5 x18d9i69 xkhd6sd x1hl2dhg x16tdsg8 x1vvkbs x1s688f\"><span class=\"html-span xdj266r x11i5rnm xat24cr x1mh8g0r xexx8yu x4uap5 x18d9i69 xkhd6sd x1hl2dhg x16tdsg8 x1vvkbs\">Parque Principado<\/span><\/strong><\/a><\/span><\/span><\/span>\/ <span class=\"html-span xdj266r x11i5rnm xat24cr x1mh8g0r xexx8yu x4uap5 x18d9i69 xkhd6sd x1hl2dhg x16tdsg8 x1vvkbs\"><a class=\"x1i10hfl xjbqb8w x1ejq31n xd10rxx x1sy0etr x17r0tee x972fbf xcfux6l x1qhh985 xm0m39n x9f619 x1ypdohk xt0psk2 xe8uvvx xdj266r x11i5rnm xat24cr x1mh8g0r xexx8yu x4uap5 x18d9i69 xkhd6sd x16tdsg8 x1hl2dhg xggy1nq x1a2a7pz xkrqix3 x1sur9pj x1fey0fg x1s688f\" role=\"link\" href=\"http:\/\/www.parqueprincipado.com\/apertura-real-oviedo?fbclid=IwZXh0bgNhZW0CMTAAAR1Z-CbAhcOmo9ZbahVvFRRkORQsHt_5PobkjxkMrpShffWR0OnydKxagV4_aem_9BjfZA5Rb_uCy6-VTyWxZQ\" target=\"_blank\" rel=\"nofollow noopener noreferrer\">www.parqueprincipado.com\/apertura-real-oviedo.<\/a><\/span><\/div>\n<\/div>\n<div class=\"xu06os2 x1ok221b\">\n<div class=\"html-div xdj266r x11i5rnm xat24cr x1mh8g0r xexx8yu x4uap5 x18d9i69 xkhd6sd\" data-ad-rendering-role=\"profile_name\">\n<p>\u00a1Menuuudo fichaxe!\u00a0 Allugada nel nuesu Pas\u00e9u de les Estrelles (mui cerca del Puntu d&#8217;Informaci\u00f3n) te espera con colecciones de moda, entreno y pas\u00e9u -para muyer, home y ne\u00f1u- am\u00e1s d&#8217;equipaciones oficiales y un espaciu retro con camisetes hist\u00f3riques. \u00a1Bienllegaos!<\/p>\n<p style=\"text-align: center\"><a href=\"https:\/\/www.parqueprincipado.com\/wp-content\/uploads\/2025\/02\/Parque-Principado-Real-Oviedo-035.jpg\"><img loading=\"lazy\" decoding=\"async\" class=\"aligncenter \" src=\"https:\/\/www.parqueprincipado.com\/wp-content\/uploads\/2025\/02\/Parque-Principado-Real-Oviedo-035.jpg\" width=\"215\" height=\"323\" \/><\/a><!--more-->\n<!-- iframe plugin v.6.0 wordpress.org\/plugins\/iframe\/ -->\n<iframe loading=\"lazy\" src=\"https:\/\/www.facebook.com\/plugins\/post.php?href=https%3A%2F%2Fwww.facebook.com%2Fphoto.php%3Ffbid%3D1023933859765915%26set%3Da.629235632569075%26type%3D3&#038;show_text=false&#038;width=500\" width=\"500\" height=\"772\" style=\"border:none;overflow:hidden\" scrolling=\"no\" frameborder=\"0\" allowfullscreen=\"true\" allow=\"autoplay; clipboard-write; encrypted-media; picture-in-picture; web-share\" 0=\"\/iframe\" class=\"iframe-class\"><\/iframe>\n<\/p>\n<\/div>\n<\/div>\n","protected":false},"excerpt":{"rendered":"<p>Parque Principado\/ www.parqueprincipado.com\/apertura-real-oviedo. \u00a1Menuuudo fichaxe!\u00a0 Allugada nel nuesu Pas\u00e9u de les Estrelles (mui cerca del Puntu d&#8217;Informaci\u00f3n) te espera con colecciones de moda, entreno y pas\u00e9u -para muyer, home y ne\u00f1u- am\u00e1s d&#8217;equipaciones oficiales y un espaciu retro con camisetes hist\u00f3riques. \u00a1Bienllegaos!<\/p>\n","protected":false},"author":117,"featured_media":0,"comment_status":"open","ping_status":"open","sticky":false,"template":"","format":"standard","meta":{"footnotes":""},"categories":[133],"tags":[],"class_list":["post-42641","post","type-post","status-publish","format-standard","hentry","category-deportes"],"_links":{"self":[{"href":"https:\/\/edublog.educastur.es\/ixuxu\/wp-json\/wp\/v2\/posts\/42641","targetHints":{"allow":["GET"]}}],"collection":[{"href":"https:\/\/edublog.educastur.es\/ixuxu\/wp-json\/wp\/v2\/posts"}],"about":[{"href":"https:\/\/edublog.educastur.es\/ixuxu\/wp-json\/wp\/v2\/types\/post"}],"author":[{"embeddable":true,"href":"https:\/\/edublog.educastur.es\/ixuxu\/wp-json\/wp\/v2\/users\/117"}],"replies":[{"embeddable":true,"href":"https:\/\/edublog.educastur.es\/ixuxu\/wp-json\/wp\/v2\/comments?post=42641"}],"version-history":[{"count":3,"href":"https:\/\/edublog.educastur.es\/ixuxu\/wp-json\/wp\/v2\/posts\/42641\/revisions"}],"predecessor-version":[{"id":42646,"href":"https:\/\/edublog.educastur.es\/ixuxu\/wp-json\/wp\/v2\/posts\/42641\/revisions\/42646"}],"wp:attachment":[{"href":"https:\/\/edublog.educastur.es\/ixuxu\/wp-json\/wp\/v2\/media?parent=42641"}],"wp:term":[{"taxonomy":"category","embeddable":true,"href":"https:\/\/edublog.educastur.es\/ixuxu\/wp-json\/wp\/v2\/categories?post=42641"},{"taxonomy":"post_tag","embeddable":true,"href":"https:\/\/edublog.educastur.es\/ixuxu\/wp-json\/wp\/v2\/tags?post=42641"}],"curies":[{"name":"wp","href":"https:\/\/api.w.org\/{rel}","templated":true}]}}