{"id":42647,"date":"2025-02-26T10:26:18","date_gmt":"2025-02-26T08:26:18","guid":{"rendered":"https:\/\/edublog.educastur.es\/ixuxu\/?p=42647"},"modified":"2025-02-26T21:42:16","modified_gmt":"2025-02-26T19:42:16","slug":"dia-del-comic-15-de-marzu","status":"publish","type":"post","link":"https:\/\/edublog.educastur.es\/ixuxu\/2025\/02\/dia-del-comic-15-de-marzu\/","title":{"rendered":"D\u00eda del c\u00f3mic (15 de marzu)"},"content":{"rendered":"<div class=\"html-div xdj266r xat24cr x1mh8g0r xexx8yu x4uap5 x18d9i69 xkhd6sd x78zum5 x2lah0s xqtp20y x1emribx\">\n<div class=\"xc9qbxq x1td3qas x6s0dn4 x78zum5 xl56j7k\">\n<div class=\"\" style=\"text-align: center\"><a href=\"https:\/\/www.cultura.gob.es\/.imaging\/mte\/mcd-theme\/cabecera-fondoCabecera\/dam\/mcd\/cultura\/areas\/libro\/mc\/dia-comic-y-tebeo-2025\/dia-del-comic-2025-web3\/jcr:content\/dia-del-comic-2025-web3.jpg\"><img loading=\"lazy\" decoding=\"async\" class=\"aligncenter size-large\" src=\"https:\/\/www.cultura.gob.es\/.imaging\/mte\/mcd-theme\/cabecera-fondoCabecera\/dam\/mcd\/cultura\/areas\/libro\/mc\/dia-comic-y-tebeo-2025\/dia-del-comic-2025-web3\/jcr:content\/dia-del-comic-2025-web3.jpg\" width=\"1280\" height=\"300\" \/><\/a><\/div>\n<\/div>\n<\/div>\n<div class=\"x78zum5 xdt5ytf xz62fqu x16ldp7u\">\n<div class=\"xu06os2 x1ok221b\">\n<div class=\"html-div xdj266r x11i5rnm xat24cr x1mh8g0r xexx8yu x4uap5 x18d9i69 xkhd6sd\" data-ad-rendering-role=\"profile_name\">\n<ul>\n<li class=\"html-h3 x11i5rnm xat24cr x1mh8g0r xexx8yu x4uap5 x18d9i69 xkhd6sd x1vvkbs x1heor9g x1qlqyl8 x1pd3egz x1a2a7pz x1gslohp x1yc453h\"><span class=\"x1lliihq x6ikm8r x10wlt62 x1n2onr6\"><span class=\"xt0psk2\"><span class=\"xjp7ctv\"><a class=\"x1i10hfl xjbqb8w x1ejq31n xd10rxx x1sy0etr x17r0tee x972fbf xcfux6l x1qhh985 xm0m39n x9f619 x1ypdohk xt0psk2 xe8uvvx xdj266r x11i5rnm xat24cr x1mh8g0r xexx8yu x4uap5 x18d9i69 xkhd6sd x16tdsg8 x1hl2dhg xggy1nq x1a2a7pz xkrqix3 x1sur9pj xzsf02u x1s688f\" role=\"link\" href=\"https:\/\/www.facebook.com\/MinisteriodeCultura?__cft__[0]=AZWz_Zp2j64WJ7-qSxByFvYYhU_ClTVd7jxuGlE5o9TrD_tLBmVRmel9kOYX7acwEwwQNg8QtZEbJ16dVKmq3k-RBf5i-nqXHozf90M4nMeZhqmrMAWRqieOjTcbIhIUVxE1NjaBXEK6jHpANSdtsyFFr2KsEt5mfF_rGFYzJOu8_3qG5U2-utPlNsWgi-0QWJ-tXPpnB2F8mh_507vQ_cRiFYLV9lFrPcQTM2VewX9dcw&amp;__tn__=-UC%2CP-y-R\" aria-describedby=\":r2b8:\"><strong class=\"html-strong xdj266r x11i5rnm xat24cr x1mh8g0r xexx8yu x4uap5 x18d9i69 xkhd6sd x1hl2dhg x16tdsg8 x1vvkbs x1s688f\"><span class=\"html-span xdj266r x11i5rnm xat24cr x1mh8g0r xexx8yu x4uap5 x18d9i69 xkhd6sd x1hl2dhg x16tdsg8 x1vvkbs\">Ministerio de Cultura<\/span><\/strong><\/a><\/span><\/span><span class=\"html-span xdj266r x11i5rnm xat24cr x1mh8g0r xexx8yu x4uap5 x18d9i69 xkhd6sd x1hl2dhg x16tdsg8 x1vvkbs x1dor1uw x1n2onr6\"> \/\u00a0 <a href=\"https:\/\/bit.ly\/414KZS0\">https:\/\/bit.ly\/414KZS0\u00a0<\/a>\u00a0 \/<\/span><\/span><a title=\"Enlace externo, se abre en ventana nueva.\" href=\"https:\/\/www.cultura.gob.es\/dam\/jcr:1fb3da4e-c764-4ef5-82c4-d5bb2d0e249c\/02-asturiano-bable-dia-del-comic.pdf\" target=\"_blank\" rel=\"external nofollow noopener\"> <span class=\"titulo\"> Descarga cartel n&#8217;asturianu <\/span><\/a><\/li>\n<\/ul>\n<\/div>\n<\/div>\n<\/div>\n<div class=\"html-div xdj266r x11i5rnm xat24cr x1mh8g0r xexx8yu x4uap5 x18d9i69 xkhd6sd\" dir=\"auto\">\n<div class=\"html-div xdj266r x11i5rnm xat24cr x1mh8g0r xexx8yu x4uap5 x18d9i69 xkhd6sd\" dir=\"auto\">\n<div class=\"html-div xdj266r x11i5rnm xat24cr x1mh8g0r xexx8yu x4uap5 x18d9i69 xkhd6sd\" data-ad-rendering-role=\"story_message\">\n<div class=\"x1l90r2v x1iorvi4 x1ye3gou xn6708d\" data-ad-comet-preview=\"message\" data-ad-preview=\"message\">\n<div class=\"x78zum5 xdt5ytf xz62fqu x16ldp7u\">\n<div class=\"xu06os2 x1ok221b\">\n<div class=\"xdj266r x11i5rnm xat24cr x1mh8g0r x1vvkbs x126k92a\">\n<div dir=\"auto\">Nel <span class=\"html-span xdj266r x11i5rnm xat24cr x1mh8g0r xexx8yu x4uap5 x18d9i69 xkhd6sd x1hl2dhg x16tdsg8 x1vvkbs\"><a class=\"x1i10hfl xjbqb8w x1ejq31n xd10rxx x1sy0etr x17r0tee x972fbf xcfux6l x1qhh985 xm0m39n x9f619 x1ypdohk xt0psk2 xe8uvvx xdj266r x11i5rnm xat24cr x1mh8g0r xexx8yu x4uap5 x18d9i69 xkhd6sd x16tdsg8 x1hl2dhg xggy1nq x1a2a7pz xkrqix3 x1sur9pj x1fey0fg x1s688f\" role=\"link\" href=\"https:\/\/www.facebook.com\/hashtag\/d%C3%ADadelalenguamaterna?__eep__=6&amp;__cft__[0]=AZWz_Zp2j64WJ7-qSxByFvYYhU_ClTVd7jxuGlE5o9TrD_tLBmVRmel9kOYX7acwEwwQNg8QtZEbJ16dVKmq3k-RBf5i-nqXHozf90M4nMeZhqmrMAWRqieOjTcbIhIUVxE1NjaBXEK6jHpANSdtsyFFr2KsEt5mfF_rGFYzJOu8_3qG5U2-utPlNsWgi-0QWJ-tXPpnB2F8mh_507vQ_cRiFYLV9lFrPcQTM2VewX9dcw&amp;__tn__=*NK-y-R\">#D\u00edaDeLaLenguaMaterna<\/a><\/span> celebramos la riqueza y diversid\u00e1 lling\u00fc\u00edstica de les nueses lletres al travi\u00e9s del fomentu y reconocimientu a la creaci\u00f3n nes diverses lling\u00fces del est\u00e1u. <span class=\"html-span xexx8yu x4uap5 x18d9i69 xkhd6sd x1hl2dhg x16tdsg8 x1vvkbs x3nfvp2 x1j61x8r x1fcty0u xdj266r xat24cr xgzva0m xhhsvwb xxymvpz xlup9mm x1kky2od\"><img loading=\"lazy\" decoding=\"async\" class=\"xz74otr\" src=\"https:\/\/static.xx.fbcdn.net\/images\/emoji.php\/v9\/tbc\/1\/16\/1f4e5.png\" alt=\"\ud83d\udce5\" width=\"16\" height=\"16\" \/><\/span> Descarga de baldre&#8217;l cartel del <span class=\"html-span xdj266r x11i5rnm xat24cr x1mh8g0r xexx8yu x4uap5 x18d9i69 xkhd6sd x1hl2dhg x16tdsg8 x1vvkbs\"><a class=\"x1i10hfl xjbqb8w x1ejq31n xd10rxx x1sy0etr x17r0tee x972fbf xcfux6l x1qhh985 xm0m39n x9f619 x1ypdohk xt0psk2 xe8uvvx xdj266r x11i5rnm xat24cr x1mh8g0r xexx8yu x4uap5 x18d9i69 xkhd6sd x16tdsg8 x1hl2dhg xggy1nq x1a2a7pz xkrqix3 x1sur9pj x1fey0fg x1s688f\" role=\"link\" href=\"https:\/\/www.facebook.com\/hashtag\/d%C3%ADadelc%C3%B3mic?__eep__=6&amp;__cft__[0]=AZWz_Zp2j64WJ7-qSxByFvYYhU_ClTVd7jxuGlE5o9TrD_tLBmVRmel9kOYX7acwEwwQNg8QtZEbJ16dVKmq3k-RBf5i-nqXHozf90M4nMeZhqmrMAWRqieOjTcbIhIUVxE1NjaBXEK6jHpANSdtsyFFr2KsEt5mfF_rGFYzJOu8_3qG5U2-utPlNsWgi-0QWJ-tXPpnB2F8mh_507vQ_cRiFYLV9lFrPcQTM2VewX9dcw&amp;__tn__=*NK-y-R\">#D\u00edaDelC\u00f3mic<\/a><\/span> en toes les nueses lling\u00fces.<\/div>\n<\/div>\n<div dir=\"auto\" style=\"text-align: center\"><a href=\"https:\/\/www.cultura.gob.es\/.imaging\/mte\/mcd-theme\/contenido-cgi-mdm\/dam\/mcd\/cultura\/areas\/libro\/mc\/dia-comic-y-tebeo-2025\/cartel\/asturiano-bable-dia-del-comic\/jcr:content\/asturiano-bable-dia-del-comic.png\"><img loading=\"lazy\" decoding=\"async\" class=\"aligncenter \" src=\"https:\/\/www.cultura.gob.es\/.imaging\/mte\/mcd-theme\/contenido-cgi-mdm\/dam\/mcd\/cultura\/areas\/libro\/mc\/dia-comic-y-tebeo-2025\/cartel\/asturiano-bable-dia-del-comic\/jcr:content\/asturiano-bable-dia-del-comic.png\" width=\"475\" height=\"664\" \/><\/a><\/div>\n<\/div>\n<\/div>\n<\/div>\n<\/div>\n<\/div>\n<\/div>\n","protected":false},"excerpt":{"rendered":"<p>Ministerio de Cultura \/\u00a0 https:\/\/bit.ly\/414KZS0\u00a0\u00a0 \/ Descarga cartel n&#8217;asturianu Nel #D\u00edaDeLaLenguaMaterna celebramos la riqueza y diversid\u00e1 lling\u00fc\u00edstica de les nueses lletres al travi\u00e9s del fomentu y reconocimientu a la creaci\u00f3n nes diverses lling\u00fces del est\u00e1u. Descarga de baldre&#8217;l cartel del #D\u00edaDelC\u00f3mic en toes les nueses lling\u00fces.<\/p>\n","protected":false},"author":117,"featured_media":0,"comment_status":"open","ping_status":"open","sticky":false,"template":"","format":"standard","meta":{"footnotes":""},"categories":[214,57,6],"tags":[],"class_list":["post-42647","post","type-post","status-publish","format-standard","hentry","category-cartelos","category-comic","category-dia-de"],"_links":{"self":[{"href":"https:\/\/edublog.educastur.es\/ixuxu\/wp-json\/wp\/v2\/posts\/42647","targetHints":{"allow":["GET"]}}],"collection":[{"href":"https:\/\/edublog.educastur.es\/ixuxu\/wp-json\/wp\/v2\/posts"}],"about":[{"href":"https:\/\/edublog.educastur.es\/ixuxu\/wp-json\/wp\/v2\/types\/post"}],"author":[{"embeddable":true,"href":"https:\/\/edublog.educastur.es\/ixuxu\/wp-json\/wp\/v2\/users\/117"}],"replies":[{"embeddable":true,"href":"https:\/\/edublog.educastur.es\/ixuxu\/wp-json\/wp\/v2\/comments?post=42647"}],"version-history":[{"count":6,"href":"https:\/\/edublog.educastur.es\/ixuxu\/wp-json\/wp\/v2\/posts\/42647\/revisions"}],"predecessor-version":[{"id":42749,"href":"https:\/\/edublog.educastur.es\/ixuxu\/wp-json\/wp\/v2\/posts\/42647\/revisions\/42749"}],"wp:attachment":[{"href":"https:\/\/edublog.educastur.es\/ixuxu\/wp-json\/wp\/v2\/media?parent=42647"}],"wp:term":[{"taxonomy":"category","embeddable":true,"href":"https:\/\/edublog.educastur.es\/ixuxu\/wp-json\/wp\/v2\/categories?post=42647"},{"taxonomy":"post_tag","embeddable":true,"href":"https:\/\/edublog.educastur.es\/ixuxu\/wp-json\/wp\/v2\/tags?post=42647"}],"curies":[{"name":"wp","href":"https:\/\/api.w.org\/{rel}","templated":true}]}}