{"id":42653,"date":"2025-02-26T10:32:29","date_gmt":"2025-02-26T08:32:29","guid":{"rendered":"https:\/\/edublog.educastur.es\/ixuxu\/?p=42653"},"modified":"2025-02-26T10:43:57","modified_gmt":"2025-02-26T08:43:57","slug":"espana-yel-llar-del-66-de-la-poblacion-europea-de-franguesos","status":"publish","type":"post","link":"https:\/\/edublog.educastur.es\/ixuxu\/2025\/02\/espana-yel-llar-del-66-de-la-poblacion-europea-de-franguesos\/","title":{"rendered":"Fundaci\u00f3n para&#8217;l Caltenimientu del Frang\u00fcesos, en Benia d&#8217;Onis"},"content":{"rendered":"<ul>\n<li class=\"html-h2 x11i5rnm xat24cr x1mh8g0r xexx8yu x4uap5 x18d9i69 xkhd6sd x1vvkbs x1heor9g x1qlqyl8 x1pd3egz x1a2a7pz x1gslohp\"><span class=\"x193iq5w xeuugli x13faqbe x1vvkbs x1xmvt09 x1f6kntn xvq8zen xo1l8bm xi81zsa\"><span class=\"xt0psk2\"><span class=\"xjp7ctv\"><a class=\"x1i10hfl xjbqb8w x1ejq31n xd10rxx x1sy0etr x17r0tee x972fbf xcfux6l x1qhh985 xm0m39n x9f619 x1ypdohk xt0psk2 xe8uvvx xdj266r x11i5rnm xat24cr x1mh8g0r xexx8yu x4uap5 x18d9i69 xkhd6sd x16tdsg8 x1hl2dhg xggy1nq x1a2a7pz xkrqix3 x1sur9pj xzsf02u x1s688f\" role=\"link\" href=\"https:\/\/www.facebook.com\/fundacionbiodiversidad?__cft__[0]=AZVNsZ_wGEmh9qictzzNZxXVtaf5dcPDTY-CU-qHeCWJ_9DDkc-eNiKKv9q2IlpMhpwkWtGbFJIBFeWCrGSgqUe5J2-gz0AlCdss6LRRrwgO7iYMTM8Q3ml8lVWmOmr7FAxProgNImq3bwaaXwcyyJii5SM2Va2JdxzuEv_Yhq5bw6WQ2j2_9lHrHCoUaqaPmkXL2U0KNkSOmOPn_W-QOjOBEimsn1pSNSOZCAoTkL-05g&amp;__tn__=-UC*F\" aria-describedby=\":r2jh:\">Fundaci\u00f3n Biodiversidad<\/a><\/span><\/span><\/span><\/li>\n<li><a href=\"https:\/\/www.turismoasturias.es\/organiza-tu-viaje\/deporte-y-aventura\/aventura\/las-montanas-del-quebrantahuesos\">Turismu Asturies<\/a> \/<a href=\"https:\/\/quebrantahuesos.org\/el-centro-las-montanas-del-quebrantahuesos\/\"><strong><span style=\"color: #008080\"> WEB Fundaci\u00f3n<\/span> <\/strong><\/a>\/ <a class=\"fusion-button button-flat fusion-button-default-size button-default fusion-button-default button-4 fusion-button-default-span fusion-button-default-type\" href=\"https:\/\/quebrantahuesos.org\/wp-content\/uploads\/2018\/10\/folletobenia.pdf\" target=\"_blank\" rel=\"noopener noreferrer\"><span class=\"fusion-button-text fusion-button-text-left\">FOLLETO <\/span><\/a>\/\u00a0<a class=\"fusion-button button-flat fusion-button-default-size button-default fusion-button-default button-5 fusion-button-default-span fusion-button-default-type\" href=\"https:\/\/quebrantahuesos.org\/wp-content\/uploads\/2022\/07\/descubrelanaturaleza.pdf\" target=\"_blank\" rel=\"noopener noreferrer\"><span class=\"fusion-button-text fusion-button-text-left\">RUTA Observaci\u00f3n en llibert\u00e1 <\/span><\/a><\/li>\n<li>Centru Biodiversid\u00e1 y Desarrollu Sostenible<strong> \/ <\/strong>985 844 293 \/ conchi@quebrantahuesos.org<\/li>\n<\/ul>\n<p style=\"text-align: center\"><a href=\"https:\/\/quebrantahuesos.org\/wp-content\/uploads\/2023\/06\/Logo-FCQ-600x232.png\"><img loading=\"lazy\" decoding=\"async\" class=\"aligncenter \" src=\"https:\/\/quebrantahuesos.org\/wp-content\/uploads\/2023\/06\/Logo-FCQ-600x232.png\" width=\"395\" height=\"153\" \/><\/a><\/p>\n<p>Espa\u00f1a ye&#8217;l llar del 66% de la poblaci\u00f3n europea de frang\u00fcesos \ud83e\udd85 El caltenimientu nel nuesu pa\u00eds d&#8217;esta emblem\u00e1tica ave carro\u00f1era ye crucial para la so supervivencia. La <strong><span style=\"color: #008080\">Fundaci\u00f3n para&#8217;l Caltenimientu del Frang\u00fcesos<\/span><\/strong> ye una organizaci\u00f3n ensin \u00e1nimu d&#8217;arriquecimientu que xestiona&#8217;l proyectu de reintroducci\u00f3n del frang\u00fcesos nos Picos d&#8217;Europa, una especie declarada en peligru d&#8217;estinci\u00f3n n&#8217;Espa\u00f1a, y que sumi\u00f3 d&#8217;esti territoriu&#8217;l pas\u00e1u sieglu XX.<\/p>\n<p><!--more--><\/p>\n<p>Pretende ser daqu\u00e9 m\u00e1s qu&#8217;un centru d&#8217;interpretaci\u00f3n y de recepci\u00f3n de visitantes, y\u00e1 que foi conceb\u00edu como <span style=\"color: #008080\">un llugar abiertu a la socied\u00e1 nel que se fomenta l&#8217;estudiu ya inter\u00e9s poles ciencies naturales, se promueven y desenvuelven iniciatives de caltenimientu de la naturaleza y desenvolvimientu sostenible, y ent\u00e1mense actividaes de sensibilizaci\u00f3n y educaci\u00f3n ambiental.<\/span><\/p>\n<p style=\"text-align: center\"><a href=\"https:\/\/quebrantahuesos.org\/wp-content\/uploads\/2018\/07\/foto-benia1_b-600x450.jpg\"><img loading=\"lazy\" decoding=\"async\" class=\"aligncenter size-large\" src=\"https:\/\/quebrantahuesos.org\/wp-content\/uploads\/2018\/07\/foto-benia1_b-600x450.jpg\" width=\"600\" height=\"450\" \/><\/a><\/p>\n<p><strong>Programa educativu: \u00ab<\/strong>Naturaleza y Cultura de Monte nos Picos d&#8217;Europa\u00bb ta destin\u00e1u principalmente a Centros d&#8217;Ense\u00f1anza, con preferencia a alumnos de Tercer Ciclu d&#8217;Educaci\u00f3n Primaria (5\u00ba y 6\u00ba)<\/p>\n<p>Apocay\u00e1 punxo en marcha una activid\u00e1 interpretativa dientro del Parque Nacional de los Picos d&#8217;Europa: ye un percorr\u00edu pel \u00e1rea de lliberaci\u00f3n d&#8217;exemplares de frang\u00fcesos, interpret\u00e1u por el mesmu persona t\u00e9cnicu de la FCQ, con quien se comparte una xornada de siguimientu y trabayu de campu aprendiendo coses sobro la especie, les t\u00e9cniques de siguimientu d&#8217;exemplares, y reparando los sos vuelos en llibert\u00e1. El percorr\u00edu incl\u00fai xuna parada nel comederu d&#8217;aves necr\u00f3fagues del Mirador de la Reina, pa conocer la ecolox\u00eda de les especies carro\u00f1eres, y reparales n&#8217;acci\u00f3n.<\/p>\n<p>Esta activid\u00e1 realiza tolos vienres ente los meses de xunu y setiembre, y tien xuna duraci\u00f3n averada d&#8217;unes cuatro hores. Pueden consultase horarios y tarifes nel <span style=\"color: #008080\"><strong>Centru \u2018Los Montes del Frang\u00fcesos&#8217;<\/strong><\/span>, o llamando a los tel\u00e9fonos 985 844 293 \/ 687 080 374<\/p>\n<p>Am\u00e1s, nel Centru \u2018Los Montes del Frang\u00fcesos&#8217;, a<strong>siti\u00e1u na localid\u00e1 de Benia<\/strong>, ufi\u00e9rtense tami\u00e9n visites empuestes y otres actividaes. Nelles dase a conocer tola naturaleza de los Picos d&#8217;Europa y les fondes interacciones esistentes ente estos pimpanos montes, los seres vivos que les habiten y xuna especie emblem\u00e1tica como&#8217;l frang\u00fcesos, que vuelve g\u00fcei a habitales dempu\u00e9s de la so espulsi\u00f3n per parte del ser humanu.<\/p>\n<p style=\"text-align: center\"><a href=\"https:\/\/quebrantahuesos.org\/wp-content\/uploads\/2018\/07\/foto-benia-n5_b-600x400.jpg\"><img loading=\"lazy\" decoding=\"async\" class=\"aligncenter size-large\" src=\"https:\/\/quebrantahuesos.org\/wp-content\/uploads\/2018\/07\/foto-benia-n5_b-600x400.jpg\" width=\"600\" height=\"400\" \/><\/a><\/p>\n<p style=\"text-align: center\">]iframe src=\u00bbhttps:\/\/www.facebook.com\/plugins\/post.php?href=https%3A%2F%2Fwww.facebook.com%2Ffundacionbiodiversidad%2Fposts%2Fpfbid0JbKgQViVAZtfwad2uuvKR3S2z9wx7nFot6TKoz9AD8SBKUuD99eKdVBUjXspdwqcl&amp;show_text=false&amp;width=500&#8243; width=\u00bb500&#8243; height=\u00bb498&#8243; style=\u00bbborder:none;overflow:hidden\u00bb scrolling=\u00bbno\u00bb frameborder=\u00bb0&#8243; allowfullscreen=\u00bbtrue\u00bb allow=\u00bbautoplay; clipboard-write; encrypted-media; picture-in-picture; web-share\u00bb \/iframe]<\/p>\n","protected":false},"excerpt":{"rendered":"<p>Fundaci\u00f3n Biodiversidad Turismu Asturies \/ WEB Fundaci\u00f3n \/ FOLLETO \/\u00a0RUTA Observaci\u00f3n en llibert\u00e1 Centru Biodiversid\u00e1 y Desarrollu Sostenible \/ 985 844 293 \/ conchi@quebrantahuesos.org Espa\u00f1a ye&#8217;l llar del 66% de la poblaci\u00f3n europea de frang\u00fcesos \ud83e\udd85 El caltenimientu nel nuesu pa\u00eds d&#8217;esta emblem\u00e1tica ave carro\u00f1era ye crucial para la so supervivencia. La Fundaci\u00f3n para&#8217;l Caltenimientu [&hellip;]<\/p>\n","protected":false},"author":117,"featured_media":0,"comment_status":"open","ping_status":"open","sticky":false,"template":"","format":"standard","meta":{"footnotes":""},"categories":[15],"tags":[],"class_list":["post-42653","post","type-post","status-publish","format-standard","hentry","category-museos"],"_links":{"self":[{"href":"https:\/\/edublog.educastur.es\/ixuxu\/wp-json\/wp\/v2\/posts\/42653","targetHints":{"allow":["GET"]}}],"collection":[{"href":"https:\/\/edublog.educastur.es\/ixuxu\/wp-json\/wp\/v2\/posts"}],"about":[{"href":"https:\/\/edublog.educastur.es\/ixuxu\/wp-json\/wp\/v2\/types\/post"}],"author":[{"embeddable":true,"href":"https:\/\/edublog.educastur.es\/ixuxu\/wp-json\/wp\/v2\/users\/117"}],"replies":[{"embeddable":true,"href":"https:\/\/edublog.educastur.es\/ixuxu\/wp-json\/wp\/v2\/comments?post=42653"}],"version-history":[{"count":12,"href":"https:\/\/edublog.educastur.es\/ixuxu\/wp-json\/wp\/v2\/posts\/42653\/revisions"}],"predecessor-version":[{"id":42665,"href":"https:\/\/edublog.educastur.es\/ixuxu\/wp-json\/wp\/v2\/posts\/42653\/revisions\/42665"}],"wp:attachment":[{"href":"https:\/\/edublog.educastur.es\/ixuxu\/wp-json\/wp\/v2\/media?parent=42653"}],"wp:term":[{"taxonomy":"category","embeddable":true,"href":"https:\/\/edublog.educastur.es\/ixuxu\/wp-json\/wp\/v2\/categories?post=42653"},{"taxonomy":"post_tag","embeddable":true,"href":"https:\/\/edublog.educastur.es\/ixuxu\/wp-json\/wp\/v2\/tags?post=42653"}],"curies":[{"name":"wp","href":"https:\/\/api.w.org\/{rel}","templated":true}]}}