{"id":42671,"date":"2025-02-26T10:50:02","date_gmt":"2025-02-26T08:50:02","guid":{"rendered":"https:\/\/edublog.educastur.es\/ixuxu\/?p=42671"},"modified":"2025-02-26T21:41:16","modified_gmt":"2025-02-26T19:41:16","slug":"contando-colos-deos-premiu-ma-josefa-canellada","status":"publish","type":"post","link":"https:\/\/edublog.educastur.es\/ixuxu\/2025\/02\/contando-colos-deos-premiu-ma-josefa-canellada\/","title":{"rendered":"Volume de relatos &#8216;Contando colos deos&#8217;"},"content":{"rendered":"<p style=\"text-align: center\">\n<!-- iframe plugin v.6.0 wordpress.org\/plugins\/iframe\/ -->\n<iframe loading=\"lazy\" src=\"https:\/\/www.facebook.com\/plugins\/post.php?href=https%3A%2F%2Fwww.facebook.com%2Fisa.lobo.35%2Fposts%2Fpfbid0bUcL1pRZrbaEDMtK5ZTe7tkE6aEtoemfCeewbrnhnQVbUkwaLnQCFC2jL2bNBAX1l&#038;show_text=true&#038;width=600\" width=\"600\" height=\"434\" style=\"border:none;overflow:hidden\" scrolling=\"no\" frameborder=\"0\" allowfullscreen=\"true\" allow=\"autoplay; clipboard-write; encrypted-media; picture-in-picture; web-share\" 0=\"\/iframe\" class=\"iframe-class\"><\/iframe>\n<\/p>\n<div class=\"v-a-info-c \">\n<ul>\n<li>Fonte:<a href=\"https:\/\/www.elcomercio.es\/sociedad\/alitar-asturies\/ritmu-descritura-dir-poconin-poco-20230929005302-nt.html\"> El Comercio<\/a> \/<a href=\"https:\/\/improntaeditorial.com\/libros\/contando-colos-deos\/\"> Ficha editorial Impronta<\/a> \/<\/li>\n<\/ul>\n<p>Xos\u00e9 Anxelu Guti\u00e9rrez Mor\u00e1n: poeta y narrador aviles\u00edn, Premiu Acebal de Poes\u00eda y XVI premiu Mar\u00eda Josefa Canellada col volume de relatos <strong>&#8216;Contando colos deos&#8217;<\/strong>.<\/p>\n<\/div>\n<p><!--more--><\/p>\n<p class=\"v-p\">\u00abEl mio obxetivu yera facer unos cuentos que fueren participativos pa involucrar nellos tanto a los rapacinos como al contador\u00bb. Nac\u00edos va unos a\u00f1os, mientres la estancia del so autor n&#8217;Arabia Saud\u00ed como docente de la Universid\u00e1 Rei Abdullah de Ciencia y Tecnolox\u00eda, los relatos qu&#8217;ig\u00fcen &#8216;Contar colos deos&#8217; y otros qu&#8217;a la fin quedaron fuera, tuvieron como primer receptor al so f\u00edu Mael, pal que los foi imaxinando col fin d&#8217;entretenelu enantes de durmise. Les manes del p\u00e1 yeren les ferramientes coles que s&#8217;aidaba pa construir situaciones y personaxes \u00abfaciendo traces colos deos\u00bb y por eso, los testos que present\u00f3 al premiu, van preced\u00edos d&#8217;unos dibuxos nos que se representen les estremaes figures dixitales pa lleelos en voz alto y que fexo Nora, la so otra ne\u00f1a.<\/p>\n<p style=\"text-align: center\"><a href=\"https:\/\/improntaeditorial.com\/wp-content\/uploads\/2024\/10\/Cubierta-Contando-colos-deos-1320x1353.jpg\"><img loading=\"lazy\" decoding=\"async\" class=\"aligncenter \" src=\"https:\/\/improntaeditorial.com\/wp-content\/uploads\/2024\/10\/Cubierta-Contando-colos-deos-1320x1353.jpg\" width=\"512\" height=\"525\" \/><\/a><\/p>\n<p class=\"v-p\">L&#8217;escritor aviles\u00edn se\u00f1ala que&#8217;l so enfotu a la d&#8217;escribir estos doce cuentinos breves ye&#8217;l de que, cuando se editen, pueda producise dalgo asemeyao a esa esperiencia qu&#8217;a lo llargo de munches nueches compartieron el so f\u00edu Mael y \u00e9l mesmu. Los rapacinos a los que van empobinaos, as\u00edtialos nuna franxa d&#8217;ed\u00e1 como la que ten\u00eda el suyu naquel ent\u00f3s: ente los cinco o seis y los once a\u00f1os. \u00ab\u00c9l tien agora doce cumpl\u00edos y de xuro que-y va prestar en dalg\u00fan momentu saber que tuvo bastante que ver nesta historia, anque los cuentos ya nun-y lleguen\u00bb, apunta&#8217;l so autor.<\/p>\n<p style=\"text-align: center\"><a href=\"https:\/\/improntaeditorial.com\/wp-content\/uploads\/2024\/10\/CCLD_1.jpg\"><img loading=\"lazy\" decoding=\"async\" class=\"aligncenter \" src=\"https:\/\/improntaeditorial.com\/wp-content\/uploads\/2024\/10\/CCLD_1.jpg\" width=\"306\" height=\"306\" \/><\/a><\/p>\n<p class=\"p1\"><em><span style=\"color: #008080\">Nesti pi\u00f1u de doce cuentinos vais descubrir que los deos de les manes, esos amigos nuestros tan ama\u00f1osos pa tantes coses, valen igual pa echar cuentes que pa contar cuentos.<\/span><\/em><\/p>\n<p class=\"p1\"><em><span style=\"color: #008080\">Discurri\u00f3los el so autor pa lleer n\u2019alto y pa disfrutalos como un xuegu ente los mayores y la reciella (ma, p\u00e1, gu\u0308elu, gu\u0308ela, t\u00eda, t\u00edu, hermanu, hermana, rapac\u00edn o rapacina\u2026). Nun s\u00e9 v\u00f3s, pero yo nun hubo cuentu que nun me contaren nin contara delles veces. Polo menos, tantes como deos hai nes manes.<\/span><\/em><\/p>\n<p class=\"p1\"><em><span style=\"color: #008080\">Cont\u00e1i, cont\u00e1i.<\/span><\/em><\/p>\n<p style=\"text-align: center\"><a href=\"https:\/\/improntaeditorial.com\/wp-content\/uploads\/2024\/10\/CCLD_7.jpg\"><img loading=\"lazy\" decoding=\"async\" class=\"aligncenter \" src=\"https:\/\/improntaeditorial.com\/wp-content\/uploads\/2024\/10\/CCLD_7.jpg\" width=\"281\" height=\"281\" \/><\/a><\/p>\n<p>&nbsp;<\/p>\n<p style=\"text-align: center\"><a href=\"https:\/\/encrypted-tbn0.gstatic.com\/images?q=tbn:ANd9GcRYEVZHaZS92dMJIY5yO52fjUauAcxwiPbUCQ&amp;s\"><img loading=\"lazy\" decoding=\"async\" class=\"aligncenter size-large\" src=\"https:\/\/encrypted-tbn0.gstatic.com\/images?q=tbn:ANd9GcRYEVZHaZS92dMJIY5yO52fjUauAcxwiPbUCQ&amp;s\" width=\"278\" height=\"181\" \/><\/a><\/p>\n<p class=\"v-p\">Doctor en Biolox\u00eda pola Universid\u00e1 d&#8217;Uvi\u00e9u ya investigador del Centru Oceanogr\u00e1ficu de Xix\u00f3n, Xos\u00e9 Anxelu Guti\u00e9rrez Mor\u00e1n si\u00e9ntese enantes que nada poeta. L&#8217;autor d&#8217;obres como &#8216;Pa\u00edses&#8217; (Trabe, 2009), &#8216;Diversa memoria&#8217; (Trabe, 2012) y &#8216;Un ciertu desorde&#8217; (Suburbia, 2012), revela que \u00abla poes\u00eda ye&#8217;l x\u00e9neru nel que me siento m\u00e1s c\u00f3modu, perm\u00edtime dir a un ritmu lentu de trabayu que ye&#8217;l m\u00edu al escribir, dir faciendo un poema con tol tiempu del mundu y despu\u00e9s poneme a xuntalos\u00bb. Nesi sen, inda nun lo descarte dafechu, nun dulda n&#8217;afirmar que \u00abuna novela g\u00fcei per g\u00fcei escede les mios capacidaes de trabayu\u00bb.<\/p>\n<p style=\"text-align: center\"><a href=\"https:\/\/s2.ppllstatics.com\/elcomercio\/www\/multimedia\/2023\/09\/29\/87635456--1200x840.jpg\"><img loading=\"lazy\" decoding=\"async\" class=\"aligncenter size-large\" src=\"https:\/\/s2.ppllstatics.com\/elcomercio\/www\/multimedia\/2023\/09\/29\/87635456--1200x840.jpg\" width=\"1200\" height=\"840\" \/><\/a><\/p>\n<h1 class=\"v-a-t\">\u00abEl mio ritmu d&#8217;escritura ye dir poco\u00f1\u00edn a poco\u00bb<\/h1>\n","protected":false},"excerpt":{"rendered":"<p>Fonte: El Comercio \/ Ficha editorial Impronta \/ Xos\u00e9 Anxelu Guti\u00e9rrez Mor\u00e1n: poeta y narrador aviles\u00edn, Premiu Acebal de Poes\u00eda y XVI premiu Mar\u00eda Josefa Canellada col volume de relatos &#8216;Contando colos deos&#8217;.<\/p>\n","protected":false},"author":117,"featured_media":0,"comment_status":"open","ping_status":"open","sticky":false,"template":"","format":"standard","meta":{"footnotes":""},"categories":[7,10],"tags":[],"class_list":["post-42671","post","type-post","status-publish","format-standard","hentry","category-cuentos","category-llibros-reciella"],"_links":{"self":[{"href":"https:\/\/edublog.educastur.es\/ixuxu\/wp-json\/wp\/v2\/posts\/42671","targetHints":{"allow":["GET"]}}],"collection":[{"href":"https:\/\/edublog.educastur.es\/ixuxu\/wp-json\/wp\/v2\/posts"}],"about":[{"href":"https:\/\/edublog.educastur.es\/ixuxu\/wp-json\/wp\/v2\/types\/post"}],"author":[{"embeddable":true,"href":"https:\/\/edublog.educastur.es\/ixuxu\/wp-json\/wp\/v2\/users\/117"}],"replies":[{"embeddable":true,"href":"https:\/\/edublog.educastur.es\/ixuxu\/wp-json\/wp\/v2\/comments?post=42671"}],"version-history":[{"count":14,"href":"https:\/\/edublog.educastur.es\/ixuxu\/wp-json\/wp\/v2\/posts\/42671\/revisions"}],"predecessor-version":[{"id":42748,"href":"https:\/\/edublog.educastur.es\/ixuxu\/wp-json\/wp\/v2\/posts\/42671\/revisions\/42748"}],"wp:attachment":[{"href":"https:\/\/edublog.educastur.es\/ixuxu\/wp-json\/wp\/v2\/media?parent=42671"}],"wp:term":[{"taxonomy":"category","embeddable":true,"href":"https:\/\/edublog.educastur.es\/ixuxu\/wp-json\/wp\/v2\/categories?post=42671"},{"taxonomy":"post_tag","embeddable":true,"href":"https:\/\/edublog.educastur.es\/ixuxu\/wp-json\/wp\/v2\/tags?post=42671"}],"curies":[{"name":"wp","href":"https:\/\/api.w.org\/{rel}","templated":true}]}}