{"id":42752,"date":"2025-02-26T21:48:50","date_gmt":"2025-02-26T19:48:50","guid":{"rendered":"https:\/\/edublog.educastur.es\/ixuxu\/?p=42752"},"modified":"2025-02-26T22:00:58","modified_gmt":"2025-02-26T20:00:58","slug":"arcadi-moradell-va-encargase-de-faer-el-cartelu-del-descensu-del-sella-2025","status":"publish","type":"post","link":"https:\/\/edublog.educastur.es\/ixuxu\/2025\/02\/arcadi-moradell-va-encargase-de-faer-el-cartelu-del-descensu-del-sella-2025\/","title":{"rendered":"Arcadi Moradell va encargase de faer el cartelu del Descensu del Sella 2025"},"content":{"rendered":"<ul>\n<li>Fonte: <a href=\"https:\/\/www.elfielato.es\/articulo\/deportes\/arcadi-moradell-encargara-hacer-cartel-descenso-sella-2025\/20250224105301075589.html?fbclid=IwY2xjawIsTv1leHRuA2FlbQIxMQABHbZk0Uiyu4T2VZc0mO96kI_BD7nN3zzx6XXlFcHejcs9R01tOXxtjsYMkg_aem_3nF1iPXJw1KerPgCCMLIrg\">El Fielato<\/a> \/<\/li>\n<\/ul>\n<p>Arcadi Moradell, el dise\u00f1ador catal\u00e1n, autor del logotipu y lema <strong>\u00abAsturies Para\u00edsu Natural\u00bb<\/strong>, va ser l&#8217;encarg\u00e1u de dise\u00f1ar el cartelu anunciador del 87.\u00ba Descensu Internacional del Sella, que se va apostar el pr\u00f3ximu 9 d&#8217;agostu.<\/p>\n<p style=\"text-align: center\"><a href=\"https:\/\/www.elfielato.es\/asset\/thumbnail,1920,1080,center,center\/media\/elfielato\/images\/2025\/01\/24\/2025012416021036113.jpg\"><img loading=\"lazy\" decoding=\"async\" class=\"aligncenter size-large\" src=\"https:\/\/www.elfielato.es\/asset\/thumbnail,1920,1080,center,center\/media\/elfielato\/images\/2025\/01\/24\/2025012416021036113.jpg\" width=\"1000\" height=\"707\" \/><\/a><\/p>\n<p style=\"text-align: center\">Moradell recoyendo la placa conmemorativa del 40 aniversariu de <strong>\u00abAsturies Para\u00edsu Natural\u00bb<\/strong>, en Madrid<\/p>\n<p><!--more--><\/p>\n<p>L&#8217;alcuerdu por que Moradell f\u00e1igase cargu del dise\u00f1u del cartelu del Sella qued\u00f3 pr\u00e1cticamente cerr\u00e1u&#8217;l pas\u00e1u mes de xineru en Fitur, onde Moradell recibi\u00f3 un homenaxe per parte del Princip\u00e1u nel *estand d&#8217;Asturies, mientres la conmemoraci\u00f3n del 40 aniversariu del estrenu del logotipu y lema \u00abAsturies Para\u00edsu Natural\u00bb.<\/p>\n<p>El Comit\u00e9 Organizador del Descensu Internacional del Sella (CODIS) apueste pol reput\u00e1u dise\u00f1ador, qu&#8217;en septiembre va ser nom\u00e1u F\u00edu Adoptivu d&#8217;Asturies.<\/p>\n<p>Moradell, qu&#8217;aquel d\u00eda asegur\u00f3 a&#8217;l FIELATU \u2013que guard\u00f3 la discrecci\u00f3n que nos pidi\u00f3\u2013, qu&#8217;\u00e9l seria l&#8217;encargu de dise\u00f1ar el cartelu amos\u00f3se \u00abilusion\u00e1u\u00bb col encargu. Moradell va recoyer en septiembre el nomamientu de <strong>F\u00edu Adoptivu d&#8217;Asturies<\/strong>.<\/p>\n","protected":false},"excerpt":{"rendered":"<p>Fonte: El Fielato \/ Arcadi Moradell, el dise\u00f1ador catal\u00e1n, autor del logotipu y lema \u00abAsturies Para\u00edsu Natural\u00bb, va ser l&#8217;encarg\u00e1u de dise\u00f1ar el cartelu anunciador del 87.\u00ba Descensu Internacional del Sella, que se va apostar el pr\u00f3ximu 9 d&#8217;agostu. Moradell recoyendo la placa conmemorativa del 40 aniversariu de \u00abAsturies Para\u00edsu Natural\u00bb, en Madrid<\/p>\n","protected":false},"author":117,"featured_media":0,"comment_status":"open","ping_status":"open","sticky":false,"template":"","format":"standard","meta":{"footnotes":""},"categories":[214],"tags":[],"class_list":["post-42752","post","type-post","status-publish","format-standard","hentry","category-cartelos"],"_links":{"self":[{"href":"https:\/\/edublog.educastur.es\/ixuxu\/wp-json\/wp\/v2\/posts\/42752","targetHints":{"allow":["GET"]}}],"collection":[{"href":"https:\/\/edublog.educastur.es\/ixuxu\/wp-json\/wp\/v2\/posts"}],"about":[{"href":"https:\/\/edublog.educastur.es\/ixuxu\/wp-json\/wp\/v2\/types\/post"}],"author":[{"embeddable":true,"href":"https:\/\/edublog.educastur.es\/ixuxu\/wp-json\/wp\/v2\/users\/117"}],"replies":[{"embeddable":true,"href":"https:\/\/edublog.educastur.es\/ixuxu\/wp-json\/wp\/v2\/comments?post=42752"}],"version-history":[{"count":5,"href":"https:\/\/edublog.educastur.es\/ixuxu\/wp-json\/wp\/v2\/posts\/42752\/revisions"}],"predecessor-version":[{"id":42765,"href":"https:\/\/edublog.educastur.es\/ixuxu\/wp-json\/wp\/v2\/posts\/42752\/revisions\/42765"}],"wp:attachment":[{"href":"https:\/\/edublog.educastur.es\/ixuxu\/wp-json\/wp\/v2\/media?parent=42752"}],"wp:term":[{"taxonomy":"category","embeddable":true,"href":"https:\/\/edublog.educastur.es\/ixuxu\/wp-json\/wp\/v2\/categories?post=42752"},{"taxonomy":"post_tag","embeddable":true,"href":"https:\/\/edublog.educastur.es\/ixuxu\/wp-json\/wp\/v2\/tags?post=42752"}],"curies":[{"name":"wp","href":"https:\/\/api.w.org\/{rel}","templated":true}]}}