{"id":42766,"date":"2025-02-26T22:08:29","date_gmt":"2025-02-26T20:08:29","guid":{"rendered":"https:\/\/edublog.educastur.es\/ixuxu\/?p=42766"},"modified":"2025-02-26T22:11:10","modified_gmt":"2025-02-26T20:11:10","slug":"ufierta-los-programes-educativos-zinkers-sobro-transicion-ecoloxica-y-sostenibilida-pa-primaria","status":"publish","type":"post","link":"https:\/\/edublog.educastur.es\/ixuxu\/2025\/02\/ufierta-los-programes-educativos-zinkers-sobro-transicion-ecoloxica-y-sostenibilida-pa-primaria\/","title":{"rendered":"Programes educativos Zinkers sobro transici\u00f3n ecol\u00f3xica y sostenibilid\u00e1"},"content":{"rendered":"<div class=\"html-div xdj266r x11i5rnm xat24cr x1mh8g0r xexx8yu x1a8lsjc x1swvt13 x1pi30zi\">\n<div class=\"html-div xdj266r x11i5rnm xat24cr x1mh8g0r xexx8yu x4uap5 x18d9i69 xkhd6sd x1jx94hy x78zum5 x1q0g3np\">\n<div class=\"x78zum5 xdt5ytf xz62fqu x16ldp7u\">\n<div class=\"xu06os2 x1ok221b\">\n<div class=\"html-div xdj266r x11i5rnm xat24cr x1mh8g0r xexx8yu x4uap5 x18d9i69 xkhd6sd\" data-ad-rendering-role=\"profile_name\">\n<ul>\n<li class=\"html-h3 x11i5rnm xat24cr x1mh8g0r xexx8yu x4uap5 x18d9i69 xkhd6sd x1vvkbs x1heor9g x1qlqyl8 x1pd3egz x1a2a7pz x1gslohp x1yc453h\"><span class=\"x1lliihq x6ikm8r x10wlt62 x1n2onr6\"><span class=\"xt0psk2\"><a class=\"x1i10hfl xjbqb8w x1ejq31n xd10rxx x1sy0etr x17r0tee x972fbf xcfux6l x1qhh985 xm0m39n x9f619 x1ypdohk xt0psk2 xe8uvvx xdj266r x11i5rnm xat24cr x1mh8g0r xexx8yu x4uap5 x18d9i69 xkhd6sd x16tdsg8 x1hl2dhg xggy1nq x1a2a7pz xkrqix3 x1sur9pj xzsf02u x1s688f\" role=\"link\" href=\"https:\/\/www.facebook.com\/educastur?__cft__[0]=AZU-FklTQXWsICKgedwb1zcX2GrvPThbt4icKBfuJxtH0pD8sQFBCP3qCW_H1bfOkHPbJfMxCuIOTbRZqTqhHnbddgLkd5evAgwxDGsXOfYZHHhrT3uBGNm0YTv-KkFVuPCJnKoQdExIlXqyqJNdiS3CBHGTxeFNhElx2bZhbJDycnJtBRQrjrc8ZutbvCszFO97dXd4BuemPnw834c9jCHd0M0Uvxo69o85fyMy1dNOBw&amp;__tn__=-UC%2CP-y-R\" aria-describedby=\":r165:\"><strong class=\"html-strong xdj266r x11i5rnm xat24cr x1mh8g0r xexx8yu x4uap5 x18d9i69 xkhd6sd x1hl2dhg x16tdsg8 x1vvkbs x1s688f\"><span class=\"html-span xdj266r x11i5rnm xat24cr x1mh8g0r xexx8yu x4uap5 x18d9i69 xkhd6sd x1hl2dhg x16tdsg8 x1vvkbs\">Conseyer\u00eda d&#8217;Educaci\u00f3n del Principado<\/span><\/strong><\/a><\/span><\/span><span style=\"font-size: 16px\">\/ <\/span><span class=\"html-span xexx8yu x4uap5 x18d9i69 xkhd6sd x1hl2dhg x16tdsg8 x1vvkbs x3nfvp2 x1j61x8r x1fcty0u xdj266r xat24cr xgzva0m xhhsvwb xxymvpz xlup9mm x1kky2od\" style=\"font-size: 16px\"><img loading=\"lazy\" decoding=\"async\" class=\"xz74otr\" src=\"https:\/\/static.xx.fbcdn.net\/images\/emoji.php\/v9\/tac\/1\/16\/1f4cc.png\" alt=\"\ud83d\udccc\" width=\"16\" height=\"16\" \/><\/span><span style=\"font-size: 16px\"> La <\/span><span class=\"html-span xdj266r x11i5rnm xat24cr x1mh8g0r xexx8yu x4uap5 x18d9i69 xkhd6sd x1hl2dhg x16tdsg8 x1vvkbs\" style=\"font-size: 16px\"><a class=\"x1i10hfl xjbqb8w x1ejq31n xd10rxx x1sy0etr x17r0tee x972fbf xcfux6l x1qhh985 xm0m39n x9f619 x1ypdohk xt0psk2 xe8uvvx xdj266r x11i5rnm xat24cr x1mh8g0r xexx8yu x4uap5 x18d9i69 xkhd6sd x16tdsg8 x1hl2dhg xggy1nq x1a2a7pz xkrqix3 x1sur9pj x1fey0fg x1s688f\" role=\"link\" href=\"https:\/\/www.facebook.com\/FundacionRepsol?__cft__[0]=AZU-FklTQXWsICKgedwb1zcX2GrvPThbt4icKBfuJxtH0pD8sQFBCP3qCW_H1bfOkHPbJfMxCuIOTbRZqTqhHnbddgLkd5evAgwxDGsXOfYZHHhrT3uBGNm0YTv-KkFVuPCJnKoQdExIlXqyqJNdiS3CBHGTxeFNhElx2bZhbJDycnJtBRQrjrc8ZutbvCszFO97dXd4BuemPnw834c9jCHd0M0Uvxo69o85fyMy1dNOBw&amp;__tn__=-]K-y-R\"><span class=\"xt0psk2\"><span class=\"xjp7ctv\"><span aria-describedby=\":r16a:\">Fundaci\u00f3n Repsol<\/span><\/span><\/span><\/a><\/span><span style=\"font-size: 16px\"> \/ <\/span><span class=\"html-span xexx8yu x4uap5 x18d9i69 xkhd6sd x1hl2dhg x16tdsg8 x1vvkbs x3nfvp2 x1j61x8r x1fcty0u xdj266r xat24cr xgzva0m xhhsvwb xxymvpz xlup9mm x1kky2od\" style=\"font-size: 16px\"><img loading=\"lazy\" decoding=\"async\" class=\"xz74otr\" src=\"https:\/\/static.xx.fbcdn.net\/images\/emoji.php\/v9\/ta2\/1\/16\/1f9f7.png\" alt=\"\ud83e\uddf7\" width=\"16\" height=\"16\" \/><\/span><span class=\"html-span xdj266r x11i5rnm xat24cr x1mh8g0r xexx8yu x4uap5 x18d9i69 xkhd6sd x1hl2dhg x16tdsg8 x1vvkbs\" style=\"font-size: 16px\"><a class=\"x1i10hfl xjbqb8w x1ejq31n xd10rxx x1sy0etr x17r0tee x972fbf xcfux6l x1qhh985 xm0m39n x9f619 x1ypdohk xt0psk2 xe8uvvx xdj266r x11i5rnm xat24cr x1mh8g0r xexx8yu x4uap5 x18d9i69 xkhd6sd x16tdsg8 x1hl2dhg xggy1nq x1a2a7pz xkrqix3 x1sur9pj x1fey0fg x1s688f\" role=\"link\" href=\"https:\/\/acortar.link\/578NBB?fbclid=IwZXh0bgNhZW0CMTAAAR0ImlQvcN7a-hURAAEdNdEMzakdsb9wbmCZbFyyn6SyxXr_yL5aNlKJSZs_aem_LFQNSzKBJy8cmVXpTMrI_Q\" target=\"_blank\" rel=\"nofollow noopener noreferrer\"> https:\/\/acortar.link\/578NB<\/a><\/span><span style=\"font-size: 16px\">B \/ <a href=\"https:\/\/zinkers.fundacionrepsol.com\"><strong>ZINKERS<\/strong> <\/a>\/ <a href=\"https:\/\/www.educastur.es\/-\/zinkers-programas-educativos-sostenibilidad-2025?redirect=%2F\"><strong>Educastur<\/strong><\/a><\/span><\/li>\n<\/ul>\n<\/div>\n<\/div>\n<\/div>\n<\/div>\n<\/div>\n<div class=\"html-div xdj266r x11i5rnm xat24cr x1mh8g0r xexx8yu x4uap5 x18d9i69 xkhd6sd\" dir=\"auto\">\n<div class=\"html-div xdj266r x11i5rnm xat24cr x1mh8g0r xexx8yu x4uap5 x18d9i69 xkhd6sd\" dir=\"auto\">\n<div class=\"html-div xdj266r x11i5rnm xat24cr x1mh8g0r xexx8yu x4uap5 x18d9i69 xkhd6sd\" data-ad-rendering-role=\"story_message\">\n<div class=\"x1l90r2v x1iorvi4 x1ye3gou xn6708d\" data-ad-comet-preview=\"message\" data-ad-preview=\"message\">\n<div class=\"x78zum5 xdt5ytf xz62fqu x16ldp7u\">\n<div class=\"xu06os2 x1ok221b\">\n<div class=\"x11i5rnm xat24cr x1mh8g0r x1vvkbs xtlvy1s x126k92a\">\n<div dir=\"auto\">La Fundaci\u00f3n Repsol ufierta los programes educativos Zinkers sobro transici\u00f3n ecol\u00f3xica y sostenibilid\u00e1 pa Primaria, Secundaria y Formaci\u00f3n Profesional.<\/div>\n<div dir=\"auto\"><\/div>\n<div dir=\"auto\">\u00a0 <a href=\"https:\/\/covers.odilo.io\/bookClub\/clubs\/images\/image_1716299525931_name_rs_CaratulasWeb_1erCICLO_large_318x451.png\"><img loading=\"lazy\" decoding=\"async\" class=\"alignnone \" src=\"https:\/\/covers.odilo.io\/bookClub\/clubs\/images\/image_1716299525931_name_rs_CaratulasWeb_1erCICLO_large_318x451.png\" width=\"161\" height=\"228\" \/><\/a>\/\u00a0 <a href=\"https:\/\/covers.odilo.io\/bookClub\/clubs\/images\/image_1716299286023_name_rs_CaratulasWeb_2%C2%BACICLO_large_318x451.png\"><img loading=\"lazy\" decoding=\"async\" class=\"alignnone \" src=\"https:\/\/covers.odilo.io\/bookClub\/clubs\/images\/image_1716299286023_name_rs_CaratulasWeb_2%C2%BACICLO_large_318x451.png\" width=\"159\" height=\"226\" \/><\/a>\u00a0\/\u00a0 <a href=\"https:\/\/covers.odilo.io\/bookClub\/clubs\/images\/image_1716299018234_name_rs_CaratulasWeb_3erCICLO_large_318x451.png\"><img loading=\"lazy\" decoding=\"async\" class=\"alignnone \" src=\"https:\/\/covers.odilo.io\/bookClub\/clubs\/images\/image_1716299018234_name_rs_CaratulasWeb_3erCICLO_large_318x451.png\" width=\"155\" height=\"220\" \/><\/a>\u00a0\/<\/div>\n<ul>\n<li dir=\"auto\">Ciclu: Primer \/ Segundu\/ Tercer<\/li>\n<\/ul>\n<\/div>\n<p>\ud83d\udc4b \u00a1D\u00e1mosvos la bienvenida a<a href=\"https:\/\/zinkers.fundacionrepsol.com\/\"><strong> Zinkers Primaria: Esploradores<\/strong><\/a>! Un proyectu educativu nel qu&#8217;al pie de Laura y Jaime vais esquizar la hestoria, <strong>para conocer los principales retos sobro l&#8217;agua, la enerx\u00eda, el mediuambiente, la movilid\u00e1 y la sostenibilid\u00e1,<\/strong> coles mires de plantegar idees que nos ayude a contribuyir colos Oxetivos de Desenvolvimientu Sostenible (ODS) defin\u00edos na Axenda 2030, que s&#8217;alcord\u00f3 nel cume de Par\u00eds de 2015.<\/p>\n<p><!--more--><\/p>\n<p style=\"text-align: center\">\n<!-- iframe plugin v.6.0 wordpress.org\/plugins\/iframe\/ -->\n<iframe loading=\"lazy\" src=\"https:\/\/www.facebook.com\/plugins\/post.php?href=https%3A%2F%2Fwww.facebook.com%2Feducastur%2Fposts%2Fpfbid02chNr3AETqugkp48eq8nVwLhzaSmso3WFHamUHbybA8tEV1iXbc3SA2nHWpeo9fYMl&#038;show_text=false&#038;width=500\" width=\"500\" height=\"157\" style=\"border:none;overflow:hidden\" scrolling=\"no\" frameborder=\"0\" allowfullscreen=\"true\" allow=\"autoplay; clipboard-write; encrypted-media; picture-in-picture; web-share\" 0=\"\/iframe\" class=\"iframe-class\"><\/iframe>\n<\/p>\n<p>\ud83d\udc67\ud83d\udc66 Laura y Jaime son dos ne\u00f1os que viven nel futuru, a\u00f1u 2029, un a\u00f1u antes de la fecha prevista pa cumplir los ODS de l&#8217;Axenda 2030. Los dos ne\u00f1os, esmolec\u00edos pol cumplimientu d&#8217;estos oxetivos, busquen la collaboraci\u00f3n de ne\u00f1os y ne\u00f1es que viven na d\u00f3mina actual, pa xuntos aprender del pas\u00e1u y pensar n&#8217;idees que nos ayude a cumplir estos oxetivos tan retadores.<\/p>\n<p><span style=\"text-decoration: underline\"><strong><em><span style=\"color: #008080;text-decoration: underline\">\ud83c\udfaf Nesti programa, el to alumn\u00e1u va aprender:<\/span><\/em><\/strong><\/span><\/p>\n<p><span style=\"color: #008080\"><em>&#8211; La necesid\u00e1 de curiar del planeta.<\/em><\/span><\/p>\n<p><span style=\"color: #008080\"><em>&#8211; Los Oxetivos de Desenvolvimientu Sostenible (ODS) como v\u00eda pa consiguir ameyorar y curiar del nuesu planeta.<\/em><\/span><\/p>\n<p><span style=\"color: #008080\"><em>&#8211; El mensaxe de que toos podemos contribuyir a los Oxetivos de Desenvolvimientu Sostenible (ODS).<\/em><\/span><\/p>\n<p><span style=\"color: #008080\"><em>&#8211; Aprender del pas\u00e1u pa entender c\u00f3mo evolucion\u00f3 la humanid\u00e1 hasta les nueses feches y, dende esi aprendizaxe, pensar n&#8217;idees de futuru.<\/em><\/span><\/p>\n<\/div>\n<\/div>\n<\/div>\n<\/div>\n<\/div>\n<\/div>\n<p>&nbsp;<\/p>\n","protected":false},"excerpt":{"rendered":"<p>Conseyer\u00eda d&#8217;Educaci\u00f3n del Principado\/ La Fundaci\u00f3n Repsol \/ https:\/\/acortar.link\/578NBB \/ ZINKERS \/ Educastur La Fundaci\u00f3n Repsol ufierta los programes educativos Zinkers sobro transici\u00f3n ecol\u00f3xica y sostenibilid\u00e1 pa Primaria, Secundaria y Formaci\u00f3n Profesional. \u00a0 \/\u00a0 \u00a0\/\u00a0 \u00a0\/ Ciclu: Primer \/ Segundu\/ Tercer \ud83d\udc4b \u00a1D\u00e1mosvos la bienvenida a Zinkers Primaria: Esploradores! Un proyectu educativu nel qu&#8217;al pie [&hellip;]<\/p>\n","protected":false},"author":117,"featured_media":0,"comment_status":"open","ping_status":"open","sticky":false,"template":"","format":"standard","meta":{"footnotes":""},"categories":[274],"tags":[],"class_list":["post-42766","post","type-post","status-publish","format-standard","hentry","category-ods-2023"],"_links":{"self":[{"href":"https:\/\/edublog.educastur.es\/ixuxu\/wp-json\/wp\/v2\/posts\/42766","targetHints":{"allow":["GET"]}}],"collection":[{"href":"https:\/\/edublog.educastur.es\/ixuxu\/wp-json\/wp\/v2\/posts"}],"about":[{"href":"https:\/\/edublog.educastur.es\/ixuxu\/wp-json\/wp\/v2\/types\/post"}],"author":[{"embeddable":true,"href":"https:\/\/edublog.educastur.es\/ixuxu\/wp-json\/wp\/v2\/users\/117"}],"replies":[{"embeddable":true,"href":"https:\/\/edublog.educastur.es\/ixuxu\/wp-json\/wp\/v2\/comments?post=42766"}],"version-history":[{"count":4,"href":"https:\/\/edublog.educastur.es\/ixuxu\/wp-json\/wp\/v2\/posts\/42766\/revisions"}],"predecessor-version":[{"id":42770,"href":"https:\/\/edublog.educastur.es\/ixuxu\/wp-json\/wp\/v2\/posts\/42766\/revisions\/42770"}],"wp:attachment":[{"href":"https:\/\/edublog.educastur.es\/ixuxu\/wp-json\/wp\/v2\/media?parent=42766"}],"wp:term":[{"taxonomy":"category","embeddable":true,"href":"https:\/\/edublog.educastur.es\/ixuxu\/wp-json\/wp\/v2\/categories?post=42766"},{"taxonomy":"post_tag","embeddable":true,"href":"https:\/\/edublog.educastur.es\/ixuxu\/wp-json\/wp\/v2\/tags?post=42766"}],"curies":[{"name":"wp","href":"https:\/\/api.w.org\/{rel}","templated":true}]}}