{"id":42788,"date":"2025-02-27T09:05:21","date_gmt":"2025-02-27T07:05:21","guid":{"rendered":"https:\/\/edublog.educastur.es\/ixuxu\/?p=42788"},"modified":"2025-02-28T14:02:27","modified_gmt":"2025-02-28T12:02:27","slug":"dia-internacional-del-osu-polar-2","status":"publish","type":"post","link":"https:\/\/edublog.educastur.es\/ixuxu\/2025\/02\/dia-internacional-del-osu-polar-2\/","title":{"rendered":"D\u00eda Internacional del Osu Polar"},"content":{"rendered":"<p style=\"text-align: center\">\n<!-- iframe plugin v.6.0 wordpress.org\/plugins\/iframe\/ -->\n<iframe loading=\"lazy\" src=\"https:\/\/www.facebook.com\/plugins\/post.php?href=https%3A%2F%2Fwww.facebook.com%2Ffundacionbiodiversidad%2Fposts%2Fpfbid0uAkPiZCAVfiBgdpXgkqQEfN1qifCmb3n9cvafVpDNQ9BLy5tB8krTdzviTUEbMjdl&#038;show_text=false&#038;width=500\" width=\"500\" height=\"498\" style=\"border:none;overflow:hidden\" scrolling=\"no\" frameborder=\"0\" allowfullscreen=\"true\" allow=\"autoplay; clipboard-write; encrypted-media; picture-in-picture; web-share\" 0=\"\/iframe\" class=\"iframe-class\"><\/iframe>\n<\/p>\n<p>El 27 de febreru celebramos el <strong>D\u00eda del Osu Polar<\/strong>, una xornada para dar a conocer la fraxilid\u00e1 pola que pasa esta poderosa especie deb\u00edu al camb\u00e9u clim\u00e1ticu y a la caza illegal. <strong>L&#8217;osu polar, emblema del \u00c1rticu, ye clave para l&#8217;equilibriu del so ecosistema.<\/strong> Col retrocesu del xelu, el so futuru ye inciertu.<\/p>\n<div class=\"x78zum5 xdt5ytf xz62fqu x16ldp7u\">\n<div class=\"xu06os2 x1ok221b\">\n<div class=\"html-div xdj266r x11i5rnm xat24cr x1mh8g0r xexx8yu x4uap5 x18d9i69 xkhd6sd\" data-ad-rendering-role=\"profile_name\">\n<ul>\n<li class=\"html-h3 x11i5rnm xat24cr x1mh8g0r xexx8yu x4uap5 x18d9i69 xkhd6sd x1vvkbs x1heor9g x1qlqyl8 x1pd3egz x1a2a7pz x1gslohp x1yc453h\"><span class=\"x1lliihq x6ikm8r x10wlt62 x1n2onr6\"><span class=\"xt0psk2\"><span class=\"xjp7ctv\"><a class=\"x1i10hfl xjbqb8w x1ejq31n xd10rxx x1sy0etr x17r0tee x972fbf xcfux6l x1qhh985 xm0m39n x9f619 x1ypdohk xt0psk2 xe8uvvx xdj266r x11i5rnm xat24cr x1mh8g0r xexx8yu x4uap5 x18d9i69 xkhd6sd x16tdsg8 x1hl2dhg xggy1nq x1a2a7pz xkrqix3 x1sur9pj xzsf02u x1s688f\" role=\"link\" href=\"https:\/\/www.facebook.com\/fundacionbiodiversidad?__cft__[0]=AZXq_7j0lHCPvZFwE1Lzpg8XjxU2_dBkFY-C0IuH5fgRQDkepDXNUljeyuoXk6C2DoFZ-gQwSnMs_5D0Z7USohf4LBH7ijgkD6zftZZfkdwebIuHOQLSOFU7qiYWyXsPrnVn5ul_jXW3r83I2sWLQ5xpgBBpMEQ4exhUoKynASQxDoHU88H3OLqlaKwxkJebuskgkmtMyg8ja5BaJlG2LCnzqP1WTYLKAEul9gZXv_BaIg&amp;__tn__=-UC%2CP-y-R\" aria-describedby=\":R2taikpqkdqllajaillkqismipapd5aq:\"><strong class=\"html-strong xdj266r x11i5rnm xat24cr x1mh8g0r xexx8yu x4uap5 x18d9i69 xkhd6sd x1hl2dhg x16tdsg8 x1vvkbs x1s688f\"><span class=\"html-span xdj266r x11i5rnm xat24cr x1mh8g0r xexx8yu x4uap5 x18d9i69 xkhd6sd x1hl2dhg x16tdsg8 x1vvkbs\">Fundaci\u00f3n Biodiversidad<\/span><\/strong><\/a><\/span><\/span><\/span>\/ <a href=\"https:\/\/scontent-mad1-1.xx.fbcdn.net\/v\/t39.30808-6\/481114615_1051611803670632_3704687347714553516_n.jpg?_nc_cat=102&amp;ccb=1-7&amp;_nc_sid=127cfc&amp;_nc_ohc=2Meoh1zqjVcQ7kNvgH5fRMu&amp;_nc_oc=Adgap2hu16htfD6dxBuM4E-Whf9nQC2bR-XObMbcu0-RKUkO-kpTwHBzWPrNIn7LPYw&amp;_nc_zt=23&amp;_nc_ht=scontent-mad1-1.xx&amp;_nc_gid=ADRqU7w0Dvb-5dvALN7H4j-&amp;oh=00_AYAjU9Fobnl5UjECcUY_SIXqbtPZqSDxOeE6dQpCQOIZzw&amp;oe=67C5F5D1\">cartelu<\/a><\/li>\n<\/ul>\n<\/div>\n<\/div>\n<\/div>\n<div class=\"html-div xdj266r x11i5rnm xat24cr x1mh8g0r xexx8yu x1a8lsjc x1swvt13 x1pi30zi\">\n<div class=\"html-div xdj266r x11i5rnm xat24cr x1mh8g0r xexx8yu x4uap5 x18d9i69 xkhd6sd x1jx94hy x78zum5 x1q0g3np\">\n<div class=\"x78zum5 xdt5ytf xz62fqu x16ldp7u\"><\/div>\n<\/div>\n<\/div>\n<p><!--more--><\/p>\n<p>P&#8217;angua\u00f1o, la campa\u00f1a c\u00e9ntrase en protexer a les madres y a los cachorros, d\u00e1ndo-yos la mayor oportunid\u00e1 de supervivencia, una y bones la d\u00f3mina de xoril ye&#8217;l momentu m\u00e1s vulnerable na vida d&#8217;un osu polar. Menos de la met\u00e1 de tolos cachorros consiguen llegar a la ed\u00e1 adulta.<\/p>\n<p>Una fecha importante para concenciar sobro los desaf\u00edos qu&#8217;enfrenta esta especie tan poderosa y fr\u00e1xil al empar, y\u00e1 que s&#8217;enfrenta a peligros como la perda del h\u00e1bitat y la caza illegal. L&#8217;osu polar foi la primer especie animal en tar en peligru d&#8217;estinci\u00f3n.<\/p>\n<p style=\"text-align: center\"><a href=\"https:\/\/polarbearsinternational.org\/_nuxt\/img\/bears.112c0b8.png\"><img loading=\"lazy\" decoding=\"async\" class=\"aligncenter \" src=\"https:\/\/polarbearsinternational.org\/_nuxt\/img\/bears.112c0b8.png\" width=\"631\" height=\"587\" \/><\/a><\/p>\n<p>El D\u00eda Internacional del Osu Polar foi proclam\u00e1u pola organizaci\u00f3n conservacionista <a href=\"https:\/\/polarbearsinternational.org\/\"><strong><span style=\"color: #008080\">Polar Bears International (PBI)<\/span><\/strong><\/a> nel a\u00f1u 2006. PBI ye una organizaci\u00f3n ensin fines d&#8217;arriquecimientu que se dedica a la protecci\u00f3n de los osos polares y el so h\u00e1bitat natural. <span style=\"color: #008080\">Esti ye&#8217;l d\u00eda nel que los osos polares t\u00e1n nel so m\u00e1ximu tao d&#8217;ayunu nel \u00c1rticu<\/span>, primero qu&#8217;empiece la temporada de caza de foques.<\/p>\n<p>La idea detr\u00e1s de la elecci\u00f3n d&#8217;esta fecha ye llamar l&#8217;atenci\u00f3n sobro los desaf\u00edos qu&#8217;enfrenten los osos polares na so llucha por sobrevivir nun mundu cambiante y faer una llamada a l&#8217;acci\u00f3n pa protexer a esta especie.<\/p>\n<p style=\"text-align: center\"><a href=\"https:\/\/images.ctfassets.net\/i04syw39vv9p\/40QTQSXDB8jX62rP8GCWSs\/8c4cc5e078184cc22a5e6d76b950e660\/3_2_image.png?w=750&amp;h=500&amp;q=70&amp;fit=fill&amp;fm=jpg\"><img loading=\"lazy\" decoding=\"async\" class=\"aligncenter size-large\" src=\"https:\/\/images.ctfassets.net\/i04syw39vv9p\/40QTQSXDB8jX62rP8GCWSs\/8c4cc5e078184cc22a5e6d76b950e660\/3_2_image.png?w=750&amp;h=500&amp;q=70&amp;fit=fill&amp;fm=jpg\" width=\"750\" height=\"500\" \/><\/a><\/p>\n<p>L&#8217;osu polar, tami\u00e9n conoc\u00edu como&#8217;l <span style=\"color: #008080\"><strong>rei del \u00c1rticu, ye un depredador qu&#8217;habita nes rexones m\u00e1s fr\u00edes del planeta.<\/strong><\/span> La so pelame blanca y gruesu ay\u00fadalu a caltener el calor nel fr\u00edu estremo, ente que les sos pates anches y fuertes d\u00e9xen-y caminar sobro la nieve y el xelu con facilid\u00e1, am\u00e1s de tar llixeramente palmotiaes pa remar mientres naden.<\/p>\n<p>A pesar de ser xuna de les criatures m\u00e1s poderoses del planeta, l&#8217;osu polar at\u00f3pase nuna situaci\u00f3n precaria por cuenta de la perda del so h\u00e1bitat natural y a la caza escesiva.<\/p>\n<p style=\"text-align: center\">\n<!-- iframe plugin v.6.0 wordpress.org\/plugins\/iframe\/ -->\n<iframe loading=\"lazy\" src=\"https:\/\/www.facebook.com\/plugins\/post.php?href=https%3A%2F%2Fwww.facebook.com%2FRoyGallardoMonos%2Fposts%2Fpfbid02kKngedwgM9oFSnnBtZmeuzKyBaBMvZhqeF96kheWP6qDd5ndQbPGcGDELqSrGPnLl&#038;show_text=false&#038;width=500\" width=\"500\" height=\"498\" style=\"border:none;overflow:hidden\" scrolling=\"no\" frameborder=\"0\" allowfullscreen=\"true\" allow=\"autoplay; clipboard-write; encrypted-media; picture-in-picture; web-share\" 0=\"\/iframe\" class=\"iframe-class\"><\/iframe>\n<\/p>\n","protected":false},"excerpt":{"rendered":"<p>El 27 de febreru celebramos el D\u00eda del Osu Polar, una xornada para dar a conocer la fraxilid\u00e1 pola que pasa esta poderosa especie deb\u00edu al camb\u00e9u clim\u00e1ticu y a la caza illegal. L&#8217;osu polar, emblema del \u00c1rticu, ye clave para l&#8217;equilibriu del so ecosistema. Col retrocesu del xelu, el so futuru ye inciertu. Fundaci\u00f3n [&hellip;]<\/p>\n","protected":false},"author":117,"featured_media":0,"comment_status":"open","ping_status":"open","sticky":false,"template":"","format":"standard","meta":{"footnotes":""},"categories":[6],"tags":[],"class_list":["post-42788","post","type-post","status-publish","format-standard","hentry","category-dia-de"],"_links":{"self":[{"href":"https:\/\/edublog.educastur.es\/ixuxu\/wp-json\/wp\/v2\/posts\/42788","targetHints":{"allow":["GET"]}}],"collection":[{"href":"https:\/\/edublog.educastur.es\/ixuxu\/wp-json\/wp\/v2\/posts"}],"about":[{"href":"https:\/\/edublog.educastur.es\/ixuxu\/wp-json\/wp\/v2\/types\/post"}],"author":[{"embeddable":true,"href":"https:\/\/edublog.educastur.es\/ixuxu\/wp-json\/wp\/v2\/users\/117"}],"replies":[{"embeddable":true,"href":"https:\/\/edublog.educastur.es\/ixuxu\/wp-json\/wp\/v2\/comments?post=42788"}],"version-history":[{"count":6,"href":"https:\/\/edublog.educastur.es\/ixuxu\/wp-json\/wp\/v2\/posts\/42788\/revisions"}],"predecessor-version":[{"id":42819,"href":"https:\/\/edublog.educastur.es\/ixuxu\/wp-json\/wp\/v2\/posts\/42788\/revisions\/42819"}],"wp:attachment":[{"href":"https:\/\/edublog.educastur.es\/ixuxu\/wp-json\/wp\/v2\/media?parent=42788"}],"wp:term":[{"taxonomy":"category","embeddable":true,"href":"https:\/\/edublog.educastur.es\/ixuxu\/wp-json\/wp\/v2\/categories?post=42788"},{"taxonomy":"post_tag","embeddable":true,"href":"https:\/\/edublog.educastur.es\/ixuxu\/wp-json\/wp\/v2\/tags?post=42788"}],"curies":[{"name":"wp","href":"https:\/\/api.w.org\/{rel}","templated":true}]}}