{"id":42802,"date":"2025-03-09T09:00:22","date_gmt":"2025-03-09T07:00:22","guid":{"rendered":"https:\/\/edublog.educastur.es\/ixuxu\/?p=42802"},"modified":"2025-03-24T19:30:01","modified_gmt":"2025-03-24T17:30:01","slug":"selmana-mundial-del-celebru-selmana-del-11-al-17-de-marzu","status":"publish","type":"post","link":"https:\/\/edublog.educastur.es\/ixuxu\/2025\/03\/selmana-mundial-del-celebru-selmana-del-11-al-17-de-marzu\/","title":{"rendered":"Selmana Mundial del Celebru Selmana: del 10 al 14 de marzu"},"content":{"rendered":"<p style=\"text-align: center\"><a href=\"https:\/\/in.umh-csic.es\/wp-content\/uploads\/2025\/01\/BAW-25-banner.jpg\"><img loading=\"lazy\" decoding=\"async\" class=\"aligncenter \" src=\"https:\/\/in.umh-csic.es\/wp-content\/uploads\/2025\/01\/BAW-25-banner.jpg\" width=\"673\" height=\"199\" \/><\/a><\/p>\n<p>Cel\u00e9brase dende&#8217;l 1996 a\u00f1almente para concenciar a la poblaci\u00f3n mundial sobro la importancia de la sal\u00fa cerebral. Ye una gran campa\u00f1a empobinada a fomentar el sofitu a la ciencia del celebru y el so impactu na nuesa vida cotidiana, seg\u00fan espublizar los beneficios de la investigaci\u00f3n en neurociencies.<\/p>\n<ul>\n<li><a href=\"https:\/\/in.umh-csic.es\/es\/semana-del-cerebro-2025\/\">Institutu Neurociencies<\/a> \/<\/li>\n<\/ul>\n<p><!--more--><\/p>\n<p style=\"text-align: center\">\n<!-- iframe plugin v.6.0 wordpress.org\/plugins\/iframe\/ -->\n<iframe loading=\"lazy\" src=\"https:\/\/www.instagram.com\/reel\/DHHWuATug4O\/embed\" width=\"460\" height=\"600\" 0=\"\/iframe\" scrolling=\"yes\" class=\"iframe-class\" frameborder=\"0\"><\/iframe>\n<\/p>\n<p><a class=\"x1i10hfl xjbqb8w x1ejq31n xd10rxx x1sy0etr x17r0tee x972fbf xcfux6l x1qhh985 xm0m39n x9f619 x1ypdohk xt0psk2 xe8uvvx xdj266r x11i5rnm xat24cr x1mh8g0r xexx8yu x4uap5 x18d9i69 xkhd6sd x16tdsg8 x1hl2dhg xggy1nq x1a2a7pz  _aa9_ _a6hd\" role=\"link\" href=\"https:\/\/www.instagram.com\/explore\/tags\/semanamundialdelcerebro\/\">#SemanaMundialDelCerebro<\/a> <a class=\"x1i10hfl xjbqb8w x1ejq31n xd10rxx x1sy0etr x17r0tee x972fbf xcfux6l x1qhh985 xm0m39n x9f619 x1ypdohk xt0psk2 xe8uvvx xdj266r x11i5rnm xat24cr x1mh8g0r xexx8yu x4uap5 x18d9i69 xkhd6sd x16tdsg8 x1hl2dhg xggy1nq x1a2a7pz  _aa9_ _a6hd\" role=\"link\" href=\"https:\/\/www.instagram.com\/explore\/tags\/brainawarenessweek\/\">#BrainAwarenessWeek<\/a> <a class=\"x1i10hfl xjbqb8w x1ejq31n xd10rxx x1sy0etr x17r0tee x972fbf xcfux6l x1qhh985 xm0m39n x9f619 x1ypdohk xt0psk2 xe8uvvx xdj266r x11i5rnm xat24cr x1mh8g0r xexx8yu x4uap5 x18d9i69 xkhd6sd x16tdsg8 x1hl2dhg xggy1nq x1a2a7pz  _aa9_ _a6hd\" role=\"link\" href=\"https:\/\/www.instagram.com\/explore\/tags\/cerebro\/\">#cerebro<\/a> <a class=\"x1i10hfl xjbqb8w x1ejq31n xd10rxx x1sy0etr x17r0tee x972fbf xcfux6l x1qhh985 xm0m39n x9f619 x1ypdohk xt0psk2 xe8uvvx xdj266r x11i5rnm xat24cr x1mh8g0r xexx8yu x4uap5 x18d9i69 xkhd6sd x16tdsg8 x1hl2dhg xggy1nq x1a2a7pz  _aa9_ _a6hd\" role=\"link\" href=\"https:\/\/www.instagram.com\/explore\/tags\/brain\/\">#brain<\/a> <a class=\"x1i10hfl xjbqb8w x1ejq31n xd10rxx x1sy0etr x17r0tee x972fbf xcfux6l x1qhh985 xm0m39n x9f619 x1ypdohk xt0psk2 xe8uvvx xdj266r x11i5rnm xat24cr x1mh8g0r xexx8yu x4uap5 x18d9i69 xkhd6sd x16tdsg8 x1hl2dhg xggy1nq x1a2a7pz  _aa9_ _a6hd\" role=\"link\" href=\"https:\/\/www.instagram.com\/explore\/tags\/neurociencia\/\">#neurociencia<\/a> <a class=\"x1i10hfl xjbqb8w x1ejq31n xd10rxx x1sy0etr x17r0tee x972fbf xcfux6l x1qhh985 xm0m39n x9f619 x1ypdohk xt0psk2 xe8uvvx xdj266r x11i5rnm xat24cr x1mh8g0r xexx8yu x4uap5 x18d9i69 xkhd6sd x16tdsg8 x1hl2dhg xggy1nq x1a2a7pz  _aa9_ _a6hd\" role=\"link\" href=\"https:\/\/www.instagram.com\/explore\/tags\/neuro\/\">#neuro<\/a> <a class=\"x1i10hfl xjbqb8w x1ejq31n xd10rxx x1sy0etr x17r0tee x972fbf xcfux6l x1qhh985 xm0m39n x9f619 x1ypdohk xt0psk2 xe8uvvx xdj266r x11i5rnm xat24cr x1mh8g0r xexx8yu x4uap5 x18d9i69 xkhd6sd x16tdsg8 x1hl2dhg xggy1nq x1a2a7pz  _aa9_ _a6hd\" role=\"link\" href=\"https:\/\/www.instagram.com\/explore\/tags\/cienciabien\/\">#CienciaBien<\/a> <a class=\"x1i10hfl xjbqb8w x1ejq31n xd10rxx x1sy0etr x17r0tee x972fbf xcfux6l x1qhh985 xm0m39n x9f619 x1ypdohk xt0psk2 xe8uvvx xdj266r x11i5rnm xat24cr x1mh8g0r xexx8yu x4uap5 x18d9i69 xkhd6sd x16tdsg8 x1hl2dhg xggy1nq x1a2a7pz  _aa9_ _a6hd\" role=\"link\" href=\"https:\/\/www.instagram.com\/explore\/tags\/divulgacioncientifica\/\">#DivulgacionCientifica<\/a><\/p>\n<p style=\"text-align: center\"><a href=\"https:\/\/www.infobae.com\/resizer\/v2\/27ECYGVB5VA7NA4PPSNF3MAPOE.jpg?auth=94d5255ca7d8af03a53a4bfd838aed71464f53ca3ac771b023ba9b7bf4b12a05&amp;smart=true&amp;width=1200&amp;height=675&amp;quality=85\"><img loading=\"lazy\" decoding=\"async\" class=\"aligncenter \" src=\"https:\/\/www.infobae.com\/resizer\/v2\/27ECYGVB5VA7NA4PPSNF3MAPOE.jpg?auth=94d5255ca7d8af03a53a4bfd838aed71464f53ca3ac771b023ba9b7bf4b12a05&amp;smart=true&amp;width=1200&amp;height=675&amp;quality=85\" width=\"380\" height=\"214\" \/><\/a><\/p>\n<p><span style=\"color: #008080\">El celebru ye una de les partes m\u00e1s importantes del cuerpu humanu. <strong>Gracies a \u00e9l podemos sentir y procesar tola informaci\u00f3n que llega al travi\u00e9s de los sent\u00edos.<\/strong> Pela so parte, la corteza cerebral engloba dos hemisferios y cuatro l\u00f3bulos. La funci\u00f3n del hemisferiu derechu ye regular les funciones motrices y motores del llau esquierdu del organismu. L&#8217;hemisferiu esquierdu regula de la mesma el llau derechu. Dambos hemisferios t\u00e1n xun\u00edos pol cuerpu callosu<\/span>. <a href=\"https:\/\/neuropediatra.org\/wp-content\/uploads\/2013\/06\/sistema-nervioso-central-1024x825.jpg\"><em><strong>IMAXE<\/strong><\/em><\/a><\/p>\n<p style=\"text-align: center\"><a href=\"https:\/\/askabiologist.asu.edu\/sites\/default\/files\/resources\/articles\/nervous_journey\/brain_regions_sp.gif\"><img loading=\"lazy\" decoding=\"async\" class=\"aligncenter size-large\" src=\"https:\/\/askabiologist.asu.edu\/sites\/default\/files\/resources\/articles\/nervous_journey\/brain_regions_sp.gif\" width=\"540\" height=\"239\" \/><\/a><\/p>\n<p><span style=\"color: #008080\"><strong>Ye&#8217;l centru de control del cuerpu.<\/strong> Dirixe los tos \u00f3rganos, como&#8217;l coraz\u00f3n y los pulmones. Tami\u00e9n ta ocup\u00e1u trabayando con otres partes del cuerpu. Tolos tos sent\u00edos, la vista, l&#8217;olfatu, l&#8217;oy\u00edu, el tactu y el gustu dependen del to celebru. La degustaci\u00f3n de la comida colos sensores de la to llingua nam\u00e1 ye posible cuando les se\u00f1ales procedentes de les papiles gustatives unviase al celebru. Una vegada nel celebru, les se\u00f1ales se decodifican. Exemplu: el sabor duce d&#8217;una naranxa.<\/span><\/p>\n<p>Nel a\u00f1u 1996 la organizaci\u00f3n <strong>Dana Alliance for Brain Initiatives<\/strong> empecipi\u00f3 la celebraci\u00f3n d&#8217;esta Selmana Mundial n&#8217;Estaos Xun\u00edos, cola participaci\u00f3n d&#8217;unes 160 organizaciones profesionales. La tema principal foi la investigaci\u00f3n, tratamientu y prevenci\u00f3n d&#8217;enfermedaes del celebru.<\/p>\n<p>Na actualid\u00e1 cunta cola participaci\u00f3n d&#8217;unos 7.300 socios en 120 pa\u00edses, conform\u00e1u por organizaciones y asociaciones profesionales, universidaes, hospitales, axencies gubernamentales y colexos.<\/p>\n<p><strong>El celebru: un \u00f3rganu maestru.\u00a0<\/strong>El celebru ye un \u00f3rganu complexu que centraliza l&#8217;activid\u00e1 del sistema nerviosu, allug\u00e1u na parte anterior y superior del cu\u00e9vanu cranial. <strong>Forma parte del Sistema Nerviosu Central (SNC)<\/strong>. Ta conform\u00e1u por millones de neurones que dexen la regulaci\u00f3n de toles funciones del celebru, cuerpu y mente:<\/p>\n<ul>\n<li><em>Controla les funciones vitales, como respiraci\u00f3n, presi\u00f3n sangu\u00ednea y temperatura.<\/em><\/li>\n<li><em>Controla les funciones cognitives cimeres, baltes como la memoria, la percepci\u00f3n y l&#8217;aprendizaxe.<\/em><\/li>\n<li><em>Executa la capacid\u00e1 de pensar, sentir y razonar.<\/em><\/li>\n<li><em>Recibe y procesa la informaci\u00f3n que recibe de los sent\u00edos.<\/em><\/li>\n<li><em>Controla los movimientos corporales.<\/em><\/li>\n<li><em>Controla la nuesa conducta y emociones.<\/em><\/li>\n<\/ul>\n<p>&nbsp;<\/p>\n<p style=\"text-align: center\">\n<!-- iframe plugin v.6.0 wordpress.org\/plugins\/iframe\/ -->\n<iframe loading=\"lazy\" width=\"640\" height=\"360\" src=\"https:\/\/www.youtube.com\/embed\/-m01rIuoZmo\" title=\"Invitaci\u00f3n Semana del Cerebro 2025\" frameborder=\"0\" allow=\"accelerometer; autoplay; clipboard-write; encrypted-media; gyroscope; picture-in-picture; web-share\" referrerpolicy=\"strict-origin-when-cross-origin\" 0=\"allowfullscreen\" 1=\"\/iframe\" scrolling=\"yes\" class=\"iframe-class\"><\/iframe>\n<\/p>\n<p style=\"text-align: center\"><img loading=\"lazy\" decoding=\"async\" class=\"aligncenter size-large\" src=\"https:\/\/upload.wikimedia.org\/wikipedia\/commons\/thumb\/6\/6e\/Brains-es.svg\/549px-Brains-es.svg.png\" width=\"549\" height=\"497\" \/><\/p>\n<p>&nbsp;<\/p>\n","protected":false},"excerpt":{"rendered":"<p>Cel\u00e9brase dende&#8217;l 1996 a\u00f1almente para concenciar a la poblaci\u00f3n mundial sobro la importancia de la sal\u00fa cerebral. Ye una gran campa\u00f1a empobinada a fomentar el sofitu a la ciencia del celebru y el so impactu na nuesa vida cotidiana, seg\u00fan espublizar los beneficios de la investigaci\u00f3n en neurociencies. Institutu Neurociencies \/<\/p>\n","protected":false},"author":117,"featured_media":0,"comment_status":"open","ping_status":"open","sticky":false,"template":"","format":"standard","meta":{"footnotes":""},"categories":[144],"tags":[],"class_list":["post-42802","post","type-post","status-publish","format-standard","hentry","category-semana-de"],"_links":{"self":[{"href":"https:\/\/edublog.educastur.es\/ixuxu\/wp-json\/wp\/v2\/posts\/42802","targetHints":{"allow":["GET"]}}],"collection":[{"href":"https:\/\/edublog.educastur.es\/ixuxu\/wp-json\/wp\/v2\/posts"}],"about":[{"href":"https:\/\/edublog.educastur.es\/ixuxu\/wp-json\/wp\/v2\/types\/post"}],"author":[{"embeddable":true,"href":"https:\/\/edublog.educastur.es\/ixuxu\/wp-json\/wp\/v2\/users\/117"}],"replies":[{"embeddable":true,"href":"https:\/\/edublog.educastur.es\/ixuxu\/wp-json\/wp\/v2\/comments?post=42802"}],"version-history":[{"count":9,"href":"https:\/\/edublog.educastur.es\/ixuxu\/wp-json\/wp\/v2\/posts\/42802\/revisions"}],"predecessor-version":[{"id":42804,"href":"https:\/\/edublog.educastur.es\/ixuxu\/wp-json\/wp\/v2\/posts\/42802\/revisions\/42804"}],"wp:attachment":[{"href":"https:\/\/edublog.educastur.es\/ixuxu\/wp-json\/wp\/v2\/media?parent=42802"}],"wp:term":[{"taxonomy":"category","embeddable":true,"href":"https:\/\/edublog.educastur.es\/ixuxu\/wp-json\/wp\/v2\/categories?post=42802"},{"taxonomy":"post_tag","embeddable":true,"href":"https:\/\/edublog.educastur.es\/ixuxu\/wp-json\/wp\/v2\/tags?post=42802"}],"curies":[{"name":"wp","href":"https:\/\/api.w.org\/{rel}","templated":true}]}}