{"id":42820,"date":"2025-02-28T10:04:33","date_gmt":"2025-02-28T08:04:33","guid":{"rendered":"https:\/\/edublog.educastur.es\/ixuxu\/?p=42820"},"modified":"2025-02-28T14:27:57","modified_gmt":"2025-02-28T12:27:57","slug":"presentase-en-xixon-el-cartelu-y-programacion-de-poex-2025","status":"publish","type":"post","link":"https:\/\/edublog.educastur.es\/ixuxu\/2025\/02\/presentase-en-xixon-el-cartelu-y-programacion-de-poex-2025\/","title":{"rendered":"Pres\u00e9ntase en Xix\u00f3n POEX 2025, del 13 al 21 de marzu"},"content":{"rendered":"<div class=\"html-div xdj266r x11i5rnm xat24cr x1mh8g0r xexx8yu x1a8lsjc x1swvt13 x1pi30zi\">\n<div class=\"html-div xdj266r x11i5rnm xat24cr x1mh8g0r xexx8yu x4uap5 x18d9i69 xkhd6sd x1jx94hy x78zum5 x1q0g3np\">\n<div class=\"x78zum5 xdt5ytf xz62fqu x16ldp7u\">\n<div class=\"xu06os2 x1ok221b\">\n<div class=\"html-div xdj266r x11i5rnm xat24cr x1mh8g0r xexx8yu x4uap5 x18d9i69 xkhd6sd\" data-ad-rendering-role=\"profile_name\">\n<ul>\n<li class=\"html-h3 x11i5rnm xat24cr x1mh8g0r xexx8yu x4uap5 x18d9i69 xkhd6sd x1vvkbs x1heor9g x1qlqyl8 x1pd3egz x1a2a7pz x1gslohp x1yc453h\"><span class=\"x1lliihq x6ikm8r x10wlt62 x1n2onr6\"><span class=\"xt0psk2\"><a class=\"x1i10hfl xjbqb8w x1ejq31n xd10rxx x1sy0etr x17r0tee x972fbf xcfux6l x1qhh985 xm0m39n x9f619 x1ypdohk xt0psk2 xe8uvvx xdj266r x11i5rnm xat24cr x1mh8g0r xexx8yu x4uap5 x18d9i69 xkhd6sd x16tdsg8 x1hl2dhg xggy1nq x1a2a7pz xkrqix3 x1sur9pj xzsf02u x1s688f\" role=\"link\" href=\"https:\/\/www.facebook.com\/poexixon?__cft__[0]=AZUCgJNxe5GSKAaMvZGsaTEsTYzPqXED98tLQ6MWI36U0r1ug93Y2w_juF5R4rnjjWYouOrUbdpMCQNvS3eHym0DVC00nkCkTYe4Z2vVrFRXzXSempgywW7fIGq2iHcAXaYelIEAOji9OpfQ6w5YRSK8UzXEQ01c8duNbIrZ6hEwt0cGHZS-RDuIAHPmUlt4RLHfmn9qLmj-S07sfW3e3w1EEp6PRVznKcLTtHFZPBXFGA&amp;__tn__=-UC%2CP-y-R\" aria-describedby=\":rrb:\"><strong class=\"html-strong xdj266r x11i5rnm xat24cr x1mh8g0r xexx8yu x4uap5 x18d9i69 xkhd6sd x1hl2dhg x16tdsg8 x1vvkbs x1s688f\"><span class=\"html-span xdj266r x11i5rnm xat24cr x1mh8g0r xexx8yu x4uap5 x18d9i69 xkhd6sd x1hl2dhg x16tdsg8 x1vvkbs\">POEX<\/span><\/strong><\/a><\/span><\/span>\/ Cartelu \/ <span class=\"html-span xdj266r x11i5rnm xat24cr x1mh8g0r xexx8yu x4uap5 x18d9i69 xkhd6sd x1hl2dhg x16tdsg8 x1vvkbs\"><a class=\"x1i10hfl xjbqb8w x1ejq31n xd10rxx x1sy0etr x17r0tee x972fbf xcfux6l x1qhh985 xm0m39n x9f619 x1ypdohk xt0psk2 xe8uvvx xdj266r x11i5rnm xat24cr x1mh8g0r xexx8yu x4uap5 x18d9i69 xkhd6sd x16tdsg8 x1hl2dhg xggy1nq x1a2a7pz xkrqix3 x1sur9pj x1fey0fg x1s688f\" role=\"link\" href=\"https:\/\/www.facebook.com\/hashtag\/poex?__eep__=6&amp;__cft__[0]=AZUCgJNxe5GSKAaMvZGsaTEsTYzPqXED98tLQ6MWI36U0r1ug93Y2w_juF5R4rnjjWYouOrUbdpMCQNvS3eHym0DVC00nkCkTYe4Z2vVrFRXzXSempgywW7fIGq2iHcAXaYelIEAOji9OpfQ6w5YRSK8UzXEQ01c8duNbIrZ6hEwt0cGHZS-RDuIAHPmUlt4RLHfmn9qLmj-S07sfW3e3w1EEp6PRVznKcLTtHFZPBXFGA&amp;__tn__=*NK-y-R\">#POEX<\/a><\/span>\u00a0 \/<a href=\"https:\/\/www.gijon.es\/es\/publicaciones\/programa-poex-2025\">PROGRAMACION<\/a>\/ <a href=\"https:\/\/www.gijon.es\/es\/eventos\/poex\">web<\/a> \/ Concursu <a title=\"Bases del IV Concurso de Videopoemas 2025\" href=\"https:\/\/www.gijon.es\/es\/publicaciones\/bases-videopoemas-poex-2025\">Videopoemas 2025<\/a><\/li>\n<\/ul>\n<p style=\"text-align: center\"><a href=\"https:\/\/drupal.gijon.es\/sites\/default\/files\/styles\/imagen_4_3\/public\/2025-02\/POEX%202025%20-%20Banner%20web%20540%20x%20405%20px.jpg\"><img loading=\"lazy\" decoding=\"async\" class=\"aligncenter size-large\" src=\"https:\/\/drupal.gijon.es\/sites\/default\/files\/styles\/imagen_4_3\/public\/2025-02\/POEX%202025%20-%20Banner%20web%20540%20x%20405%20px.jpg\" width=\"540\" height=\"404\" \/><\/a><\/p>\n<\/div>\n<\/div>\n<div class=\"xu06os2 x1ok221b\">\n<div class=\"html-div xdj266r x11i5rnm xat24cr x1mh8g0r xexx8yu x4uap5 x18d9i69 xkhd6sd x1q0g3np\">Present\u00e1mosvos el cartelu d&#8217;esta edici\u00f3n de <strong><span style=\"color: #008080\">POEX2025<\/span><\/strong>, realiz\u00e1u pol estudiu de Juan Jare\u00f1o. Una imaxe na que la suma de plumilles representa la suma d&#8217;autores y autores que xuntos constr\u00fain la mirada POEX2025. El so oxetivu ye promover l&#8217;alcuentru de los distintos enclinos actuales de la poes\u00eda dende una perspectiva amplia ya integradora que vaya m\u00e1s all\u00e1 de la lletra impresa amosando los distintos llinguaxes po\u00e9ticos nes sos diverses espresiones art\u00edstiques.<\/div>\n<div><\/div>\n<\/div>\n<\/div>\n<\/div>\n<\/div>\n<div class=\"html-div xdj266r x11i5rnm xat24cr x1mh8g0r xexx8yu x4uap5 x18d9i69 xkhd6sd\" dir=\"auto\">\n<div class=\"html-div xdj266r x11i5rnm xat24cr x1mh8g0r xexx8yu x4uap5 x18d9i69 xkhd6sd\" dir=\"auto\">\n<div class=\"html-div xdj266r x11i5rnm xat24cr x1mh8g0r xexx8yu x4uap5 x18d9i69 xkhd6sd\" data-ad-rendering-role=\"story_message\">\n<div class=\"x1l90r2v x1iorvi4 x1ye3gou xn6708d\" data-ad-comet-preview=\"message\" data-ad-preview=\"message\">\n<div class=\"x78zum5 xdt5ytf xz62fqu x16ldp7u\">\n<div class=\"xu06os2 x1ok221b\">\n<div class=\"x11i5rnm xat24cr x1mh8g0r x1vvkbs xtlvy1s x126k92a\">\n<ul>\n<li dir=\"auto\"><span class=\"html-span xdj266r x11i5rnm xat24cr x1mh8g0r xexx8yu x4uap5 x18d9i69 xkhd6sd x1hl2dhg x16tdsg8 x1vvkbs\"><a class=\"x1i10hfl xjbqb8w x1ejq31n xd10rxx x1sy0etr x17r0tee x972fbf xcfux6l x1qhh985 xm0m39n x9f619 x1ypdohk xt0psk2 xe8uvvx xdj266r x11i5rnm xat24cr x1mh8g0r xexx8yu x4uap5 x18d9i69 xkhd6sd x16tdsg8 x1hl2dhg xggy1nq x1a2a7pz xkrqix3 x1sur9pj x1fey0fg x1s688f\" role=\"link\" href=\"https:\/\/www.facebook.com\/hashtag\/poex?__eep__=6&amp;__cft__[0]=AZUCgJNxe5GSKAaMvZGsaTEsTYzPqXED98tLQ6MWI36U0r1ug93Y2w_juF5R4rnjjWYouOrUbdpMCQNvS3eHym0DVC00nkCkTYe4Z2vVrFRXzXSempgywW7fIGq2iHcAXaYelIEAOji9OpfQ6w5YRSK8UzXEQ01c8duNbIrZ6hEwt0cGHZS-RDuIAHPmUlt4RLHfmn9qLmj-S07sfW3e3w1EEp6PRVznKcLTtHFZPBXFGA&amp;__tn__=*NK-y-R\">#POEX<\/a><\/span><\/li>\n<\/ul>\n<div dir=\"auto\"><span class=\"html-span xdj266r x11i5rnm xat24cr x1mh8g0r xexx8yu x4uap5 x18d9i69 xkhd6sd x1hl2dhg x16tdsg8 x1vvkbs\"><a class=\"x1i10hfl xjbqb8w x1ejq31n xd10rxx x1sy0etr x17r0tee x972fbf xcfux6l x1qhh985 xm0m39n x9f619 x1ypdohk xt0psk2 xe8uvvx xdj266r x11i5rnm xat24cr x1mh8g0r xexx8yu x4uap5 x18d9i69 xkhd6sd x16tdsg8 x1hl2dhg xggy1nq x1a2a7pz xkrqix3 x1sur9pj x1fey0fg x1s688f\" role=\"link\" href=\"https:\/\/www.facebook.com\/Culturagijon?__cft__[0]=AZUCgJNxe5GSKAaMvZGsaTEsTYzPqXED98tLQ6MWI36U0r1ug93Y2w_juF5R4rnjjWYouOrUbdpMCQNvS3eHym0DVC00nkCkTYe4Z2vVrFRXzXSempgywW7fIGq2iHcAXaYelIEAOji9OpfQ6w5YRSK8UzXEQ01c8duNbIrZ6hEwt0cGHZS-RDuIAHPmUlt4RLHfmn9qLmj-S07sfW3e3w1EEp6PRVznKcLTtHFZPBXFGA&amp;__tn__=-]K-y-R\"><span class=\"xt0psk2\"><span class=\"xjp7ctv\"><span aria-describedby=\":r1ko:\">Cultura Gij\u00f3n \/ Xix\u00f3n<\/span><\/span><\/span><\/a><\/span> <span class=\"html-span xdj266r x11i5rnm xat24cr x1mh8g0r xexx8yu x4uap5 x18d9i69 xkhd6sd x1hl2dhg x16tdsg8 x1vvkbs\"><a class=\"x1i10hfl xjbqb8w x1ejq31n xd10rxx x1sy0etr x17r0tee x972fbf xcfux6l x1qhh985 xm0m39n x9f619 x1ypdohk xt0psk2 xe8uvvx xdj266r x11i5rnm xat24cr x1mh8g0r xexx8yu x4uap5 x18d9i69 xkhd6sd x16tdsg8 x1hl2dhg xggy1nq x1a2a7pz xkrqix3 x1sur9pj x1fey0fg x1s688f\" role=\"link\" href=\"https:\/\/www.facebook.com\/bibliotecasgijonxixon?__cft__[0]=AZUCgJNxe5GSKAaMvZGsaTEsTYzPqXED98tLQ6MWI36U0r1ug93Y2w_juF5R4rnjjWYouOrUbdpMCQNvS3eHym0DVC00nkCkTYe4Z2vVrFRXzXSempgywW7fIGq2iHcAXaYelIEAOji9OpfQ6w5YRSK8UzXEQ01c8duNbIrZ6hEwt0cGHZS-RDuIAHPmUlt4RLHfmn9qLmj-S07sfW3e3w1EEp6PRVznKcLTtHFZPBXFGA&amp;__tn__=-]K-y-R\"><span class=\"xt0psk2\"><span class=\"xjp7ctv\"><span aria-describedby=\":r1kp:\">Red Municipal de Bibliotecas de Gij\u00f3n<\/span><\/span><\/span><\/a><\/span><\/div>\n<div dir=\"auto\"><!--more--><\/div>\n<div dir=\"auto\">\n<p style=\"text-align: center\"><a href=\"https:\/\/drupal.gijon.es\/sites\/default\/files\/styles\/imagen_cabecera_slider\/public\/2025-02\/POEX%202025%20-%20Cabecera%20web%201920x620.jpg\"><img loading=\"lazy\" decoding=\"async\" class=\"aligncenter \" src=\"https:\/\/drupal.gijon.es\/sites\/default\/files\/styles\/imagen_cabecera_slider\/public\/2025-02\/POEX%202025%20-%20Cabecera%20web%201920x620.jpg\" width=\"464\" height=\"145\" \/><\/a><\/p>\n<p>Del 13 al 22 de marzu, la nuesa ciud\u00e1 va acoyer una nueva edici\u00f3n de POEX, el Festival de Poes\u00eda de Xix\u00f3n, consolid\u00e1ndose como un referente cultural nel panorama nacional. Angua\u00f1o, la poes\u00eda ta vencey\u00e1 de manera especial col cine, esquizando la relaci\u00f3n ente dambes disciplines y la so capacid\u00e1 pa xenerar nueves formes d&#8217;espresi\u00f3n art\u00edstica.<\/p>\n<p>Dende la so creaci\u00f3n en 2020, <strong><span style=\"color: #008080\">POEX apost\u00f3 por una visi\u00f3n innovadora de la poes\u00eda<\/span><\/strong>, ampliando les sos fronteres m\u00e1s all\u00e1 del llinguaxe verbal y <span style=\"color: #008080\">aver\u00e1ndola al p\u00fablicu al travi\u00e9s de la m\u00fasica, el cine, la fotograf\u00eda, el dise\u00f1u, les artes pl\u00e1stiques y el teatru<\/span>. Esta sesta edici\u00f3n caltien esa esencia, ufiertando un programa plural y contemporaneo que reivindica lo po\u00e9tico en m\u00faltiples rexistros.<\/p>\n<p>Unu de les exes centrales va ser <strong><span style=\"color: #008080\">el cine como forma de resistencia a la inmediatez y el ritmu vertixinosu de la socied\u00e1 actual.<\/span><\/strong> Nun mundu apoder\u00e1u pola urxencia, la hiperconectividad y la sobreexposici\u00f3n en redes sociales, el festival prop\u00f3n xuna posa, xuna invitaci\u00f3n a contemplar el tiempu dende otra perspectiva.<\/p>\n<p>La programaci\u00f3n va incluyir proyecciones cinematogr\u00e1fiques en collaboraci\u00f3n col Festival Internacional de Cine de Xix\u00f3n (FICX), am\u00e1s de conciertos, talleres, esposiciones y el concursu de videopoemas.<\/p>\n<p style=\"text-align: center\">\n<!-- iframe plugin v.6.0 wordpress.org\/plugins\/iframe\/ -->\n<iframe loading=\"lazy\" src=\"https:\/\/www.facebook.com\/plugins\/video.php?height=476&#038;href=https%3A%2F%2Fwww.facebook.com%2Freel%2F507008635464024%2F&#038;show_text=false&#038;width=267&#038;t=0\" width=\"267\" height=\"476\" style=\"border:none;overflow:hidden\" scrolling=\"no\" frameborder=\"0\" allowfullscreen=\"true\" allow=\"autoplay; clipboard-write; encrypted-media; picture-in-picture; web-share\" 0=\"\/iframe\" class=\"iframe-class\"><\/iframe>\n<\/p>\n<\/div>\n<\/div>\n<\/div>\n<\/div>\n<\/div>\n<\/div>\n<\/div>\n<\/div>\n<p>&nbsp;<\/p>\n","protected":false},"excerpt":{"rendered":"<p>POEX\/ Cartelu \/ #POEX\u00a0 \/PROGRAMACION\/ web \/ Concursu Videopoemas 2025 Present\u00e1mosvos el cartelu d&#8217;esta edici\u00f3n de POEX2025, realiz\u00e1u pol estudiu de Juan Jare\u00f1o. Una imaxe na que la suma de plumilles representa la suma d&#8217;autores y autores que xuntos constr\u00fain la mirada POEX2025. El so oxetivu ye promover l&#8217;alcuentru de los distintos enclinos actuales de [&hellip;]<\/p>\n","protected":false},"author":117,"featured_media":0,"comment_status":"open","ping_status":"open","sticky":false,"template":"","format":"standard","meta":{"footnotes":""},"categories":[214,39],"tags":[],"class_list":["post-42820","post","type-post","status-publish","format-standard","hentry","category-cartelos","category-poesia"],"_links":{"self":[{"href":"https:\/\/edublog.educastur.es\/ixuxu\/wp-json\/wp\/v2\/posts\/42820","targetHints":{"allow":["GET"]}}],"collection":[{"href":"https:\/\/edublog.educastur.es\/ixuxu\/wp-json\/wp\/v2\/posts"}],"about":[{"href":"https:\/\/edublog.educastur.es\/ixuxu\/wp-json\/wp\/v2\/types\/post"}],"author":[{"embeddable":true,"href":"https:\/\/edublog.educastur.es\/ixuxu\/wp-json\/wp\/v2\/users\/117"}],"replies":[{"embeddable":true,"href":"https:\/\/edublog.educastur.es\/ixuxu\/wp-json\/wp\/v2\/comments?post=42820"}],"version-history":[{"count":9,"href":"https:\/\/edublog.educastur.es\/ixuxu\/wp-json\/wp\/v2\/posts\/42820\/revisions"}],"predecessor-version":[{"id":42829,"href":"https:\/\/edublog.educastur.es\/ixuxu\/wp-json\/wp\/v2\/posts\/42820\/revisions\/42829"}],"wp:attachment":[{"href":"https:\/\/edublog.educastur.es\/ixuxu\/wp-json\/wp\/v2\/media?parent=42820"}],"wp:term":[{"taxonomy":"category","embeddable":true,"href":"https:\/\/edublog.educastur.es\/ixuxu\/wp-json\/wp\/v2\/categories?post=42820"},{"taxonomy":"post_tag","embeddable":true,"href":"https:\/\/edublog.educastur.es\/ixuxu\/wp-json\/wp\/v2\/tags?post=42820"}],"curies":[{"name":"wp","href":"https:\/\/api.w.org\/{rel}","templated":true}]}}