{"id":42842,"date":"2025-02-28T08:31:20","date_gmt":"2025-02-28T06:31:20","guid":{"rendered":"https:\/\/edublog.educastur.es\/ixuxu\/?p=42842"},"modified":"2025-03-01T00:36:36","modified_gmt":"2025-02-28T22:36:36","slug":"el-tiempu-el-comercio-13","status":"publish","type":"post","link":"https:\/\/edublog.educastur.es\/ixuxu\/2025\/02\/el-tiempu-el-comercio-13\/","title":{"rendered":"El Tiempu (El Comercio)"},"content":{"rendered":"<p><em><span style=\"color: #ffff99\">Asturies va tener una fin de selmana de Antroxu marc\u00e1u pola nieve y el fr\u00edu. La previsi\u00f3n del tiempu n&#8217;Asturies anuncia un descensu notable de les temperatures y asitia la cota de nieve en redol a los 700 metros.<\/span><\/em><\/p>\n<p style=\"text-align: center\"><a href=\"https:\/\/s1.ppllstatics.com\/elcomercio\/www\/multimedia\/2025\/02\/27\/prevision-tiempo-asturias.jpg\"><img loading=\"lazy\" decoding=\"async\" class=\"aligncenter size-large\" src=\"https:\/\/s1.ppllstatics.com\/elcomercio\/www\/multimedia\/2025\/02\/27\/prevision-tiempo-asturias.jpg\" width=\"996\" height=\"441\" \/><\/a><\/p>\n","protected":false},"excerpt":{"rendered":"<p>Asturies va tener una fin de selmana de Antroxu marc\u00e1u pola nieve y el fr\u00edu. La previsi\u00f3n del tiempu n&#8217;Asturies anuncia un descensu notable de les temperatures y asitia la cota de nieve en redol a los 700 metros.<\/p>\n","protected":false},"author":117,"featured_media":0,"comment_status":"open","ping_status":"open","sticky":false,"template":"","format":"aside","meta":{"footnotes":""},"categories":[5],"tags":[],"class_list":["post-42842","post","type-post","status-publish","format-aside","hentry","category-tiempu","post_format-post-format-aside"],"_links":{"self":[{"href":"https:\/\/edublog.educastur.es\/ixuxu\/wp-json\/wp\/v2\/posts\/42842","targetHints":{"allow":["GET"]}}],"collection":[{"href":"https:\/\/edublog.educastur.es\/ixuxu\/wp-json\/wp\/v2\/posts"}],"about":[{"href":"https:\/\/edublog.educastur.es\/ixuxu\/wp-json\/wp\/v2\/types\/post"}],"author":[{"embeddable":true,"href":"https:\/\/edublog.educastur.es\/ixuxu\/wp-json\/wp\/v2\/users\/117"}],"replies":[{"embeddable":true,"href":"https:\/\/edublog.educastur.es\/ixuxu\/wp-json\/wp\/v2\/comments?post=42842"}],"version-history":[{"count":1,"href":"https:\/\/edublog.educastur.es\/ixuxu\/wp-json\/wp\/v2\/posts\/42842\/revisions"}],"predecessor-version":[{"id":42843,"href":"https:\/\/edublog.educastur.es\/ixuxu\/wp-json\/wp\/v2\/posts\/42842\/revisions\/42843"}],"wp:attachment":[{"href":"https:\/\/edublog.educastur.es\/ixuxu\/wp-json\/wp\/v2\/media?parent=42842"}],"wp:term":[{"taxonomy":"category","embeddable":true,"href":"https:\/\/edublog.educastur.es\/ixuxu\/wp-json\/wp\/v2\/categories?post=42842"},{"taxonomy":"post_tag","embeddable":true,"href":"https:\/\/edublog.educastur.es\/ixuxu\/wp-json\/wp\/v2\/tags?post=42842"}],"curies":[{"name":"wp","href":"https:\/\/api.w.org\/{rel}","templated":true}]}}