{"id":42859,"date":"2025-03-01T00:28:37","date_gmt":"2025-02-28T22:28:37","guid":{"rendered":"https:\/\/edublog.educastur.es\/ixuxu\/?p=42859"},"modified":"2025-03-01T21:43:11","modified_gmt":"2025-03-01T19:43:11","slug":"muyeres-inspiradores-nel-8m-vienres-7-de-marzu","status":"publish","type":"post","link":"https:\/\/edublog.educastur.es\/ixuxu\/2025\/03\/muyeres-inspiradores-nel-8m-vienres-7-de-marzu\/","title":{"rendered":"Muyeres inspiradores nel 8M: vienres 7 de marzu"},"content":{"rendered":"<p style=\"text-align: center\">\n<!-- iframe plugin v.6.0 wordpress.org\/plugins\/iframe\/ -->\n<iframe loading=\"lazy\" src=\"https:\/\/www.instagram.com\/reel\/DGoEqzMspwN\/embed\" width=\"500\" height=\"550\" 0=\"\/iframe\" scrolling=\"yes\" class=\"iframe-class\" frameborder=\"0\"><\/iframe>\n<\/p>\n<div class=\"x1rg5ohu xw3qccf\">\n<div class=\"x9f619 xjbqb8w x1rg5ohu x168nmei x13lgxp2 x5pf9jr xo71vjh x1uhb9sk x1plvlek xryxfnj x1c4vz4f x2lah0s xdt5ytf xqjyukv x1qjc9v5 x1oa3qoh x1nhvcw1\">\n<ul>\n<li class=\"x9f619 xjbqb8w x78zum5 x168nmei x13lgxp2 x5pf9jr xo71vjh x1n2onr6 x1plvlek xryxfnj x1c4vz4f x2lah0s x1q0g3np xqjyukv x6s0dn4 x1oa3qoh x1nhvcw1\"><a class=\"x1i10hfl xjbqb8w x1ejq31n xd10rxx x1sy0etr x17r0tee x972fbf xcfux6l x1qhh985 xm0m39n x9f619 x1ypdohk xt0psk2 xe8uvvx xdj266r x11i5rnm xat24cr x1mh8g0r xexx8yu x4uap5 x18d9i69 xkhd6sd x16tdsg8 x1hl2dhg xggy1nq x1a2a7pz _aa9_ _a6hd\" role=\"link\" href=\"https:\/\/www.instagram.com\/explore\/tags\/mujeresquetransformanelmundo\/\">#Mujeresquetransformanelmundo<\/a> \/\ud83d\udd35 \u00a0<a class=\"x1i10hfl xjbqb8w x1ejq31n xd10rxx x1sy0etr x17r0tee x972fbf xcfux6l x1qhh985 xm0m39n x9f619 x1ypdohk xt0psk2 xe8uvvx xdj266r x11i5rnm xat24cr x1mh8g0r xexx8yu x4uap5 x18d9i69 xkhd6sd x16tdsg8 x1hl2dhg xggy1nq x1a2a7pz notranslate _a6hd\" role=\"link\" href=\"https:\/\/www.instagram.com\/aytoviedo\/\">@aytoviedo<\/a><\/li>\n<\/ul>\n<\/div>\n<\/div>\n<div>\n<p>El pr\u00f3ximu vienres 7 de marzu, a les 19:00 hores, \u00a1insp\u00edrate coles hestories de dos muyeres que destacaron nos sos respectivos campos!\u00a0Nesti D\u00eda Internacional de la Muyer (8M), celebramos la so valent\u00eda y l&#8217;impactu que xeneren na socied\u00e1 \u00a1que les sos trayectories sirvan d&#8217;inspiraci\u00f3n para munches m\u00e1s! Entrada llibre hasta completar aforu \u00a1esper\u00e1moste! Espaciu Coworking Talud de la Er\u00eda, Uvi\u00e9u<\/p>\n<p>&nbsp;<\/p>\n<\/div>\n","protected":false},"excerpt":{"rendered":"<p>#Mujeresquetransformanelmundo \/\ud83d\udd35 \u00a0@aytoviedo El pr\u00f3ximu vienres 7 de marzu, a les 19:00 hores, \u00a1insp\u00edrate coles hestories de dos muyeres que destacaron nos sos respectivos campos!\u00a0Nesti D\u00eda Internacional de la Muyer (8M), celebramos la so valent\u00eda y l&#8217;impactu que xeneren na socied\u00e1 \u00a1que les sos trayectories sirvan d&#8217;inspiraci\u00f3n para munches m\u00e1s! Entrada llibre hasta completar aforu [&hellip;]<\/p>\n","protected":false},"author":117,"featured_media":0,"comment_status":"open","ping_status":"open","sticky":false,"template":"","format":"standard","meta":{"footnotes":""},"categories":[6,121],"tags":[],"class_list":["post-42859","post","type-post","status-publish","format-standard","hentry","category-dia-de","category-muyeres"],"_links":{"self":[{"href":"https:\/\/edublog.educastur.es\/ixuxu\/wp-json\/wp\/v2\/posts\/42859","targetHints":{"allow":["GET"]}}],"collection":[{"href":"https:\/\/edublog.educastur.es\/ixuxu\/wp-json\/wp\/v2\/posts"}],"about":[{"href":"https:\/\/edublog.educastur.es\/ixuxu\/wp-json\/wp\/v2\/types\/post"}],"author":[{"embeddable":true,"href":"https:\/\/edublog.educastur.es\/ixuxu\/wp-json\/wp\/v2\/users\/117"}],"replies":[{"embeddable":true,"href":"https:\/\/edublog.educastur.es\/ixuxu\/wp-json\/wp\/v2\/comments?post=42859"}],"version-history":[{"count":2,"href":"https:\/\/edublog.educastur.es\/ixuxu\/wp-json\/wp\/v2\/posts\/42859\/revisions"}],"predecessor-version":[{"id":42870,"href":"https:\/\/edublog.educastur.es\/ixuxu\/wp-json\/wp\/v2\/posts\/42859\/revisions\/42870"}],"wp:attachment":[{"href":"https:\/\/edublog.educastur.es\/ixuxu\/wp-json\/wp\/v2\/media?parent=42859"}],"wp:term":[{"taxonomy":"category","embeddable":true,"href":"https:\/\/edublog.educastur.es\/ixuxu\/wp-json\/wp\/v2\/categories?post=42859"},{"taxonomy":"post_tag","embeddable":true,"href":"https:\/\/edublog.educastur.es\/ixuxu\/wp-json\/wp\/v2\/tags?post=42859"}],"curies":[{"name":"wp","href":"https:\/\/api.w.org\/{rel}","templated":true}]}}