{"id":42862,"date":"2025-03-01T09:21:20","date_gmt":"2025-03-01T07:21:20","guid":{"rendered":"https:\/\/edublog.educastur.es\/ixuxu\/?p=42862"},"modified":"2025-03-01T15:15:17","modified_gmt":"2025-03-01T13:15:17","slug":"asturies-vistese-dantroxu","status":"publish","type":"post","link":"https:\/\/edublog.educastur.es\/ixuxu\/2025\/03\/asturies-vistese-dantroxu\/","title":{"rendered":"Asturies v\u00edstese d&#8217;Antroxu"},"content":{"rendered":"<p style=\"text-align: center\"><a href=\"https:\/\/estaticos-cdn.prensaiberica.es\/clip\/63fb1c43-4211-4506-a507-d24829f9efb0_16-9-discover-aspect-ratio_default_0.webp\"><img loading=\"lazy\" decoding=\"async\" class=\"aligncenter size-large\" src=\"https:\/\/estaticos-cdn.prensaiberica.es\/clip\/63fb1c43-4211-4506-a507-d24829f9efb0_16-9-discover-aspect-ratio_default_0.webp\" width=\"1200\" height=\"675\" \/><\/a><\/p>\n<p style=\"text-align: center\">Fonte:<a href=\"https:\/\/www.lne.es\/asturias\/2025\/02\/28\/don-carnal-esperar-dona-cuaresma-114772133.html\"> LNE<\/a> \/<\/p>\n<p>El calendariu manda. Ye tiempu d&#8217;Antroxu. \u00c9sti y\u00e1 ech\u00f3 a andar col <span style=\"color: #800080\"><strong>Xueves de Comadres<\/strong><\/span> y nun va parar d&#8217;equ\u00ed hasta bien entrao marzu. N&#8217;Asturies ye t\u00edpicu allargar la programaci\u00f3n para facilitar a los que suelen participar nos concursos y los desfiles d&#8217;amarutes que puedan asistir a cuantos m\u00e1s meyor. Ye un fechu que la fiesta foi a l&#8217;alza nos \u00faltimos a\u00f1os y los conceyos echen el restu para entamar una programaci\u00f3n que guste a tolos p\u00fablicos y, lo m\u00e1s importante, preste. Porque y\u00e1 se sabe que la esquiciadura de Don Carnal va frenar en secu cuando tome posesi\u00f3n nel calendariu Do\u00f1a Cuaresma. <strong>Asina que ye momentu de ponese&#8217;l mazcaritu y esfrutar de l&#8217;axenda antroxera rexonal, amplia y variada, na que nun falten am\u00e1s certames gastron\u00f3micos colos platos t\u00edpicos de la d\u00f3mina.<\/strong><\/p>\n<p>N&#8217;Uvi\u00e9u a lo llargo de los d\u00edes 4, 7, 8 y 9 de marzu va tener llugar el <strong>Men\u00fa d&#8217;Antroxu<\/strong>, unes xornaes gastron\u00f3miques n&#8217;Uvi\u00e9u que ta entamada pola Conceyal\u00eda d&#8217;Hosteler\u00eda, Turismu y Congresos. Equ\u00ed vas poder esfrutar de reposter\u00eda t\u00edpica como: frixuelos, picatostes o casadielles ente otros platos m\u00e1s.<\/p>\n","protected":false},"excerpt":{"rendered":"<p>Fonte: LNE \/ El calendariu manda. Ye tiempu d&#8217;Antroxu. \u00c9sti y\u00e1 ech\u00f3 a andar col Xueves de Comadres y nun va parar d&#8217;equ\u00ed hasta bien entrao marzu. N&#8217;Asturies ye t\u00edpicu allargar la programaci\u00f3n para facilitar a los que suelen participar nos concursos y los desfiles d&#8217;amarutes que puedan asistir a cuantos m\u00e1s meyor. Ye un [&hellip;]<\/p>\n","protected":false},"author":117,"featured_media":0,"comment_status":"open","ping_status":"open","sticky":false,"template":"","format":"standard","meta":{"footnotes":""},"categories":[262],"tags":[],"class_list":["post-42862","post","type-post","status-publish","format-standard","hentry","category-antroxu"],"_links":{"self":[{"href":"https:\/\/edublog.educastur.es\/ixuxu\/wp-json\/wp\/v2\/posts\/42862","targetHints":{"allow":["GET"]}}],"collection":[{"href":"https:\/\/edublog.educastur.es\/ixuxu\/wp-json\/wp\/v2\/posts"}],"about":[{"href":"https:\/\/edublog.educastur.es\/ixuxu\/wp-json\/wp\/v2\/types\/post"}],"author":[{"embeddable":true,"href":"https:\/\/edublog.educastur.es\/ixuxu\/wp-json\/wp\/v2\/users\/117"}],"replies":[{"embeddable":true,"href":"https:\/\/edublog.educastur.es\/ixuxu\/wp-json\/wp\/v2\/comments?post=42862"}],"version-history":[{"count":5,"href":"https:\/\/edublog.educastur.es\/ixuxu\/wp-json\/wp\/v2\/posts\/42862\/revisions"}],"predecessor-version":[{"id":42867,"href":"https:\/\/edublog.educastur.es\/ixuxu\/wp-json\/wp\/v2\/posts\/42862\/revisions\/42867"}],"wp:attachment":[{"href":"https:\/\/edublog.educastur.es\/ixuxu\/wp-json\/wp\/v2\/media?parent=42862"}],"wp:term":[{"taxonomy":"category","embeddable":true,"href":"https:\/\/edublog.educastur.es\/ixuxu\/wp-json\/wp\/v2\/categories?post=42862"},{"taxonomy":"post_tag","embeddable":true,"href":"https:\/\/edublog.educastur.es\/ixuxu\/wp-json\/wp\/v2\/tags?post=42862"}],"curies":[{"name":"wp","href":"https:\/\/api.w.org\/{rel}","templated":true}]}}