{"id":42876,"date":"2025-03-01T09:08:20","date_gmt":"2025-03-01T07:08:20","guid":{"rendered":"https:\/\/edublog.educastur.es\/ixuxu\/?p=42876"},"modified":"2025-03-01T13:17:18","modified_gmt":"2025-03-01T11:17:18","slug":"dia-de-les-praderies-marines","status":"publish","type":"post","link":"https:\/\/edublog.educastur.es\/ixuxu\/2025\/03\/dia-de-les-praderies-marines\/","title":{"rendered":"D\u00eda de les Prader\u00edes Marines"},"content":{"rendered":"<div class=\"html-div xdj266r x11i5rnm xat24cr x1mh8g0r xexx8yu x1a8lsjc x1swvt13 x1pi30zi\">\n<div class=\"html-div xdj266r x11i5rnm xat24cr x1mh8g0r xexx8yu x4uap5 x18d9i69 xkhd6sd x1jx94hy x78zum5 x1q0g3np\">\n<div class=\"x78zum5 xdt5ytf xz62fqu x16ldp7u\">\n<div class=\"xu06os2 x1ok221b\">\n<div class=\"html-div xdj266r x11i5rnm xat24cr x1mh8g0r xexx8yu x4uap5 x18d9i69 xkhd6sd\" data-ad-rendering-role=\"profile_name\">\n<ul>\n<li class=\"html-h3 x11i5rnm xat24cr x1mh8g0r xexx8yu x4uap5 x18d9i69 xkhd6sd x1vvkbs x1heor9g x1qlqyl8 x1pd3egz x1a2a7pz x1gslohp x1yc453h\"><span class=\"x1lliihq x6ikm8r x10wlt62 x1n2onr6\"><span class=\"xt0psk2\"><a class=\"x1i10hfl xjbqb8w x1ejq31n xd10rxx x1sy0etr x17r0tee x972fbf xcfux6l x1qhh985 xm0m39n x9f619 x1ypdohk xt0psk2 xe8uvvx xdj266r x11i5rnm xat24cr x1mh8g0r xexx8yu x4uap5 x18d9i69 xkhd6sd x16tdsg8 x1hl2dhg xggy1nq x1a2a7pz xkrqix3 x1sur9pj xzsf02u x1s688f\" role=\"link\" href=\"https:\/\/www.facebook.com\/fundacionbiodiversidad?__cft__[0]=AZW6waviueujOuQIB0LU4PWONkKiB9jLGPm9hNXN-qHeTdirNQsjuqTMHqnwwg2chBE6b7nclbJwfMUS2sluUl6V-1r3pWesov541lWLARbLQH7MGrSCQ80KiRXghXCugjG2Fiz4AMGNo8xYaH-JgYEVFfNM4acaFX1TcnDlS6wFfmjas1_KTJPd5ESdbykTinT5g1T-wgQUAc1yhfRk8_vKIWgKImgKKwTMMDBF0Uz9Og&amp;__tn__=-UC%2CP-y-R\" aria-describedby=\":rp:\"><strong class=\"html-strong xdj266r x11i5rnm xat24cr x1mh8g0r xexx8yu x4uap5 x18d9i69 xkhd6sd x1hl2dhg x16tdsg8 x1vvkbs x1s688f\"><span class=\"html-span xdj266r x11i5rnm xat24cr x1mh8g0r xexx8yu x4uap5 x18d9i69 xkhd6sd x1hl2dhg x16tdsg8 x1vvkbs\">Fundaci\u00f3n Biodiversidad<\/span><\/strong><\/a><\/span><\/span>\/ <a href=\"https:\/\/scontent-mad2-1.xx.fbcdn.net\/v\/t39.30808-6\/481477120_1052939066871239_7023495091581326943_n.jpg?_nc_cat=100&amp;ccb=1-7&amp;_nc_sid=127cfc&amp;_nc_ohc=NMeFQ9aocCoQ7kNvgFQqZiT&amp;_nc_oc=AdiW4wLMvRnqqvuLdIfvsB-kNEpWe10rr7JYoXvv7ZEvrwZyRojbpxCFizKPBVylEsY&amp;_nc_zt=23&amp;_nc_ht=scontent-mad2-1.xx&amp;_nc_gid=A56iSi-MJo_mnD7aEQGjzfV&amp;oh=00_AYCYTfU3rmXbanEFxdWh8KiQY8cpNVwGBIbvbIGXNYAYDw&amp;oe=67C8AF81\"><strong>imaxe<\/strong> <\/a>\/ <a href=\"https:\/\/www.un.org\/es\/observances\/seagrass-day#:~:text=Pastos%20marinos%20saludables%20para%20un,Mundial%20de%20los%20Pastos%20Marinos.\">D\u00eda de<\/a> \/<\/li>\n<\/ul>\n<\/div>\n<\/div>\n<div class=\"xu06os2 x1ok221b\">\n<div class=\"html-div xdj266r x11i5rnm xat24cr x1mh8g0r xexx8yu x4uap5 x18d9i69 xkhd6sd x1q0g3np\" style=\"text-align: center\">\n<!-- iframe plugin v.6.0 wordpress.org\/plugins\/iframe\/ -->\n<iframe loading=\"lazy\" src=\"https:\/\/www.facebook.com\/plugins\/post.php?href=https%3A%2F%2Fwww.facebook.com%2Ffundacionbiodiversidad%2Fposts%2Fpfbid02XWqEs87zVUvDqq5SCVbqV3GBfqpPbsMHwrCJzXy5mrwUEyRVd45uzWTpH5vYvFY5l&#038;show_text=false&#038;width=500\" width=\"500\" height=\"498\" style=\"border:none;overflow:hidden\" scrolling=\"no\" frameborder=\"0\" allowfullscreen=\"true\" allow=\"autoplay; clipboard-write; encrypted-media; picture-in-picture; web-share\" 0=\"\/iframe\" class=\"iframe-class\"><\/iframe>\n<\/div>\n<div><\/div>\n<\/div>\n<\/div>\n<\/div>\n<\/div>\n<div class=\"html-div xdj266r x11i5rnm xat24cr x1mh8g0r xexx8yu x4uap5 x18d9i69 xkhd6sd\" dir=\"auto\">\n<div class=\"html-div xdj266r x11i5rnm xat24cr x1mh8g0r xexx8yu x4uap5 x18d9i69 xkhd6sd\" dir=\"auto\">\n<div class=\"html-div xdj266r x11i5rnm xat24cr x1mh8g0r xexx8yu x4uap5 x18d9i69 xkhd6sd\" data-ad-rendering-role=\"story_message\">\n<div class=\"x1l90r2v x1iorvi4 x1ye3gou xn6708d\" data-ad-comet-preview=\"message\" data-ad-preview=\"message\">\n<div class=\"x78zum5 xdt5ytf xz62fqu x16ldp7u\">\n<div class=\"xu06os2 x1ok221b\">\n<div class=\"xdj266r x11i5rnm xat24cr x1mh8g0r x1vvkbs x126k92a\"><\/div>\n<div class=\"x11i5rnm xat24cr x1mh8g0r x1vvkbs xtlvy1s x126k92a\">\n<div dir=\"auto\">Una fecha para concenciar sobro la necesid\u00e1 de protexer y restaurar estos ecosistemes vitales. Les camperes marines <strong><span style=\"color: #008080\">son plantes con flores marines que s&#8217;atopen n&#8217;ag\u00fces pocu fondes en numberosos rincones del planeta, dende los tr\u00f3picos hasta&#8217;l c\u00edrculu polar \u00e1rticu.<\/span><\/strong><\/div>\n<div dir=\"auto\"><\/div>\n<div dir=\"auto\"><em><span style=\"text-decoration: underline;color: #008080;font-size: 20px\">Les prader\u00edes marines son h\u00e9roes an\u00f3nimos:<\/span><\/em><\/div>\n<ul>\n<li dir=\"auto\"><span style=\"color: #008080;font-size: 20px\"><em>Prinden CO2<\/em><\/span><\/li>\n<li dir=\"auto\"><span style=\"color: #008080;font-size: 20px\"><em>Producen os\u00edxenu <\/em><\/span><\/li>\n<li dir=\"auto\"><span style=\"color: #008080;font-size: 20px\"><em>Sostienen la biodiversid\u00e1 marina\u00a0<\/em><\/span><\/li>\n<\/ul>\n<\/div>\n<p><strong><!--more--><\/strong><\/p>\n<p><strong>Camperes marines saludables para un planeta sanu. <\/strong>En mayu de 2022, l&#8217;Asamblea Xeneral adopt\u00f3&#8217;l resolvimientu A\/RES\/76\/265 que proclamaba&#8217;l 1 de marzu como<strong> D\u00eda Mundial de les Camperes Marines<\/strong>. El resolvimientu pon de relieve la urxente necesid\u00e1 de crear conciencia y facilitar la toma de mid\u00edes para caltener les camperes marines con cuenta de contribuyir a la so sal\u00fa y el so desenvolvimientu, y\u00e1 que ameyorar los servicios y les funciones ecosist\u00e9micos ye crucial para la consecuci\u00f3n de los Oxetivos de Desarrollo Sostenible (ODS).<\/p>\n<p style=\"text-align: center\"><a href=\"https:\/\/www.un.org\/sites\/un2.un.org\/files\/seagrass_1243571590.jpg\"><img loading=\"lazy\" decoding=\"async\" class=\"aligncenter \" src=\"https:\/\/www.un.org\/sites\/un2.un.org\/files\/seagrass_1243571590.jpg\" width=\"568\" height=\"318\" \/><\/a><\/p>\n<p><strong>Por qu\u00e9 son importantes les camperes marines.\u00a0 <\/strong>Les camperes marines <strong><span style=\"color: #008080\">son plantes con flores marines que s&#8217;atopen n&#8217;ag\u00fces pocu fondes en numberosos rincones del planeta, dende los tr\u00f3picos hasta&#8217;l c\u00edrculu polar \u00e1rticu.<\/span> <\/strong>Formen estenses prader\u00edes marines nes cualos desenvolvi\u00e9ronse h\u00e1bitats complexos, altamente granibles y de gran riqueza biol\u00f3xica.<\/p>\n<p><strong>A pesar de qu&#8217;apenes cubren el 0,1% del fondu oce\u00e1nicu<\/strong>, estes padreres marines<span style=\"color: #008080\"><strong> apurren alimentu y abelugu a miles d&#8217;especies de pexes, caballinos de mar, tort\u00faes&#8230;, am\u00e1s d&#8217;apurrir sustentu a delles de les mayores pesquer\u00edas del mundu<\/strong><\/span>. Les camperes marines pueden ameyorar la calid\u00e1 de l&#8217;agua al penerar, reciclar y almacenar nutrientes y contaminantes, y amenorgar la contaminaci\u00f3n de los alimentos marinos.<\/p>\n<p style=\"text-align: center\"><a href=\"https:\/\/lh6.googleusercontent.com\/proxy\/d0uaPnWAGlSIcb93jSo9abfGCUb0llELTWurkfWZAQJHvD8KvXOYhEJHDgrIDUMI6eaEMarbxcHblkdiIb0wavyUAnvIUv7vC3q69-cwOE_i86i2Lq5fGe3WL9lXJzDG0teDc5YwVNi6zdIMe8wBhQAJGLwVaLXG_QIJQB21do-gIw\"><img loading=\"lazy\" decoding=\"async\" class=\"aligncenter size-large\" src=\"https:\/\/lh6.googleusercontent.com\/proxy\/d0uaPnWAGlSIcb93jSo9abfGCUb0llELTWurkfWZAQJHvD8KvXOYhEJHDgrIDUMI6eaEMarbxcHblkdiIb0wavyUAnvIUv7vC3q69-cwOE_i86i2Lq5fGe3WL9lXJzDG0teDc5YwVNi6zdIMe8wBhQAJGLwVaLXG_QIJQB21do-gIw\" width=\"512\" height=\"180\" \/><\/a><\/p>\n<p>Altamente eficientes como sumidorios de carbonu, <span style=\"color: #008080\"><strong>pueden almacenar hasta&#8217;l 18 % del carbonu oce\u00e1nico mundial, lo que les convierte n&#8217;una poderosa soluci\u00f3n basada na naturaleza para faer frente a los efectos del camb\u00e9u clim\u00e1ticu<\/strong><\/span>. Como dexen amortiguar l&#8217;acidificaci\u00f3n de los oc\u00e9anos, contrib\u00fain tami\u00e9n a la resiliencia de los ecosistemes y les especies m\u00e1s vulnerables, como los petones de coral. Coles mesmes, act\u00faen como primer ll\u00ednea de defensa a lo llargo de les mari\u00f1es al amenorgar la enerx\u00eda de les foles, polo que protexen a les persones del creciente riesgu d&#8217;hinchentes y nubes.<\/p>\n<\/div>\n<\/div>\n<\/div>\n<\/div>\n<\/div>\n<\/div>\n<p><a href=\"https:\/\/www.aquariumbcn.com\/wp-content\/uploads\/2023\/03\/ES_DIA-INTERNACIONAL_POSIDONIA-1024x427.jpg\"><img loading=\"lazy\" decoding=\"async\" class=\"aligncenter \" src=\"https:\/\/www.aquariumbcn.com\/wp-content\/uploads\/2023\/03\/ES_DIA-INTERNACIONAL_POSIDONIA-1024x427.jpg\" width=\"640\" height=\"267\" \/><\/a><\/p>\n","protected":false},"excerpt":{"rendered":"<p>Fundaci\u00f3n Biodiversidad\/ imaxe \/ D\u00eda de \/ Una fecha para concenciar sobro la necesid\u00e1 de protexer y restaurar estos ecosistemes vitales. Les camperes marines son plantes con flores marines que s&#8217;atopen n&#8217;ag\u00fces pocu fondes en numberosos rincones del planeta, dende los tr\u00f3picos hasta&#8217;l c\u00edrculu polar \u00e1rticu. Les prader\u00edes marines son h\u00e9roes an\u00f3nimos: Prinden CO2 Producen [&hellip;]<\/p>\n","protected":false},"author":117,"featured_media":0,"comment_status":"open","ping_status":"open","sticky":false,"template":"","format":"standard","meta":{"footnotes":""},"categories":[6],"tags":[],"class_list":["post-42876","post","type-post","status-publish","format-standard","hentry","category-dia-de"],"_links":{"self":[{"href":"https:\/\/edublog.educastur.es\/ixuxu\/wp-json\/wp\/v2\/posts\/42876","targetHints":{"allow":["GET"]}}],"collection":[{"href":"https:\/\/edublog.educastur.es\/ixuxu\/wp-json\/wp\/v2\/posts"}],"about":[{"href":"https:\/\/edublog.educastur.es\/ixuxu\/wp-json\/wp\/v2\/types\/post"}],"author":[{"embeddable":true,"href":"https:\/\/edublog.educastur.es\/ixuxu\/wp-json\/wp\/v2\/users\/117"}],"replies":[{"embeddable":true,"href":"https:\/\/edublog.educastur.es\/ixuxu\/wp-json\/wp\/v2\/comments?post=42876"}],"version-history":[{"count":5,"href":"https:\/\/edublog.educastur.es\/ixuxu\/wp-json\/wp\/v2\/posts\/42876\/revisions"}],"predecessor-version":[{"id":42882,"href":"https:\/\/edublog.educastur.es\/ixuxu\/wp-json\/wp\/v2\/posts\/42876\/revisions\/42882"}],"wp:attachment":[{"href":"https:\/\/edublog.educastur.es\/ixuxu\/wp-json\/wp\/v2\/media?parent=42876"}],"wp:term":[{"taxonomy":"category","embeddable":true,"href":"https:\/\/edublog.educastur.es\/ixuxu\/wp-json\/wp\/v2\/categories?post=42876"},{"taxonomy":"post_tag","embeddable":true,"href":"https:\/\/edublog.educastur.es\/ixuxu\/wp-json\/wp\/v2\/tags?post=42876"}],"curies":[{"name":"wp","href":"https:\/\/api.w.org\/{rel}","templated":true}]}}