{"id":4289,"date":"2021-03-01T00:49:41","date_gmt":"2021-02-28T22:49:41","guid":{"rendered":"https:\/\/edublog.educastur.es\/ixuxu\/?p=4289"},"modified":"2021-03-16T00:52:34","modified_gmt":"2021-03-15T22:52:34","slug":"garanticemos-la-pluralida-llinguistica","status":"publish","type":"post","link":"https:\/\/edublog.educastur.es\/ixuxu\/2021\/03\/garanticemos-la-pluralida-llinguistica\/","title":{"rendered":"Garanticemos la pluralid\u00e1 lling\u00fc\u00edstica"},"content":{"rendered":"<p><a class=\"yt-simple-endpoint style-scope ytd-video-owner-renderer\" href=\"https:\/\/www.youtube.com\/channel\/UCm0XidpTlgOTBDZyA9I9NwQ\"><img decoding=\"async\" id=\"img\" class=\"style-scope yt-img-shadow\" src=\"https:\/\/yt3.ggpht.com\/ytc\/AAUvwniSHypCTweywmTATkCpxCQsl_ue_tiHzXVrKHxYrg=s48-c-k-c0x00ffffff-no-rj\" alt=\"\" width=\"48\" \/><\/a><a class=\"yt-simple-endpoint style-scope yt-formatted-string\" href=\"https:\/\/www.youtube.com\/channel\/UCm0XidpTlgOTBDZyA9I9NwQ\">Iniciativa pol Asturianu<\/a><\/p>\n<p style=\"text-align: center\">\n<!-- iframe plugin v.6.0 wordpress.org\/plugins\/iframe\/ -->\n<iframe loading=\"lazy\" width=\"100%\" height=\"315\" src=\"https:\/\/www.youtube.com\/embed\/YyUpl9-hdnY\" 0=\"\/iframe\" scrolling=\"yes\" class=\"iframe-class\" frameborder=\"0\"><\/iframe>\n<\/p>\n<p><span style=\"font-size: 20px\"><em>Iniciativa pol Asturianu presenta la nueva campa\u00f1a \u201cGaranticemos la diversid\u00e1 lling\u00fc\u00edstica\u201d. Al travi\u00e9s d\u2019un videu fechu en comu\u00f1a xunto con otres entidaes de reivindicaci\u00f3n lling\u00fc\u00edstica del Est\u00e1u, la entid\u00e1 pretende facer un llam\u00e1u a la pluralid\u00e1 lling\u00fc\u00edstica d\u2019Espa\u00f1a onde un 45% de la poblaci\u00f3n vive en territorios con llingua propia que tien que convivir col castell\u00e1n.<\/em><\/span><\/p>\n<p><span style=\"font-size: 20px\"><em>El videu, fechu en comu\u00f1a xunto con otres entidaes de reivindicaci\u00f3n lling\u00fc\u00edstica del Est\u00e1u, pretende facer un llam\u00e1u a la pluralid\u00e1 lling\u00fc\u00edstica d\u2019Espa\u00f1a<\/em><\/span><\/p>\n<p><!--more--><\/p>\n<div id=\"upload-info\" class=\"style-scope ytd-video-owner-renderer\">\n<div id=\"container\" class=\"style-scope ytd-channel-name\"><\/div>\n<\/div>\n<div id=\"content\" class=\"style-scope ytd-expander\">\n<div class=\"style-scope ytd-video-secondary-info-renderer\">La infograf\u00eda quier mostrar a la socied\u00e1 que les lling\u00fces son una amuesa de diversid\u00e1, que\u2019l so usu nun va contra naide y que nun hai lling\u00fces superiores nin inferiores. Am\u00e1s tami\u00e9n pretende facer ver la situaci\u00f3n de desiguald\u00e1 del asturianu y les dem\u00e1s lling\u00fces frente al castell\u00e1n, am\u00e1s nuna situaci\u00f3n como la de la llingua asturiana onde la falta d\u2019oficialid\u00e1 agranda esa diferencia de drechos de la ciudadan\u00eda asturfalante.<\/div>\n<div><\/div>\n<div class=\"style-scope ytd-video-secondary-info-renderer\">La volunt\u00e1 de les asociaciones de reivindicaci\u00f3n lling\u00fc\u00edstica ye que l\u2019Est\u00e1u espa\u00f1ol cumpla los alcuerdos internacionales que ratific\u00f3 y les recomendaciones en materia lling\u00fc\u00edstica del Conseyu d\u2019Europa.<\/div>\n<div><\/div>\n<div class=\"style-scope ytd-video-secondary-info-renderer\">La participaci\u00f3n d\u2019Iniciativa pol Asturianu y la presencia del nuesu idioma nesta campa\u00f1a ye una continuaci\u00f3n del trabayu desendolc\u00e1u cola presentaci\u00f3n va un a\u00f1u del manifiestu Pluralid\u00e1 Lling\u00fc\u00edstica: Llibert\u00e1, Iguald\u00e1 y Democracia. Iniciativa pol Asturianu quier mostrar al restu de comunidaes lling\u00fc\u00edstiques y al restu del Est\u00e1u la complicada situaci\u00f3n del idioma.<\/div>\n<\/div>\n","protected":false},"excerpt":{"rendered":"<p>Iniciativa pol Asturianu Iniciativa pol Asturianu presenta la nueva campa\u00f1a \u201cGaranticemos la diversid\u00e1 lling\u00fc\u00edstica\u201d. Al travi\u00e9s d\u2019un videu fechu en comu\u00f1a xunto con otres entidaes de reivindicaci\u00f3n lling\u00fc\u00edstica del Est\u00e1u, la entid\u00e1 pretende facer un llam\u00e1u a la pluralid\u00e1 lling\u00fc\u00edstica d\u2019Espa\u00f1a onde un 45% de la poblaci\u00f3n vive en territorios con llingua propia que tien [&hellip;]<\/p>\n","protected":false},"author":117,"featured_media":0,"comment_status":"open","ping_status":"open","sticky":false,"template":"","format":"standard","meta":{"footnotes":""},"categories":[11,51],"tags":[],"class_list":["post-4289","post","type-post","status-publish","format-standard","hentry","category-campanes","category-oficialida"],"_links":{"self":[{"href":"https:\/\/edublog.educastur.es\/ixuxu\/wp-json\/wp\/v2\/posts\/4289","targetHints":{"allow":["GET"]}}],"collection":[{"href":"https:\/\/edublog.educastur.es\/ixuxu\/wp-json\/wp\/v2\/posts"}],"about":[{"href":"https:\/\/edublog.educastur.es\/ixuxu\/wp-json\/wp\/v2\/types\/post"}],"author":[{"embeddable":true,"href":"https:\/\/edublog.educastur.es\/ixuxu\/wp-json\/wp\/v2\/users\/117"}],"replies":[{"embeddable":true,"href":"https:\/\/edublog.educastur.es\/ixuxu\/wp-json\/wp\/v2\/comments?post=4289"}],"version-history":[{"count":2,"href":"https:\/\/edublog.educastur.es\/ixuxu\/wp-json\/wp\/v2\/posts\/4289\/revisions"}],"predecessor-version":[{"id":4291,"href":"https:\/\/edublog.educastur.es\/ixuxu\/wp-json\/wp\/v2\/posts\/4289\/revisions\/4291"}],"wp:attachment":[{"href":"https:\/\/edublog.educastur.es\/ixuxu\/wp-json\/wp\/v2\/media?parent=4289"}],"wp:term":[{"taxonomy":"category","embeddable":true,"href":"https:\/\/edublog.educastur.es\/ixuxu\/wp-json\/wp\/v2\/categories?post=4289"},{"taxonomy":"post_tag","embeddable":true,"href":"https:\/\/edublog.educastur.es\/ixuxu\/wp-json\/wp\/v2\/tags?post=4289"}],"curies":[{"name":"wp","href":"https:\/\/api.w.org\/{rel}","templated":true}]}}