{"id":42895,"date":"2025-03-01T14:52:17","date_gmt":"2025-03-01T12:52:17","guid":{"rendered":"https:\/\/edublog.educastur.es\/ixuxu\/?p=42895"},"modified":"2025-03-01T14:52:17","modified_gmt":"2025-03-01T12:52:17","slug":"poema-el-calendariu-dicia","status":"publish","type":"post","link":"https:\/\/edublog.educastur.es\/ixuxu\/2025\/03\/poema-el-calendariu-dicia\/","title":{"rendered":"Poema: \u00abEl calendariu dic\u00eda\u00bb"},"content":{"rendered":"<p>\u2712\ufe0f<span style=\"font-size: 20px;color: #008080\"><strong><em> \u00abEl calendariu dic\u00eda\u00bb<\/em><\/strong><\/span><br \/>\n\ud83d\udcda\u00bbLos versos que&#8217;l vientu nun se llev\u00f3\u00bb<br \/>\nde Vanesa Li\u00f1ero<\/p>\n<p><span style=\"color: #008080\"><em><span style=\"font-size: 20px\">El calendariu dic\u00eda <\/span><\/em><\/span><br \/>\n<span style=\"color: #008080\"><em><span style=\"font-size: 20px\">qu&#8217;ella nun yera xunu <\/span><\/em><\/span><span style=\"color: #008080\"><em><span style=\"font-size: 20px\">nin xunetu,<br \/>\nnin agostu nin setiembre.<\/span><\/em><\/span><br \/>\n<span style=\"color: #008080\"><em><span style=\"font-size: 20px\">\u00a1Que tampoco yera ochobre<\/span><\/em><\/span><br \/>\n<span style=\"color: #008080\"><em><span style=\"font-size: 20px\"> anque adorara la llegada <\/span><\/em><\/span><br \/>\n<span style=\"color: #008080\"><em><span style=\"font-size: 20px\">de la estaci\u00f3n\u00a0serondiega!<\/span><\/em><\/span><br \/>\n<span style=\"color: #008080\"><em><span style=\"font-size: 20px\">Ensin duldar, ella sab\u00eda<\/span><\/em><\/span><br \/>\n<span style=\"color: #008080\"><em><span style=\"font-size: 20px\"> que tampoco yera payares<\/span><\/em><\/span><br \/>\n<span style=\"color: #008080\"><em><span style=\"font-size: 20px\">nin avientu nin siquiamente<\/span><\/em><\/span><br \/>\n<span style=\"color: #008080\"><em><span style=\"font-size: 20px\">xineru y febreru.<br \/>\n<\/span><\/em><\/span><br \/>\n<span style=\"color: #008080\"><em><span style=\"font-size: 20px\">Ella yera marzu.<\/span><\/em><\/span><br \/>\n<span style=\"color: #008080\"><em><span style=\"font-size: 20px\">G\u00fcei sabe y seguro que tu tami\u00e9n, <\/span><\/em><\/span><br \/>\n<span style=\"color: #008080\"><em><span style=\"font-size: 20px\">que toos somos cada mes<\/span><\/em><\/span><br \/>\n<span style=\"color: #008080\"><em><span style=\"font-size: 20px\">coles sos hores, estaciones<\/span><\/em><\/span><br \/>\n<span style=\"color: #008080\"><em><span style=\"font-size: 20px\">y fueyes d&#8217;un almanaque <\/span><\/em><\/span><br \/>\n<span style=\"color: #008080\"><em><span style=\"font-size: 20px\">que pasen y pasamos.<\/span><\/em><\/span><br \/>\n<span style=\"color: #008080\"><em><span style=\"font-size: 20px\">Porque \u00bfqu\u00e9 ser\u00eda de n\u00f3s<\/span><\/em><\/span><br \/>\n<span style=\"color: #008080\"><em><span style=\"font-size: 20px\">ensin sumar esistencia a la vida?<\/span><\/em><\/span><\/p>\n","protected":false},"excerpt":{"rendered":"<p>\u2712\ufe0f \u00abEl calendariu dic\u00eda\u00bb \ud83d\udcda\u00bbLos versos que&#8217;l vientu nun se llev\u00f3\u00bb de Vanesa Li\u00f1ero El calendariu dic\u00eda qu&#8217;ella nun yera xunu nin xunetu, nin agostu nin setiembre. \u00a1Que tampoco yera ochobre anque adorara la llegada de la estaci\u00f3n\u00a0serondiega! Ensin duldar, ella sab\u00eda que tampoco yera payares nin avientu nin siquiamente xineru y febreru. Ella yera [&hellip;]<\/p>\n","protected":false},"author":117,"featured_media":0,"comment_status":"open","ping_status":"open","sticky":false,"template":"","format":"standard","meta":{"footnotes":""},"categories":[39],"tags":[],"class_list":["post-42895","post","type-post","status-publish","format-standard","hentry","category-poesia"],"_links":{"self":[{"href":"https:\/\/edublog.educastur.es\/ixuxu\/wp-json\/wp\/v2\/posts\/42895","targetHints":{"allow":["GET"]}}],"collection":[{"href":"https:\/\/edublog.educastur.es\/ixuxu\/wp-json\/wp\/v2\/posts"}],"about":[{"href":"https:\/\/edublog.educastur.es\/ixuxu\/wp-json\/wp\/v2\/types\/post"}],"author":[{"embeddable":true,"href":"https:\/\/edublog.educastur.es\/ixuxu\/wp-json\/wp\/v2\/users\/117"}],"replies":[{"embeddable":true,"href":"https:\/\/edublog.educastur.es\/ixuxu\/wp-json\/wp\/v2\/comments?post=42895"}],"version-history":[{"count":1,"href":"https:\/\/edublog.educastur.es\/ixuxu\/wp-json\/wp\/v2\/posts\/42895\/revisions"}],"predecessor-version":[{"id":42896,"href":"https:\/\/edublog.educastur.es\/ixuxu\/wp-json\/wp\/v2\/posts\/42895\/revisions\/42896"}],"wp:attachment":[{"href":"https:\/\/edublog.educastur.es\/ixuxu\/wp-json\/wp\/v2\/media?parent=42895"}],"wp:term":[{"taxonomy":"category","embeddable":true,"href":"https:\/\/edublog.educastur.es\/ixuxu\/wp-json\/wp\/v2\/categories?post=42895"},{"taxonomy":"post_tag","embeddable":true,"href":"https:\/\/edublog.educastur.es\/ixuxu\/wp-json\/wp\/v2\/tags?post=42895"}],"curies":[{"name":"wp","href":"https:\/\/api.w.org\/{rel}","templated":true}]}}