{"id":42915,"date":"2025-03-01T21:40:05","date_gmt":"2025-03-01T19:40:05","guid":{"rendered":"https:\/\/edublog.educastur.es\/ixuxu\/?p=42915"},"modified":"2025-03-02T14:23:48","modified_gmt":"2025-03-02T12:23:48","slug":"descensu-internacional-y-fluvial-de-la-cai-galiana-daviles","status":"publish","type":"post","link":"https:\/\/edublog.educastur.es\/ixuxu\/2025\/03\/descensu-internacional-y-fluvial-de-la-cai-galiana-daviles\/","title":{"rendered":"Descensu Internacional y Fluvial de la Cai Galiana d&#8217;Avil\u00e9s"},"content":{"rendered":"<div class=\"_aatk _aatl _aatm\">\n<div class=\"xg10s4p x1n2onr6 xh8yej3\">\n<div class=\"xyzq4qe x5yr21d x10l6tqk xh8yej3\">\n<div class=\"x1lliihq x5yr21d x1n2onr6 xh8yej3 x1ja2u2z\">\n<div class=\"x5yr21d x1n2onr6 xh8yej3\">\n<div class=\"x5yr21d x1n2onr6 xh8yej3\">\n<div class=\"x5yr21d x1uhb9sk xh8yej3\">\n<div data-instancekey=\"id-vpuid-fbe49ca294ce1b3bb\">\n<div class=\"x5yr21d x10l6tqk x13vifvy xh8yej3\" style=\"text-align: center\" data-visualcompletion=\"ignore\">Un r\u00edu de colores y espluma: Un total de 36 artiluxos salearon per un mar d&#8217;espluma nel Descensu de Galiana, unu de los principales actos del Antroxu d&#8217;Avil\u00e9s, onde se form\u00f3 una multitudinaria fiesta.<\/div>\n<div data-visualcompletion=\"ignore\"><\/div>\n<div style=\"text-align: center\" data-visualcompletion=\"ignore\"><a href=\"https:\/\/s2.ppllstatics.com\/elcomercio\/www\/multimedia\/2025\/03\/01\/descenso-galiana-aviles-fotos%20(5).jpg\"><img loading=\"lazy\" decoding=\"async\" class=\"alignnone size-large\" src=\"https:\/\/s2.ppllstatics.com\/elcomercio\/www\/multimedia\/2025\/03\/01\/descenso-galiana-aviles-fotos%20(5).jpg\" width=\"1920\" height=\"1280\" \/><\/a><\/div>\n<\/div>\n<div data-visualcompletion=\"ignore\"><!--more--><\/div>\n<div data-instancekey=\"id-vpuid-fbe49ca294ce1b3bb\">\n<div style=\"text-align: center\" data-visualcompletion=\"ignore\"><a href=\"https:\/\/s3.ppllstatics.com\/elcomercio\/www\/multimedia\/2025\/03\/01\/descenso-galiana-aviles%20(38).jpg\"><img loading=\"lazy\" decoding=\"async\" class=\"aligncenter size-large\" src=\"https:\/\/s3.ppllstatics.com\/elcomercio\/www\/multimedia\/2025\/03\/01\/descenso-galiana-aviles%20(38).jpg\" width=\"1920\" height=\"1280\" \/><\/a><\/div>\n<div data-visualcompletion=\"ignore\"><\/div>\n<\/div>\n<\/div>\n<\/div>\n<\/div>\n<\/div>\n<\/div>\n<\/div>\n<\/div>\n<div class=\"x1qjc9v5 x972fbf xcfux6l x1qhh985 xm0m39n x9f619 x78zum5 xdt5ytf x1iyjqo2 x5wqa0o xln7xf2 xk390pu xdj266r x11i5rnm xat24cr x1mh8g0r x65f84u x1vq45kp xexx8yu x4uap5 x18d9i69 xkhd6sd x1n2onr6 x11njtxf\">\n<div class=\"x9f619 xjbqb8w x78zum5 x168nmei x13lgxp2 x5pf9jr xo71vjh x1n2onr6 x1plvlek xryxfnj x1iyjqo2 x2lwn1j xeuugli xdt5ytf xqjyukv x1qjc9v5 x1oa3qoh x1nhvcw1\">\n<div class=\"x78zum5 xdt5ytf x67bb7w x1n2onr6 xvbhtw8 x5yr21d x168nmei x1yr5g0i xrt01vj xo71vjh\" role=\"presentation\">\n<div class=\"_aasi\">\n<div class=\"x9f619 xjbqb8w x78zum5 x168nmei x13lgxp2 x5pf9jr xo71vjh x1n2onr6 x1plvlek xryxfnj x1c4vz4f x2lah0s x1q0g3np xqjyukv x6s0dn4 x1oa3qoh x1qughib\">\n<header class=\"_aaqw\">\n<div>\n<div class=\"\">\n<ul>\n<li class=\"x1i10hfl xjbqb8w xjqpnuy xa49m3k xqeqjp1 x2hbi6w x13fuv20 xu3j5b3 x1q0q8m5 x26u7qi x972fbf xcfux6l x1qhh985 xm0m39n x9f619 xdl72j9 x2lah0s xe8uvvx xdj266r x11i5rnm xat24cr x1mh8g0r x2lwn1j xeuugli xexx8yu x4uap5 x18d9i69 xkhd6sd x16tdsg8 x1hl2dhg xggy1nq x1ja2u2z x1t137rt x1o1ewxj x3x9cwd x1e5q0jg x13rtm0m x1q0g3np x87ps6o x1lku1pv x1a2a7pz x6s0dn4 xamitd3 xmper1u x1lliihq x1okw0bk xl56j7k x1n2onr6\" role=\"button\"><a class=\"x1i10hfl xjbqb8w x1ejq31n xd10rxx x1sy0etr x17r0tee x972fbf xcfux6l x1qhh985 xm0m39n x9f619 x1ypdohk xt0psk2 xe8uvvx xdj266r x11i5rnm xat24cr x1mh8g0r xexx8yu x4uap5 x18d9i69 xkhd6sd x16tdsg8 x1hl2dhg xggy1nq x1a2a7pz _acan _acao _acat _acaw _aj1- _ap30 _a6hd\" role=\"link\" href=\"https:\/\/www.instagram.com\/rtpaoficial\/\">rtpaoficial<\/a>\/<a href=\"https:\/\/www.elcomercio.es\/asturias\/carnaval\/aviles\/fotos-descenso-internacional-galiana-aviles-carnaval-20250301162114-ga.html\"><strong> El Comercio<\/strong><\/a> \/\u00a0 \u00a0 \/<\/li>\n<\/ul>\n<p>&nbsp;<\/p>\n<\/div>\n<\/div>\n<div class=\"_aaqy _aaqz\">\n<div class=\"_aaql\">\n<div style=\"text-align: center\"><a href=\"https:\/\/s2.ppllstatics.com\/elcomercio\/www\/multimedia\/2025\/03\/01\/descenso-galiana-aviles-fotos%20(1).jpg\"><img loading=\"lazy\" decoding=\"async\" class=\"aligncenter size-large\" src=\"https:\/\/s2.ppllstatics.com\/elcomercio\/www\/multimedia\/2025\/03\/01\/descenso-galiana-aviles-fotos%20(1).jpg\" width=\"1920\" height=\"1280\" \/><\/a><\/div>\n<div><\/div>\n<\/div>\n<\/div>\n<div style=\"text-align: center\"><a href=\"https:\/\/s1.ppllstatics.com\/elcomercio\/www\/multimedia\/2025\/03\/01\/descenso-galiana-aviles-fotos%20(18).jpg\"><img loading=\"lazy\" decoding=\"async\" class=\"aligncenter size-large\" src=\"https:\/\/s1.ppllstatics.com\/elcomercio\/www\/multimedia\/2025\/03\/01\/descenso-galiana-aviles-fotos%20(18).jpg\" width=\"1920\" height=\"1280\" \/><\/a><\/div>\n<div><\/div>\n<div class=\"_aaqy _aaqz\">\n<div class=\"_aaql\">\n<div style=\"text-align: center\"><a href=\"https:\/\/s2.ppllstatics.com\/elcomercio\/www\/multimedia\/2025\/03\/01\/descenso-galiana-aviles%20(45).jpg\"><img loading=\"lazy\" decoding=\"async\" class=\"aligncenter size-large\" src=\"https:\/\/s2.ppllstatics.com\/elcomercio\/www\/multimedia\/2025\/03\/01\/descenso-galiana-aviles%20(45).jpg\" width=\"1920\" height=\"1280\" \/><\/a><\/div>\n<div><\/div>\n<\/div>\n<div style=\"text-align: center\"><a href=\"https:\/\/s1.ppllstatics.com\/elcomercio\/www\/multimedia\/2025\/03\/01\/descenso-galiana-aviles%20(48).jpg\"><img loading=\"lazy\" decoding=\"async\" class=\"aligncenter size-large\" src=\"https:\/\/s1.ppllstatics.com\/elcomercio\/www\/multimedia\/2025\/03\/01\/descenso-galiana-aviles%20(48).jpg\" width=\"1920\" height=\"1280\" \/><\/a><\/div>\n<div><\/div>\n<div class=\"_aaql\">\n<div style=\"text-align: center\"><a href=\"https:\/\/s1.ppllstatics.com\/elcomercio\/www\/multimedia\/2025\/03\/01\/descenso-galiana-aviles%20(26).jpg\"><img loading=\"lazy\" decoding=\"async\" class=\"aligncenter size-large\" src=\"https:\/\/s1.ppllstatics.com\/elcomercio\/www\/multimedia\/2025\/03\/01\/descenso-galiana-aviles%20(26).jpg\" width=\"1920\" height=\"1280\" \/><\/a><\/div>\n<div><\/div>\n<\/div>\n<div style=\"text-align: center\"><a href=\"https:\/\/s3.ppllstatics.com\/elcomercio\/www\/multimedia\/2025\/03\/01\/descenso-galiana-aviles%20(5).jpg\"><img loading=\"lazy\" decoding=\"async\" class=\"aligncenter size-large\" src=\"https:\/\/s3.ppllstatics.com\/elcomercio\/www\/multimedia\/2025\/03\/01\/descenso-galiana-aviles%20(5).jpg\" width=\"1920\" height=\"1280\" \/><\/a><\/div>\n<div><\/div>\n<\/div>\n<\/header>\n<\/div>\n<div style=\"text-align: center\"><a href=\"https:\/\/s1.ppllstatics.com\/elcomercio\/www\/multimedia\/2025\/03\/01\/descenso-galiana-aviles%20(7).jpg\"><img loading=\"lazy\" decoding=\"async\" class=\"aligncenter size-large\" src=\"https:\/\/s1.ppllstatics.com\/elcomercio\/www\/multimedia\/2025\/03\/01\/descenso-galiana-aviles%20(7).jpg\" width=\"1920\" height=\"1280\" \/><\/a><\/div>\n<div class=\"x9f619 xjbqb8w x78zum5 x168nmei x13lgxp2 x5pf9jr xo71vjh x1n2onr6 x1plvlek xryxfnj x1c4vz4f x2lah0s x1q0g3np xqjyukv x6s0dn4 x1oa3qoh x1qughib\">\n<header class=\"_aaqw\">\n<div class=\"_aaqy _aaqz\">\n<div class=\"_aaql\">\n<div><\/div>\n<div><\/div>\n<div style=\"text-align: center\"><a href=\"https:\/\/s3.ppllstatics.com\/elcomercio\/www\/multimedia\/2025\/03\/01\/descenso-galiana-aviles-fotos%20(39).jpg\"><img loading=\"lazy\" decoding=\"async\" class=\"aligncenter size-large\" src=\"https:\/\/s3.ppllstatics.com\/elcomercio\/www\/multimedia\/2025\/03\/01\/descenso-galiana-aviles-fotos%20(39).jpg\" width=\"1920\" height=\"1280\" \/><\/a><\/div>\n<div class=\"x78zum5\">Conexi\u00f3n Asturies ll\u00e9vate en directu al <strong>Descensu Internacional y Fluvial de la Cai Galiana d&#8217;Avil\u00e9s.<\/strong> Los reporteros del programa xubir a los estramb\u00f3ticos artiluxos d&#8217;unu de los antroxos m\u00e1s importantes del norte d&#8217;Espa\u00f1a. A les 21:50 en\u00a0#TPA<\/div>\n<div>\n<!-- iframe plugin v.6.0 wordpress.org\/plugins\/iframe\/ -->\n<iframe loading=\"lazy\" src=\"https:\/\/www.instagram.com\/reel\/DGqj9tuoCzM\/embed\" width=\"640\" height=\"400\" 0=\"\/iframe\" scrolling=\"yes\" class=\"iframe-class\" frameborder=\"0\"><\/iframe>\n<\/div>\n<\/div>\n<\/div>\n<\/header>\n<\/div>\n<\/div>\n<\/div>\n<\/div>\n<\/div>\n<p>&nbsp;<\/p>\n","protected":false},"excerpt":{"rendered":"<p>Un r\u00edu de colores y espluma: Un total de 36 artiluxos salearon per un mar d&#8217;espluma nel Descensu de Galiana, unu de los principales actos del Antroxu d&#8217;Avil\u00e9s, onde se form\u00f3 una multitudinaria fiesta.<\/p>\n","protected":false},"author":117,"featured_media":0,"comment_status":"open","ping_status":"open","sticky":false,"template":"","format":"standard","meta":{"footnotes":""},"categories":[262,59],"tags":[],"class_list":["post-42915","post","type-post","status-publish","format-standard","hentry","category-antroxu","category-rtpa"],"_links":{"self":[{"href":"https:\/\/edublog.educastur.es\/ixuxu\/wp-json\/wp\/v2\/posts\/42915","targetHints":{"allow":["GET"]}}],"collection":[{"href":"https:\/\/edublog.educastur.es\/ixuxu\/wp-json\/wp\/v2\/posts"}],"about":[{"href":"https:\/\/edublog.educastur.es\/ixuxu\/wp-json\/wp\/v2\/types\/post"}],"author":[{"embeddable":true,"href":"https:\/\/edublog.educastur.es\/ixuxu\/wp-json\/wp\/v2\/users\/117"}],"replies":[{"embeddable":true,"href":"https:\/\/edublog.educastur.es\/ixuxu\/wp-json\/wp\/v2\/comments?post=42915"}],"version-history":[{"count":18,"href":"https:\/\/edublog.educastur.es\/ixuxu\/wp-json\/wp\/v2\/posts\/42915\/revisions"}],"predecessor-version":[{"id":42979,"href":"https:\/\/edublog.educastur.es\/ixuxu\/wp-json\/wp\/v2\/posts\/42915\/revisions\/42979"}],"wp:attachment":[{"href":"https:\/\/edublog.educastur.es\/ixuxu\/wp-json\/wp\/v2\/media?parent=42915"}],"wp:term":[{"taxonomy":"category","embeddable":true,"href":"https:\/\/edublog.educastur.es\/ixuxu\/wp-json\/wp\/v2\/categories?post=42915"},{"taxonomy":"post_tag","embeddable":true,"href":"https:\/\/edublog.educastur.es\/ixuxu\/wp-json\/wp\/v2\/tags?post=42915"}],"curies":[{"name":"wp","href":"https:\/\/api.w.org\/{rel}","templated":true}]}}