{"id":42922,"date":"2025-03-01T09:00:25","date_gmt":"2025-03-01T07:00:25","guid":{"rendered":"https:\/\/edublog.educastur.es\/ixuxu\/?p=42922"},"modified":"2025-03-01T22:01:21","modified_gmt":"2025-03-01T20:01:21","slug":"dia-mundial-de-la-proteccion-civil","status":"publish","type":"post","link":"https:\/\/edublog.educastur.es\/ixuxu\/2025\/03\/dia-mundial-de-la-proteccion-civil\/","title":{"rendered":"D\u00eda Mundial de la Protecci\u00f3n Civil"},"content":{"rendered":"<p style=\"text-align: center\"><a href=\"https:\/\/s2.ppllstatics.com\/elcomercio\/www\/multimedia\/202209\/09\/media\/cortadas\/proteccion-civil-k3LB-U1802171977geC-1968x1216@El%20Comercio.jpg\"><img loading=\"lazy\" decoding=\"async\" class=\"aligncenter size-large\" src=\"https:\/\/s2.ppllstatics.com\/elcomercio\/www\/multimedia\/202209\/09\/media\/cortadas\/proteccion-civil-k3LB-U1802171977geC-1968x1216@El%20Comercio.jpg\" width=\"1968\" height=\"1216\" \/><\/a><\/p>\n<p>Cada 1 de marzu celebra&#8217;l <strong>D\u00eda Mundial de la Protecci\u00f3n Civil,<\/strong> cola cuenta d&#8217;homenaxar a los homes y muyeres que trabayen nes organizaciones de protecci\u00f3n civil en tol mundu, dedicaos a la prevenci\u00f3n y amenorgamientu de desastres naturales y otres emerxencies. <strong>Orixe del D\u00eda. <\/strong>El D\u00eda Mundial de la Defensa Civil foi cre\u00e1u por iniciativa de l&#8217;Asamblea Xeneral de la ICDO, nel a\u00f1u 1990.<\/p>\n<p style=\"text-align: center\"><a href=\"https:\/\/upload.wikimedia.org\/wikipedia\/commons\/thumb\/a\/aa\/Emblem_of_the_Spanish_Civil_Defence.svg\/640px-Emblem_of_the_Spanish_Civil_Defence.svg.png\"><img loading=\"lazy\" decoding=\"async\" class=\"aligncenter \" src=\"https:\/\/upload.wikimedia.org\/wikipedia\/commons\/thumb\/a\/aa\/Emblem_of_the_Spanish_Civil_Defence.svg\/640px-Emblem_of_the_Spanish_Civil_Defence.svg.png\" width=\"112\" height=\"161\" \/><\/a><\/p>\n<p><!--more--><\/p>\n<p>La escogencia de la fecha para la celebraci\u00f3n d&#8217;esta efem\u00e9ride obedez a la conmemoraci\u00f3n de la puesta en vixencia de la Constituci\u00f3n de la Organizaci\u00f3n Internacional de Protecci\u00f3n Civil (O.I.P.C.) en 1972, como organizaci\u00f3n intergubernamental.<\/p>\n<p><em><span style=\"text-decoration: underline;color: #008080\">Los prop\u00f3sitos principales d&#8217;esti d\u00eda mundial son los siguientes:<\/span><\/em><\/p>\n<ul>\n<li><em>Sopelexar a la opini\u00f3n p\u00fablica mundial la importancia de la Protecci\u00f3n Civil.<\/em><\/li>\n<li><em>Dar a conocer les mid\u00edes de prevenci\u00f3n y autoprotecci\u00f3n, en casu d&#8217;accidentes o desastres.<\/em><\/li>\n<li><em>Homenaxar los esfuerzos y los llogros de los servicios responsables de la prevenci\u00f3n contra los desastres.<\/em><\/li>\n<\/ul>\n<p><strong>\u00bfEn qu\u00e9 consiste la Protecci\u00f3n Civil? <\/strong>La protecci\u00f3n civil o defensa civil consiste nun conxuntu d&#8217;actividaes, mid\u00edes y acciones empobinaes a sofitar a les poblaciones qu&#8217;habiten en zones vulnerables, con un altu riesgu de desastres naturales, antr\u00f3picos y accidentes provocaos pola mano del home.<\/p>\n<p>Cuenta col sofitu gubernamental, na dotaci\u00f3n de los recursos necesarios para la protecci\u00f3n de la integrid\u00e1 f\u00edsica de persones y bienes.<\/p>\n<p>Coles mesmes, <span style=\"color: #008080\"><strong>tien como finalid\u00e1 educar a la poblaci\u00f3n sobro los riesgos, prevenci\u00f3n y actuaci\u00f3n \u00e9nte desastres naturales, cat\u00e1strofes y emerxencies.<\/strong><\/span><\/p>\n<p><span style=\"color: #008080\"><strong>Organizaci\u00f3n Internacional de Protecci\u00f3n Civil (O.I.P.C.) <\/strong><\/span>La Organizaci\u00f3n Internacional de Protecci\u00f3n Civil (OIPC) ye una organizaci\u00f3n intergubernamental creada en 1972, que tien por finalid\u00e1 contribuyir a la dotaci\u00f3n de les estructures necesaries pa protexer a la poblaci\u00f3n (denominaes protecci\u00f3n civil, defensa civil y segurid\u00e1 civil) \u00e9nte situaciones d&#8217;emerxencia, seg\u00fan caltener los bienes y el mediu ambiente \u00e9nte l&#8217;escurrimientu de cat\u00e1strofes naturales y provocaes pol home. Esta organizaci\u00f3n internacional arrexunta a los organismos de defensa y protecci\u00f3n civil nacionales, creaos polos Estaos alredor del mundu.<\/p>\n<p>&nbsp;<\/p>\n","protected":false},"excerpt":{"rendered":"<p>Cada 1 de marzu celebra&#8217;l D\u00eda Mundial de la Protecci\u00f3n Civil, cola cuenta d&#8217;homenaxar a los homes y muyeres que trabayen nes organizaciones de protecci\u00f3n civil en tol mundu, dedicaos a la prevenci\u00f3n y amenorgamientu de desastres naturales y otres emerxencies. Orixe del D\u00eda. El D\u00eda Mundial de la Defensa Civil foi cre\u00e1u por iniciativa [&hellip;]<\/p>\n","protected":false},"author":117,"featured_media":0,"comment_status":"open","ping_status":"open","sticky":false,"template":"","format":"standard","meta":{"footnotes":""},"categories":[6],"tags":[],"class_list":["post-42922","post","type-post","status-publish","format-standard","hentry","category-dia-de"],"_links":{"self":[{"href":"https:\/\/edublog.educastur.es\/ixuxu\/wp-json\/wp\/v2\/posts\/42922","targetHints":{"allow":["GET"]}}],"collection":[{"href":"https:\/\/edublog.educastur.es\/ixuxu\/wp-json\/wp\/v2\/posts"}],"about":[{"href":"https:\/\/edublog.educastur.es\/ixuxu\/wp-json\/wp\/v2\/types\/post"}],"author":[{"embeddable":true,"href":"https:\/\/edublog.educastur.es\/ixuxu\/wp-json\/wp\/v2\/users\/117"}],"replies":[{"embeddable":true,"href":"https:\/\/edublog.educastur.es\/ixuxu\/wp-json\/wp\/v2\/comments?post=42922"}],"version-history":[{"count":4,"href":"https:\/\/edublog.educastur.es\/ixuxu\/wp-json\/wp\/v2\/posts\/42922\/revisions"}],"predecessor-version":[{"id":42934,"href":"https:\/\/edublog.educastur.es\/ixuxu\/wp-json\/wp\/v2\/posts\/42922\/revisions\/42934"}],"wp:attachment":[{"href":"https:\/\/edublog.educastur.es\/ixuxu\/wp-json\/wp\/v2\/media?parent=42922"}],"wp:term":[{"taxonomy":"category","embeddable":true,"href":"https:\/\/edublog.educastur.es\/ixuxu\/wp-json\/wp\/v2\/categories?post=42922"},{"taxonomy":"post_tag","embeddable":true,"href":"https:\/\/edublog.educastur.es\/ixuxu\/wp-json\/wp\/v2\/tags?post=42922"}],"curies":[{"name":"wp","href":"https:\/\/api.w.org\/{rel}","templated":true}]}}