{"id":42929,"date":"2025-02-28T19:30:50","date_gmt":"2025-02-28T17:30:50","guid":{"rendered":"https:\/\/edublog.educastur.es\/ixuxu\/?p=42929"},"modified":"2025-03-01T22:06:11","modified_gmt":"2025-03-01T20:06:11","slug":"el-premier-padel-xixon-p2","status":"publish","type":"post","link":"https:\/\/edublog.educastur.es\/ixuxu\/2025\/02\/el-premier-padel-xixon-p2\/","title":{"rendered":"El Premier Padel Xix\u00f3n P2"},"content":{"rendered":"<ul>\n<li><a href=\"https:\/\/gijonpremierpadel.com\">https:\/\/gijonpremierpadel.com<\/a> \/\u00a0<a href=\"https:\/\/www.instagram.com\/gijonpremierpadel\/\"> https:\/\/www.instagram.com\/gijonpremierpadel\/<\/a>\u00a0 \/<\/li>\n<\/ul>\n<p>La primer cita oficial de <span style=\"color: #008080\"><strong>Premier Padel n&#8217;Espa\u00f1a<\/strong><\/span> en 2025 y\u00e1 ta equ\u00ed. Del 24 de febreru al 2 de marzu, el Palaciu de Deportes de la Gu\u00eda va convertise nel escenariu onde van rellumar les grandes estrelles del p\u00e1del mundial.\u00a0El Premier Padel Xix\u00f3n P2 va dar el pistoletazu de salida al a\u00f1u padel\u00edstico n&#8217;Espa\u00f1a\u2026<\/p>\n<p style=\"text-align: center\">\n<!-- iframe plugin v.6.0 wordpress.org\/plugins\/iframe\/ -->\n<iframe loading=\"lazy\" src=\"https:\/\/www.instagram.com\/reel\/DGqdPhKI7qX\/embed\" width=\"400\" height=\"500\" 0=\"\/iframe\" scrolling=\"yes\" class=\"iframe-class\" frameborder=\"0\"><\/iframe>\n<\/p>\n<p><!--more--><\/p>\n<p style=\"text-align: center\"><a href=\"https:\/\/gijonpremierpadel.com\/wp-content\/uploads\/2025\/02\/PDL_2025_Gijon_Landing_Reel_DK.jpg\"><img loading=\"lazy\" decoding=\"async\" class=\"aligncenter \" src=\"https:\/\/gijonpremierpadel.com\/wp-content\/uploads\/2025\/02\/PDL_2025_Gijon_Landing_Reel_DK.jpg\" width=\"745\" height=\"447\" \/><\/a><\/p>\n<p style=\"text-align: center\">\n<!-- iframe plugin v.6.0 wordpress.org\/plugins\/iframe\/ -->\n<iframe loading=\"lazy\" src=\"https:\/\/www.instagram.com\/reel\/DGqiiaOodYW\/embed\" width=\"360\" height=\"500\" 0=\"\/iframe\" scrolling=\"yes\" class=\"iframe-class\" frameborder=\"0\"><\/iframe>\n<\/p>\n","protected":false},"excerpt":{"rendered":"<p>https:\/\/gijonpremierpadel.com \/\u00a0 https:\/\/www.instagram.com\/gijonpremierpadel\/\u00a0 \/ La primer cita oficial de Premier Padel n&#8217;Espa\u00f1a en 2025 y\u00e1 ta equ\u00ed. Del 24 de febreru al 2 de marzu, el Palaciu de Deportes de la Gu\u00eda va convertise nel escenariu onde van rellumar les grandes estrelles del p\u00e1del mundial.\u00a0El Premier Padel Xix\u00f3n P2 va dar el pistoletazu de salida [&hellip;]<\/p>\n","protected":false},"author":117,"featured_media":0,"comment_status":"open","ping_status":"open","sticky":false,"template":"","format":"standard","meta":{"footnotes":""},"categories":[133],"tags":[],"class_list":["post-42929","post","type-post","status-publish","format-standard","hentry","category-deportes"],"_links":{"self":[{"href":"https:\/\/edublog.educastur.es\/ixuxu\/wp-json\/wp\/v2\/posts\/42929","targetHints":{"allow":["GET"]}}],"collection":[{"href":"https:\/\/edublog.educastur.es\/ixuxu\/wp-json\/wp\/v2\/posts"}],"about":[{"href":"https:\/\/edublog.educastur.es\/ixuxu\/wp-json\/wp\/v2\/types\/post"}],"author":[{"embeddable":true,"href":"https:\/\/edublog.educastur.es\/ixuxu\/wp-json\/wp\/v2\/users\/117"}],"replies":[{"embeddable":true,"href":"https:\/\/edublog.educastur.es\/ixuxu\/wp-json\/wp\/v2\/comments?post=42929"}],"version-history":[{"count":6,"href":"https:\/\/edublog.educastur.es\/ixuxu\/wp-json\/wp\/v2\/posts\/42929\/revisions"}],"predecessor-version":[{"id":42939,"href":"https:\/\/edublog.educastur.es\/ixuxu\/wp-json\/wp\/v2\/posts\/42929\/revisions\/42939"}],"wp:attachment":[{"href":"https:\/\/edublog.educastur.es\/ixuxu\/wp-json\/wp\/v2\/media?parent=42929"}],"wp:term":[{"taxonomy":"category","embeddable":true,"href":"https:\/\/edublog.educastur.es\/ixuxu\/wp-json\/wp\/v2\/categories?post=42929"},{"taxonomy":"post_tag","embeddable":true,"href":"https:\/\/edublog.educastur.es\/ixuxu\/wp-json\/wp\/v2\/tags?post=42929"}],"curies":[{"name":"wp","href":"https:\/\/api.w.org\/{rel}","templated":true}]}}