{"id":42940,"date":"2025-03-01T22:07:55","date_gmt":"2025-03-01T20:07:55","guid":{"rendered":"https:\/\/edublog.educastur.es\/ixuxu\/?p=42940"},"modified":"2025-03-02T21:29:12","modified_gmt":"2025-03-02T19:29:12","slug":"semeya-ganadora-del-certame-fotograficu-memorial-ma-luisa","status":"publish","type":"post","link":"https:\/\/edublog.educastur.es\/ixuxu\/2025\/03\/semeya-ganadora-del-certame-fotograficu-memorial-ma-luisa\/","title":{"rendered":"Semeya ganadora del Certame fotogr\u00e1ficu Memorial M\u00aa Luisa"},"content":{"rendered":"<ul>\n<li><a href=\"https:\/\/www.memorialmarialuisa.com\/vencedores.php\">https:\/\/www.memorialmarialuisa.com\/vencedores.php<\/a> \/<a href=\"https:\/\/www.memorialmarialuisa.com\/edicion35.php\"><strong> Edici\u00f3n 35<\/strong><\/a> \/ <a href=\"https:\/\/www.facebook.com\/MemorialMariaLuisa\/?locale=es_ES\">Facebook<\/a> \/ <a href=\"https:\/\/www.lne.es\/asturias\/2025\/03\/01\/pantera-negra-estrellas-gana-19-114811716.html\"><strong>LNE<\/strong> <\/a>\/<\/li>\n<li><em><span style=\"color: #008080\">Certame Internacional<\/span> de Fotograf\u00eda y Video de Monte, Naturaleza y Aventura<\/em><\/li>\n<li>\u00a0La gala d&#8217;entrega de premios va tener llugar los d\u00edes 16 y 17 de mayu pr\u00f3ximu, en Infiesto y Uvi\u00e9u (nel teatru Filarm\u00f3nica).<\/li>\n<\/ul>\n<p><span style=\"color: #008080\"><strong>Una pantera negra so les estrelles<\/strong><\/span> gana, ente casi 19.000 semeyes, el Memorial \u00abMar\u00eda Luisa\u00bb L&#8217;indiu Rajarshi Banerji ye&#8217;l ganador del reconoc\u00edu concursu fotogr\u00e1ficu nac\u00edu en tributu a la pilo\u00f1esa Mar\u00eda Luisa \u00c1lvarez con <a href=\"https:\/\/fotocult.it\/wp-content\/uploads\/2025\/02\/%C2%A9-Rajarshi-Banerji-vincitore-categoria-Biodiversita-e-vincitore-assoluto-del-35%C2%B0-Memorial-Maria-Luisa.jpg\"><span style=\"color: #008080\"><strong>\u00abBlack panther under the stars\u00bb<\/strong><\/span><\/a>, <em><span style=\"color: #008080\"><strong>una m\u00e1xica instant\u00e1nea na que retrata a una pantera folgando sobro un \u00e1rbol.<\/strong><\/span><\/em><\/p>\n<p style=\"text-align: center\"><a href=\"https:\/\/fotocult.it\/wp-content\/uploads\/2025\/02\/%C2%A9-Rajarshi-Banerji-vincitore-categoria-Biodiversita-e-vincitore-assoluto-del-35%C2%B0-Memorial-Maria-Luisa.jpg\"><img loading=\"lazy\" decoding=\"async\" class=\"aligncenter size-large\" src=\"https:\/\/fotocult.it\/wp-content\/uploads\/2025\/02\/%C2%A9-Rajarshi-Banerji-vincitore-categoria-Biodiversita-e-vincitore-assoluto-del-35%C2%B0-Memorial-Maria-Luisa.jpg\" width=\"1800\" height=\"1208\" \/><\/a><\/p>\n<p><!--more--><\/p>\n<p>Quince premios principales y nueve mentes d&#8217;honor por ca\u00fana de les quince categor\u00edes de les que compunxeron el concursu. D&#8217;ente elles foi destacada la fotograf\u00eda <strong><span style=\"color: #008080\">Black panther under the stars, de Rajarshi Banerji, d&#8217;India, qu&#8217;am\u00e1s de llevase la victoria na categor\u00eda de Biodiversid\u00e1, foi galardonada col premiu absolutu del 35 Memorial Maria Luisa, Gran Premio Fundaci\u00f3n Cajastur.<\/span><\/strong><\/p>\n<p>El Xur\u00e1u en valorando les 18.684 fotograf\u00edes y 199 videos y documentales que fueron unviaos a concursu polos 1.590 fot\u00f3grafos inscritos, procedentes de 95 pa\u00edses, hai rese\u00f1ando aquelles fotograf\u00edes que resultaron ser les t\u00e9cnicamente m\u00e1s pervalibles y les visualmente m\u00e1s atanantes, llogrando como result\u00e1u ese conxuntu d&#8217;imaxes realmente singulares.<\/p>\n<p>Ente los fot\u00f3grafos nuevos, menores de diecinueve a\u00f1os d&#8217;ed\u00e1, el premiu recay\u00f3 na fotograf\u00eda The call if dawn de Maksymilian Paczkowski, de Polonia.<\/p>\n<p>El restu de el ganadores fueron: na categor\u00eda Paisaxe de monte, Thomas Crauwels (Suiza); n&#8217;Alpinismu y deportes d&#8217;iviernu, Germain Favre-Felix (Francia); n&#8217;Esguilada, Marc Daviet (Francia); n&#8217;Aventura y otros deportes estremos, Andreas Busslinger (Suiza) na categor\u00eda Semeya de viaxes y xentes, Azim Khan Ronnie (Bangladesh); en Mundu animal, Scott Portelli (Australia); Mundu de les aves, David Pedreira Rodr\u00edguez (Espa\u00f1a); en Mundu vexetal, Craig Mcgowan (Australia); en Mundu somorgui\u00e1u, Claire Waring (Reinu Un\u00edu); en Paisaxes naturales, Isabella Tabacchi (Italia); en Semeya creativa, Andr\u00e9s Basilio Sagarna (Espa\u00f1a); nel Mundu de los peque\u00f1os. Semeya macro, Imre Potyo (Hungr\u00eda); y na tema del a\u00f1u dedic\u00e1u a la fotograf\u00eda de semeyes, Natnattcha Chaturapitamorn (Tailandia).<\/p>\n<p>Tocantes a la categor\u00eda de v\u00eddeos, pel\u00edcules y documentales, la pel\u00edcula ganadora absoluta,<span style=\"color: #008080\"><strong> Gran Premio Semeya Ruano, foi Unwavering, de Chris Schmid (Suiza).<\/strong><\/span><\/p>\n<p style=\"text-align: center\"><a href=\"https:\/\/www.memorialmarialuisa.com\/images\/15_logo.jpg\"><img loading=\"lazy\" decoding=\"async\" class=\"aligncenter size-large\" src=\"https:\/\/www.memorialmarialuisa.com\/images\/15_logo.jpg\" width=\"280\" height=\"178\" \/><\/a><\/p>\n","protected":false},"excerpt":{"rendered":"<p>https:\/\/www.memorialmarialuisa.com\/vencedores.php \/ Edici\u00f3n 35 \/ Facebook \/ LNE \/ Certame Internacional de Fotograf\u00eda y Video de Monte, Naturaleza y Aventura \u00a0La gala d&#8217;entrega de premios va tener llugar los d\u00edes 16 y 17 de mayu pr\u00f3ximu, en Infiesto y Uvi\u00e9u (nel teatru Filarm\u00f3nica). Una pantera negra so les estrelles gana, ente casi 19.000 semeyes, el [&hellip;]<\/p>\n","protected":false},"author":117,"featured_media":0,"comment_status":"open","ping_status":"open","sticky":false,"template":"","format":"standard","meta":{"footnotes":""},"categories":[74,56,17],"tags":[],"class_list":["post-42940","post","type-post","status-publish","format-standard","hentry","category-certame","category-fotografia","category-semeyes"],"_links":{"self":[{"href":"https:\/\/edublog.educastur.es\/ixuxu\/wp-json\/wp\/v2\/posts\/42940","targetHints":{"allow":["GET"]}}],"collection":[{"href":"https:\/\/edublog.educastur.es\/ixuxu\/wp-json\/wp\/v2\/posts"}],"about":[{"href":"https:\/\/edublog.educastur.es\/ixuxu\/wp-json\/wp\/v2\/types\/post"}],"author":[{"embeddable":true,"href":"https:\/\/edublog.educastur.es\/ixuxu\/wp-json\/wp\/v2\/users\/117"}],"replies":[{"embeddable":true,"href":"https:\/\/edublog.educastur.es\/ixuxu\/wp-json\/wp\/v2\/comments?post=42940"}],"version-history":[{"count":8,"href":"https:\/\/edublog.educastur.es\/ixuxu\/wp-json\/wp\/v2\/posts\/42940\/revisions"}],"predecessor-version":[{"id":42948,"href":"https:\/\/edublog.educastur.es\/ixuxu\/wp-json\/wp\/v2\/posts\/42940\/revisions\/42948"}],"wp:attachment":[{"href":"https:\/\/edublog.educastur.es\/ixuxu\/wp-json\/wp\/v2\/media?parent=42940"}],"wp:term":[{"taxonomy":"category","embeddable":true,"href":"https:\/\/edublog.educastur.es\/ixuxu\/wp-json\/wp\/v2\/categories?post=42940"},{"taxonomy":"post_tag","embeddable":true,"href":"https:\/\/edublog.educastur.es\/ixuxu\/wp-json\/wp\/v2\/tags?post=42940"}],"curies":[{"name":"wp","href":"https:\/\/api.w.org\/{rel}","templated":true}]}}