{"id":43023,"date":"2025-03-01T22:08:02","date_gmt":"2025-03-01T20:08:02","guid":{"rendered":"https:\/\/edublog.educastur.es\/ixuxu\/?p=43023"},"modified":"2025-03-02T21:29:29","modified_gmt":"2025-03-02T19:29:29","slug":"les-espectaculares-imaxes-ganadores-del-world-nature-photography-2025","status":"publish","type":"post","link":"https:\/\/edublog.educastur.es\/ixuxu\/2025\/03\/les-espectaculares-imaxes-ganadores-del-world-nature-photography-2025\/","title":{"rendered":"Les espectaculares imaxes ganadores del World Nature Photography 2025"},"content":{"rendered":"<ul>\n<li>Fonte: <a href=\"https:\/\/www.nationalgeographic.com.es\/mundo-animal\/imagenes-ganadoras-world-nature-photography-2025_24342\">National Geographic<\/a> \/<\/li>\n<li><span style=\"color: #008080\"><strong>World Nature Photography 2025<\/strong><\/span>:<a href=\"https:\/\/www.worldnaturephotographyawards.com\/winners-2025\"> web<\/a> \/ <a href=\"https:\/\/www.worldnaturephotographyawards.com\/winners-2025\">ver la maraviyosa galer\u00eda<\/a> \/<\/li>\n<\/ul>\n<p style=\"text-align: center\"><a href=\"https:\/\/images.squarespace-cdn.com\/content\/v1\/5de93a2db580764b4f6963f9\/cb423511-fb33-4b99-985f-a40339562ddf\/BRONZE%C2%A9Donna+Feledichuk_Might+as+well+jump.jpg?format=1000w\"><img loading=\"lazy\" decoding=\"async\" class=\"aligncenter size-large\" src=\"https:\/\/images.squarespace-cdn.com\/content\/v1\/5de93a2db580764b4f6963f9\/cb423511-fb33-4b99-985f-a40339562ddf\/BRONZE%C2%A9Donna+Feledichuk_Might+as+well+jump.jpg?format=1000w\" width=\"1000\" height=\"642\" \/><\/a>\u00a9 Donna Feledichuk, Canada \/ Bronce en Behaviour &#8211; Mammals<\/p>\n<p>El certame, que y\u00e1 revel\u00f3 les 14 pieces galardonaes, busca inspirar y motivar a les persones a realizar pequenos cambeos en beneficiu del planeta Tierra. Como en cada edici\u00f3n, miles de fot\u00f3grafos unviaron les sos pieces a la organizaci\u00f3n del concursu, pero solu hubo 14 ganadores, unu per cada categor\u00eda.<\/p>\n<p><!--more--><\/p>\n<p>El certame World Nature Photography vuelve en 2025 a cautivanos cola so llista de galardonaos, que premia la excelencia de fot\u00f3grafos de toes partes del mundu y qu&#8217;amuesa la guapura del nuesu planeta de forma tan creativa como fascinante: dende los blancos paisaxes d&#8217;Eslovenia habitaos por venaos, hasta los detalles d&#8217;una mosca atrapada pola tela d&#8217;una ara\u00f1a.<\/p>\n<p><strong>El prop\u00f3situ d&#8217;esti concursu ye espertar nel p\u00fablicu l&#8217;inter\u00e9s por faer pequenos esfuerzos para ameyorar el futuru de la Tierra<\/strong>:<strong><em><span style=\"color: #008080\"> \u00abLa fotograf\u00eda puede ser de gran ayuda para influyir nes persones por que vean el mundu dende una perspectiva distinta y camuden los sos propios vezos pol bien del planeta\u00bb<\/span><\/em><\/strong>, menten na so p\u00e1xina web. Asina, una de les sos actividaes paraleles a la elecci\u00f3n de ganadores consiste en llantar un \u00e1rbol cada vez que daqui\u00e9n participa na competencia.<\/p>\n<p>&nbsp;<\/p>\n","protected":false},"excerpt":{"rendered":"<p>Fonte: National Geographic \/ World Nature Photography 2025: web \/ ver la maraviyosa galer\u00eda \/ \u00a9 Donna Feledichuk, Canada \/ Bronce en Behaviour &#8211; Mammals El certame, que y\u00e1 revel\u00f3 les 14 pieces galardonaes, busca inspirar y motivar a les persones a realizar pequenos cambeos en beneficiu del planeta Tierra. Como en cada edici\u00f3n, miles [&hellip;]<\/p>\n","protected":false},"author":117,"featured_media":0,"comment_status":"open","ping_status":"open","sticky":false,"template":"","format":"standard","meta":{"footnotes":""},"categories":[74,4,58,17],"tags":[],"class_list":["post-43023","post","type-post","status-publish","format-standard","hentry","category-certame","category-natura","category-premios","category-semeyes"],"_links":{"self":[{"href":"https:\/\/edublog.educastur.es\/ixuxu\/wp-json\/wp\/v2\/posts\/43023","targetHints":{"allow":["GET"]}}],"collection":[{"href":"https:\/\/edublog.educastur.es\/ixuxu\/wp-json\/wp\/v2\/posts"}],"about":[{"href":"https:\/\/edublog.educastur.es\/ixuxu\/wp-json\/wp\/v2\/types\/post"}],"author":[{"embeddable":true,"href":"https:\/\/edublog.educastur.es\/ixuxu\/wp-json\/wp\/v2\/users\/117"}],"replies":[{"embeddable":true,"href":"https:\/\/edublog.educastur.es\/ixuxu\/wp-json\/wp\/v2\/comments?post=43023"}],"version-history":[{"count":2,"href":"https:\/\/edublog.educastur.es\/ixuxu\/wp-json\/wp\/v2\/posts\/43023\/revisions"}],"predecessor-version":[{"id":43025,"href":"https:\/\/edublog.educastur.es\/ixuxu\/wp-json\/wp\/v2\/posts\/43023\/revisions\/43025"}],"wp:attachment":[{"href":"https:\/\/edublog.educastur.es\/ixuxu\/wp-json\/wp\/v2\/media?parent=43023"}],"wp:term":[{"taxonomy":"category","embeddable":true,"href":"https:\/\/edublog.educastur.es\/ixuxu\/wp-json\/wp\/v2\/categories?post=43023"},{"taxonomy":"post_tag","embeddable":true,"href":"https:\/\/edublog.educastur.es\/ixuxu\/wp-json\/wp\/v2\/tags?post=43023"}],"curies":[{"name":"wp","href":"https:\/\/api.w.org\/{rel}","templated":true}]}}