{"id":43050,"date":"2025-03-03T09:30:26","date_gmt":"2025-03-03T07:30:26","guid":{"rendered":"https:\/\/edublog.educastur.es\/ixuxu\/?p=43050"},"modified":"2025-03-06T11:00:54","modified_gmt":"2025-03-06T09:00:54","slug":"entrega-de-los-premios-oscars","status":"publish","type":"post","link":"https:\/\/edublog.educastur.es\/ixuxu\/2025\/03\/entrega-de-los-premios-oscars\/","title":{"rendered":"Entrega de la 97 edici\u00f3n de Premios Oscars"},"content":{"rendered":"<p style=\"text-align: center\"><a href=\"https:\/\/upload.wikimedia.org\/wikipedia\/commons\/thumb\/3\/32\/Academy_Award_of_Merit_%28Oscar%29.png\/300px-Academy_Award_of_Merit_%28Oscar%29.png\"><img loading=\"lazy\" decoding=\"async\" class=\"aligncenter \" src=\"https:\/\/upload.wikimedia.org\/wikipedia\/commons\/thumb\/3\/32\/Academy_Award_of_Merit_%28Oscar%29.png\/300px-Academy_Award_of_Merit_%28Oscar%29.png\" width=\"173\" height=\"386\" \/><\/a><\/p>\n<ul>\n<li class=\"ft-text\"><strong>Meyor pel\u00edcula d&#8217;animaci\u00f3n<\/strong>:<strong><span style=\"color: #008080\">&#8216;Flow&#8217; \/ <\/span><\/strong><a href=\"https:\/\/www.20minutos.es\/cinemania\/noticias\/flow-premios-oscar-2025-mejor-pelicula-animacion-5682887\/\"><span style=\"color: #008080\">rese\u00f1a<\/span><\/a><strong><span style=\"color: #008080\"> \/\u00a0<\/span><\/strong><\/li>\n<\/ul>\n<p class=\"ft-text\" style=\"text-align: center\">\n<!-- iframe plugin v.6.0 wordpress.org\/plugins\/iframe\/ -->\n<iframe loading=\"lazy\" width=\"100%\" height=\"387\" src=\"https:\/\/www.youtube.com\/embed\/l5zSgSuIDU4\" title=\"Flow - Trailer Oficial\" frameborder=\"0\" allow=\"accelerometer; autoplay; clipboard-write; encrypted-media; gyroscope; picture-in-picture; web-share\" referrerpolicy=\"strict-origin-when-cross-origin\" 0=\"allowfullscreen\" 1=\"\/iframe\" scrolling=\"yes\" class=\"iframe-class\"><\/iframe>\n<\/p>\n<ul>\n<li class=\"ft-text\" style=\"text-align: left\"><strong>Meyor curtiometraxe d&#8217;animaci\u00f3n<\/strong>:\u00a0 <strong><span style=\"color: #008080\">&#8216;In the Shadow of the Cypress&#8217;<\/span><\/strong><strong><span style=\"color: #008080\">: <\/span><\/strong><a href=\"https:\/\/es.wikipedia.org\/wiki\/In_the_Shadow_of_the_Cypress\"><span style=\"color: #008080\">wiki<\/span><\/a><strong><span style=\"color: #008080\"> \/ <\/span><\/strong><a href=\"https:\/\/www.filmaffinity.com\/es\/film253413.html\"><span style=\"color: #008080\">ficha<\/span><\/a><strong><span style=\"color: #008080\"> \/<\/span><\/strong><\/li>\n<\/ul>\n<p><!--more--><\/p>\n<p style=\"text-align: center\">\n<!-- iframe plugin v.6.0 wordpress.org\/plugins\/iframe\/ -->\n<iframe loading=\"lazy\" width=\"100%\" height=\"387\" src=\"https:\/\/www.youtube.com\/embed\/52BbItOrThk\" title=\"In The Shadow of The Cypress | Oscar Nominated Short Film | Official Trailer\" frameborder=\"0\" allow=\"accelerometer; autoplay; clipboard-write; encrypted-media; gyroscope; picture-in-picture; web-share\" referrerpolicy=\"strict-origin-when-cross-origin\" 0=\"allowfullscreen\" 1=\"\/iframe\" scrolling=\"yes\" class=\"iframe-class\"><\/iframe>\n<\/p>\n<ul>\n<li><a href=\"https:\/\/x.com\/Oscars_2025\">#Oscars_2025<\/a> \/ Fonte: <a href=\"https:\/\/es.wikipedia.org\/wiki\/Premios_\u00d3scar\">wiki<\/a> \/ <a href=\"https:\/\/www.oscars.org\"><strong>Oscars<\/strong><\/a> \/ <a href=\"https:\/\/www.instagram.com\/oscars_awards_2025\/\">Instagram<\/a> \/ <a href=\"https:\/\/elpais.com\/cultura\/premios-oscar\/2025-02-26\/donde-ver-las-peliculas-de-los-premios-oscar.html\">El Pa\u00eds<\/a> \/<\/li>\n<li><span style=\"color: #008080\"><strong>Flow<\/strong><\/span>: Un gatu negro y una inundaci\u00f3n. El director let\u00f3n Gints Zilbalodis nun precisa m\u00e1s nesta xoya de l&#8217;animaci\u00f3n, que conf\u00eda dafechu nel poder visual del so suxerente mundu para cautivar al espectador. En Flow, nun se pronuncia una sola palabra mientres la odisea d&#8217;un gatu con mieu a l&#8217;agua que s&#8217;atopa, de s\u00f3pitu, col fin del mundu.<\/li>\n<\/ul>\n<p><strong><em>\u00abVamos toos nel mesmu barcu y tenemos d&#8217;atopar maneres de superar les nueses diferencies y trabayar xuntos\u00bb<\/em><\/strong>, dixo&#8217;l cineasta al recoyer el Oscar, premiu que nun duld\u00f3 en dedicar al so perru y el so gatu.<\/p>\n<p style=\"text-align: center\"><a href=\"https:\/\/www.lahiguera.net\/cinemania\/pelicula\/11414\/flow-cartel-12197.jpg\"><img loading=\"lazy\" decoding=\"async\" class=\"aligncenter size-large\" src=\"https:\/\/www.lahiguera.net\/cinemania\/pelicula\/11414\/flow-cartel-12197.jpg\" width=\"640\" height=\"914\" \/><\/a><\/p>\n<p>&nbsp;<\/p>\n<ul>\n<li><span style=\"color: #008080\"><strong>In the Shadow of the Cypress<\/strong><\/span>\u00a0 ye un curtiumetraxe d&#8217;animaci\u00f3n iranina de 2023, dirix\u00edu por Hossein Molayemi y Shirin Sohani, y produc\u00edu por Barack Animation Studio. La pel\u00edcula de 20 minutos, qu&#8217;enceta&#8217;l trestornu de estr\u00e9s postraum\u00e1tico. Viviendo n&#8217;una casa xuntu al mar cola so f\u00eda, un ex capit\u00e1n que carez trestornu de estr\u00e9s postraum\u00e1tico lleva una vida dura y apartada.<\/li>\n<\/ul>\n<p style=\"text-align: center\"><a href=\"https:\/\/i.vimeocdn.com\/vod_poster\/652875_550x814?sig=39eb8b3c5c65a5f5aeced05da980eb0955930c02338f9578b1dec9758ccdb2eb&amp;v=1\"><img loading=\"lazy\" decoding=\"async\" class=\"aligncenter size-large\" src=\"https:\/\/i.vimeocdn.com\/vod_poster\/652875_550x814?sig=39eb8b3c5c65a5f5aeced05da980eb0955930c02338f9578b1dec9758ccdb2eb&amp;v=1\" width=\"550\" height=\"814\" \/><\/a><\/p>\n<p style=\"text-align: center\">\n","protected":false},"excerpt":{"rendered":"<p>Meyor pel\u00edcula d&#8217;animaci\u00f3n:&#8216;Flow&#8217; \/ rese\u00f1a \/\u00a0 Meyor curtiometraxe d&#8217;animaci\u00f3n:\u00a0 &#8216;In the Shadow of the Cypress&#8217;: wiki \/ ficha \/<\/p>\n","protected":false},"author":117,"featured_media":0,"comment_status":"open","ping_status":"open","sticky":false,"template":"","format":"standard","meta":{"footnotes":""},"categories":[299,37,58],"tags":[],"class_list":["post-43050","post","type-post","status-publish","format-standard","hentry","category-cine","category-curtiu","category-premios"],"_links":{"self":[{"href":"https:\/\/edublog.educastur.es\/ixuxu\/wp-json\/wp\/v2\/posts\/43050","targetHints":{"allow":["GET"]}}],"collection":[{"href":"https:\/\/edublog.educastur.es\/ixuxu\/wp-json\/wp\/v2\/posts"}],"about":[{"href":"https:\/\/edublog.educastur.es\/ixuxu\/wp-json\/wp\/v2\/types\/post"}],"author":[{"embeddable":true,"href":"https:\/\/edublog.educastur.es\/ixuxu\/wp-json\/wp\/v2\/users\/117"}],"replies":[{"embeddable":true,"href":"https:\/\/edublog.educastur.es\/ixuxu\/wp-json\/wp\/v2\/comments?post=43050"}],"version-history":[{"count":16,"href":"https:\/\/edublog.educastur.es\/ixuxu\/wp-json\/wp\/v2\/posts\/43050\/revisions"}],"predecessor-version":[{"id":43118,"href":"https:\/\/edublog.educastur.es\/ixuxu\/wp-json\/wp\/v2\/posts\/43050\/revisions\/43118"}],"wp:attachment":[{"href":"https:\/\/edublog.educastur.es\/ixuxu\/wp-json\/wp\/v2\/media?parent=43050"}],"wp:term":[{"taxonomy":"category","embeddable":true,"href":"https:\/\/edublog.educastur.es\/ixuxu\/wp-json\/wp\/v2\/categories?post=43050"},{"taxonomy":"post_tag","embeddable":true,"href":"https:\/\/edublog.educastur.es\/ixuxu\/wp-json\/wp\/v2\/tags?post=43050"}],"curies":[{"name":"wp","href":"https:\/\/api.w.org\/{rel}","templated":true}]}}