{"id":43077,"date":"2025-03-05T10:32:47","date_gmt":"2025-03-05T08:32:47","guid":{"rendered":"https:\/\/edublog.educastur.es\/ixuxu\/?p=43077"},"modified":"2025-03-05T15:01:28","modified_gmt":"2025-03-05T13:01:28","slug":"educacion-pon-en-marcha-un-programa-de-prevencion-del-acoso-escolar-nel-quel-mesmu-alumnau-realiza-llabores-de-tutoria","status":"publish","type":"post","link":"https:\/\/edublog.educastur.es\/ixuxu\/2025\/03\/educacion-pon-en-marcha-un-programa-de-prevencion-del-acoso-escolar-nel-quel-mesmu-alumnau-realiza-llabores-de-tutoria\/","title":{"rendered":"Educaci\u00f3n pon en marcha un programa de prevenci\u00f3n del acoso escolar nel qu&#8217;el mesmu alumn\u00e1u realiza llabores de tutor\u00eda"},"content":{"rendered":"<div class=\"xu06os2 x1ok221b\">\n<div class=\"html-div xdj266r x11i5rnm xat24cr x1mh8g0r xexx8yu x4uap5 x18d9i69 xkhd6sd\" data-ad-rendering-role=\"profile_name\">\n<ul>\n<li class=\"html-h3 x11i5rnm xat24cr x1mh8g0r xexx8yu x4uap5 x18d9i69 xkhd6sd x1vvkbs x1heor9g x1qlqyl8 x1pd3egz x1a2a7pz x1gslohp x1yc453h\"><span class=\"x1lliihq x6ikm8r x10wlt62 x1n2onr6\"><span class=\"xt0psk2\"><span class=\"xjp7ctv\"><a class=\"x1i10hfl xjbqb8w x1ejq31n xd10rxx x1sy0etr x17r0tee x972fbf xcfux6l x1qhh985 xm0m39n x9f619 x1ypdohk xt0psk2 xe8uvvx xdj266r x11i5rnm xat24cr x1mh8g0r xexx8yu x4uap5 x18d9i69 xkhd6sd x16tdsg8 x1hl2dhg xggy1nq x1a2a7pz xkrqix3 x1sur9pj xzsf02u x1s688f\" role=\"link\" href=\"https:\/\/www.facebook.com\/educastur?__cft__[0]=AZUEPKPax7p4GWUMjqNpaKJxlQdpl_4JsG45-Vyou03ww_F7cvtVtKUXAh8-yIfKDSyAq6OXVxDQSkCmqDqnhqvEkEdfLqHcPAZUQ5ZXSlGDj-kXvA5AKUq_81T94aLdzb-WNM3RA2ClgL-wsxDObO49TRDO5n6ZlMINvqgMmqN2cA5JhKcdILp-fc27UfifAinmb8_Zx4DTyfQZGcS9FCN3Jte-s2X1vZOX3m7PkERlhw&amp;__tn__=-UC%2CP-y-R\" aria-describedby=\":rsf:\"><strong class=\"html-strong xdj266r x11i5rnm xat24cr x1mh8g0r xexx8yu x4uap5 x18d9i69 xkhd6sd x1hl2dhg x16tdsg8 x1vvkbs x1s688f\"><span class=\"html-span xdj266r x11i5rnm xat24cr x1mh8g0r xexx8yu x4uap5 x18d9i69 xkhd6sd x1hl2dhg x16tdsg8 x1vvkbs\">Conseyer\u00eda d&#8217;Educaci\u00f3n<\/span><\/strong><\/a><\/span><\/span><\/span><span class=\"html-span xdj266r x11i5rnm xat24cr x1mh8g0r xexx8yu x4uap5 x18d9i69 xkhd6sd x1hl2dhg x16tdsg8 x1vvkbs\"><span class=\"html-span xdj266r x11i5rnm xat24cr x1mh8g0r xexx8yu x4uap5 x18d9i69 xkhd6sd x1hl2dhg x16tdsg8 x1vvkbs x4k7w5x x1h91t0o x1h9r5lt x1jfb8zj xv2umb2 x1beo9mf xaigb6o x12ejxvf x3igimt xarpa2k xedcshv x1lytzrv x1t2pt76 x7ja8zs x1qrby5j\"><span class=\"x1rg5ohu x6ikm8r x10wlt62 x16dsc37 xt0b8zv\" aria-labelledby=\":rsh:\"><span class=\"xmper1u xt0psk2 xjb2p0i x1qlqyl8 x15bjb6t x1n2onr6 x17ihmo5 x1g77sc7\"><span class=\"x1r8a4m5 x1n2onr6 x17ihmo5 x1hzvdaj brhKlDA1 qrhKlDzQ rrhKlDzR orhKlDzO bdrh mdr2 ndr3 odr4\">\/ A<a href=\"https:\/\/l.facebook.com\/l.php?u=https%3A%2F%2Facortar.link%2FF0ChJF%3Ffbclid%3DIwZXh0bgNhZW0CMTAAAR0WXqLGMrPiWsSMXa8dkclkgMahXlaC9ONqqTu5Ho5VvTlBYCtjMQDqkaE_aem_E6IvK3cNOg-_C1P6R96MLw&amp;h=AT3VWpXvJhKJC_uqoyv4H57paZixQXwEfevRpGbAdugHE0t8VLXg-BxsnIx-RiIuDJS11i6wRvqLStzMN_kW4KzLUyFeb_R6MmMz8Wwq9fe1lUo85PNYFXpfEL9maPe-jg&amp;__tn__=-UK-y-R&amp;c[0]=AT1oXC9Y6dW8cgng88KPmERhYeC3vWe-BackNPNEl8ylsKNtRuCyCUDK7pv56qUFKWBKtfZtI2n0EdQd4LFc4I-rLI0L45ZGRidP9kbasA9xUUWudkVsh7BP9WlsDz5-1oahJE5H2TugfDs5ZJjSTsGB4tb6RVIBwIfMphjLmL3xoE2_AqMBoYwimSIdIpTMqTPYFo4NJT9QkwTerCRFI2ggboFP0uO3dAHV5FMqfwPISKk10w\">ctualidad Asturies<\/a> \/<\/span><\/span><\/span><\/span><\/span><\/li>\n<\/ul>\n<p><a href=\"https:\/\/actualidad.asturias.es\/documents\/537115\/2414474\/2025_02_04+Presentacion+programa+TEI+1.jpg\/f024babc-c0a8-85c5-8584-8299b4be4f89?t=1741090659759\"><img loading=\"lazy\" decoding=\"async\" class=\"aligncenter size-large\" src=\"https:\/\/actualidad.asturias.es\/documents\/537115\/2414474\/2025_02_04+Presentacion+programa+TEI+1.jpg\/f024babc-c0a8-85c5-8584-8299b4be4f89?t=1741090659759\" width=\"1493\" height=\"906\" \/><\/a><\/p>\n<\/div>\n<\/div>\n<div class=\"html-div xdj266r x11i5rnm xat24cr x1mh8g0r xexx8yu x4uap5 x18d9i69 xkhd6sd\" dir=\"auto\">\n<div class=\"html-div xdj266r x11i5rnm xat24cr x1mh8g0r xexx8yu x4uap5 x18d9i69 xkhd6sd\" dir=\"auto\">\n<div class=\"html-div xdj266r x11i5rnm xat24cr x1mh8g0r xexx8yu x4uap5 x18d9i69 xkhd6sd\" data-ad-rendering-role=\"story_message\">\n<div class=\"x1l90r2v x1iorvi4 x1ye3gou xn6708d\" data-ad-comet-preview=\"message\" data-ad-preview=\"message\">\n<div class=\"x78zum5 xdt5ytf xz62fqu x16ldp7u\">\n<div class=\"xu06os2 x1ok221b\">\n<div dir=\"auto\">\n<p><em> La conseyera d&#8217;Educaci\u00f3n, Lydia Espina, acompa\u00f1ada d&#8217;Andr\u00e9s Gonz\u00e1lez Bellido, ceador del programa TEI, y del director xeneral d&#8217;Inclusi\u00f3n Educativa y Ordenaci\u00f3n, David Artime.<\/em><\/p>\n<p>El Gobiernu del Princip\u00e1u empecipi\u00f3&#8217;l desenvolvimientu d&#8217;un programa para la prevenci\u00f3n de la violencia y l&#8217;acoso escolar nos centros educativos p\u00fablicos y alcordaos. El m\u00e9todu denomin\u00e1u <span style=\"color: #008080\"><strong>Tutor\u00eda ente Iguales (TEI)<\/strong><\/span>&#8211; empieza agora cola formaci\u00f3n del profesor\u00e1u y va ser obligatoria nes etapes d&#8217;Infantil, Primaria y Secundaria, y opcional en Formaci\u00f3n Profesional (FP), a partir de setiembre.<\/p>\n<p><!--more--><\/p>\n<p>La principal singularid\u00e1 d&#8217;esti programa consiste en <strong>convertir al propiu alumn\u00e1u en tutor de compa\u00f1eros m\u00e1s nuevos<\/strong>; en concretu, de dos cursos per debaxo. Esa funci\u00f3n de padrinazgo ye<strong> totalmente voluntaria,<\/strong> pero la esperiencia nos centros que y\u00e1 apliquen el TEI acredita qu&#8217;el 99% del alumn\u00e1u de Primaria y el 96% de Secundaria acepta desempe\u00f1ar esi papel.<\/p>\n<blockquote><p><em><span style=\"color: #008080\">\u201cTamos trabayando pa protexer a la comunid\u00e1 educativa. Ye una llabor na que tenemos d&#8217;implicanos toos y toes. Tou aquel que forma parte de la vida de los centros educativos tien de trabayar na prevenci\u00f3n\u201d<\/span><\/em><\/p><\/blockquote>\n<p>El programa adquir\u00edu pol Princip\u00e1u tien un costu de 151.250 euros. Bellido y el so equipu impartieron en febreru una primer charra formativa a un grupu de representantes del Serviciu d&#8217;Inspecci\u00f3n Educativa, de los Centros del Profesor\u00e1u y Recursos (CPR), del equipu rexonal, orientadores y direcciones de Primaria y Secundaria.<\/p>\n<p>Nesa primera toma de contactu, estableci\u00f3se&#8217;l marcu conceptual del proyectu, present\u00e1ronse los materiales y encet\u00f3se el procesu d&#8217;implantaci\u00f3n. La conseyer\u00eda preve rematar en xunu&#8217;l per\u00edodu formativu, que va tener nueves fases n&#8217;abril y mayu. Am\u00e1s, en septiembre habr\u00e1 xuna xornada de bienvenida y de refuerzu de los aspeutos b\u00e1sicos del programa.<\/p>\n<p><strong>El TEI ye un modelu qu&#8217;arreya a tola comunid\u00e1 educativa<\/strong>. <span style=\"color: #008080\">Ente los sos oxetivos figuren la meyora de la integraci\u00f3n escolar, el fomentu de les bones relaciones ente l&#8217;alumn\u00e1u y l&#8217;aspiraci\u00f3n de llograr una escuela inclusivo y exento de violencia f\u00edsica, emocional o psicol\u00f3xica.<\/span><\/p>\n<p>La *tutorizaci\u00f3n emocional ente iguales *promueve el respetu, la empat\u00eda y el compromisu y el so formatu consigue implicar, nun periodu de solu dos a\u00f1os, a la totalid\u00e1 de los estudiantes d&#8217;un mesmu centru educativu, lo que favorez la inclusi\u00f3n.<\/p>\n<p>La base del *TEI ye eminentemente pr\u00e1ctica y sof\u00edtase na esperiencia del profesor\u00e1u de les distintes etapes. Coles mesmes, el so desenvolvimientu te\u00f3ricu apigura tr\u00e9s grandes campos de la psicolox\u00eda contemporanea: la teor\u00eda de los sistemes ecol\u00f3xicos, la intelixencia-educaci\u00f3n emocional y la psicolox\u00eda positiva.<\/p>\n<p><strong>Presente en dos mil centros.\u00a0<\/strong>El programa ta implant\u00e1u en dos mil colexos, institutos y centros d&#8217;educaci\u00f3n especial d&#8217;una quincena de pa\u00edses\u2013 recibi\u00f3 numberoses reconocencies, ente ellos, un premiu del Ministeriu d&#8217;Educaci\u00f3n en 2017. Tami\u00e9n se someti\u00f3 a delles evaluaciones internes y esternes, que constaten meyores significatives en tolos par\u00e1metros analizaos.<strong> La m\u00e1s llamativa ye que les situaciones d&#8217;acoso detect\u00e1ronse a tiempu nel 98% de los casos o inclusive sumieron.<\/strong><\/p>\n<p>La puesta en marcha d&#8217;esti programa constit\u00fai un pasu m\u00e1s pa<strong> tratar d&#8217;erradicar l&#8217;acoso escolar, una de les grandes prioridaes del Gobiernu d&#8217;Asturies<\/strong>. La Conseyer\u00eda d&#8217;Educaci\u00f3n actualiz\u00f3 en tr\u00e9s ocasiones el so protocolu d&#8217;actuaci\u00f3n pa incluyir los casos de ciberacosu, les conductes qu&#8217;atenten contra la orientaci\u00f3n ya identid\u00e1 sexual o pa escuchar les suxerencies de les direcciones de los centros educativos.<\/p>\n<p>Tami\u00e9n realiz\u00f3 delles campa\u00f1es informatives pa espublizar el tel\u00e9fonu d&#8217;atenci\u00f3n (900018018) gratuitu, an\u00f3nimu y operativu 24 hores, o&#8217;l corr\u00e9u d&#8217;Inspecci\u00f3n. Am\u00e1s, peracaba una aplicaci\u00f3n inform\u00e1tica propia pa echar voz de incidencies. El Princip\u00e1u foi pioneru n&#8217;enllantar la figura del coordinador de bienestar y protecci\u00f3n nel cursu 2021-2022.<\/p>\n<p>&nbsp;<\/p>\n<\/div>\n<\/div>\n<\/div>\n<\/div>\n<\/div>\n<\/div>\n<\/div>\n<p>&nbsp;<\/p>\n","protected":false},"excerpt":{"rendered":"<p>Conseyer\u00eda d&#8217;Educaci\u00f3n\/ Actualidad Asturies \/ La conseyera d&#8217;Educaci\u00f3n, Lydia Espina, acompa\u00f1ada d&#8217;Andr\u00e9s Gonz\u00e1lez Bellido, ceador del programa TEI, y del director xeneral d&#8217;Inclusi\u00f3n Educativa y Ordenaci\u00f3n, David Artime. El Gobiernu del Princip\u00e1u empecipi\u00f3&#8217;l desenvolvimientu d&#8217;un programa para la prevenci\u00f3n de la violencia y l&#8217;acoso escolar nos centros educativos p\u00fablicos y alcordaos. El m\u00e9todu denomin\u00e1u Tutor\u00eda [&hellip;]<\/p>\n","protected":false},"author":117,"featured_media":0,"comment_status":"open","ping_status":"open","sticky":false,"template":"","format":"standard","meta":{"footnotes":""},"categories":[132],"tags":[],"class_list":["post-43077","post","type-post","status-publish","format-standard","hentry","category-educastur"],"_links":{"self":[{"href":"https:\/\/edublog.educastur.es\/ixuxu\/wp-json\/wp\/v2\/posts\/43077","targetHints":{"allow":["GET"]}}],"collection":[{"href":"https:\/\/edublog.educastur.es\/ixuxu\/wp-json\/wp\/v2\/posts"}],"about":[{"href":"https:\/\/edublog.educastur.es\/ixuxu\/wp-json\/wp\/v2\/types\/post"}],"author":[{"embeddable":true,"href":"https:\/\/edublog.educastur.es\/ixuxu\/wp-json\/wp\/v2\/users\/117"}],"replies":[{"embeddable":true,"href":"https:\/\/edublog.educastur.es\/ixuxu\/wp-json\/wp\/v2\/comments?post=43077"}],"version-history":[{"count":1,"href":"https:\/\/edublog.educastur.es\/ixuxu\/wp-json\/wp\/v2\/posts\/43077\/revisions"}],"predecessor-version":[{"id":43078,"href":"https:\/\/edublog.educastur.es\/ixuxu\/wp-json\/wp\/v2\/posts\/43077\/revisions\/43078"}],"wp:attachment":[{"href":"https:\/\/edublog.educastur.es\/ixuxu\/wp-json\/wp\/v2\/media?parent=43077"}],"wp:term":[{"taxonomy":"category","embeddable":true,"href":"https:\/\/edublog.educastur.es\/ixuxu\/wp-json\/wp\/v2\/categories?post=43077"},{"taxonomy":"post_tag","embeddable":true,"href":"https:\/\/edublog.educastur.es\/ixuxu\/wp-json\/wp\/v2\/tags?post=43077"}],"curies":[{"name":"wp","href":"https:\/\/api.w.org\/{rel}","templated":true}]}}