{"id":43089,"date":"2025-03-04T11:00:49","date_gmt":"2025-03-04T09:00:49","guid":{"rendered":"https:\/\/edublog.educastur.es\/ixuxu\/?p=43089"},"modified":"2025-03-09T00:17:45","modified_gmt":"2025-03-08T22:17:45","slug":"43089","status":"publish","type":"post","link":"https:\/\/edublog.educastur.es\/ixuxu\/2025\/03\/43089\/","title":{"rendered":"Serie en comu\u00f1a Asturies-Galicia emplegando mayoritariamente les lling\u00fces propies"},"content":{"rendered":"<div class=\"html-div xdj266r xat24cr x1mh8g0r xexx8yu x4uap5 x18d9i69 xkhd6sd x78zum5 x2lah0s xqtp20y x1emribx\">\n<div class=\"xc9qbxq x1td3qas x6s0dn4 x78zum5 xl56j7k\">\n<div class=\"\" style=\"text-align: center\">\n<!-- iframe plugin v.6.0 wordpress.org\/plugins\/iframe\/ -->\n<iframe loading=\"lazy\" src=\"https:\/\/www.facebook.com\/plugins\/post.php?href=https%3A%2F%2Fwww.facebook.com%2Fselmana.lletresasturianes%2Fposts%2Fpfbid02rV1vyjszFBrCquhSfnvRVPq4K2FPHhumg675j9dft12ULnJS86HN2mzWqcDXuSaUl&#038;show_text=false&#038;width=500\" width=\"500\" height=\"333\" style=\"border:none;overflow:hidden\" scrolling=\"no\" frameborder=\"0\" allowfullscreen=\"true\" allow=\"autoplay; clipboard-write; encrypted-media; picture-in-picture; web-share\" 0=\"\/iframe\" class=\"iframe-class\"><\/iframe>\n<\/div>\n<\/div>\n<\/div>\n<div class=\"x78zum5 xdt5ytf xz62fqu x16ldp7u\">\n<div class=\"xu06os2 x1ok221b\">\n<div class=\"html-div xdj266r x11i5rnm xat24cr x1mh8g0r xexx8yu x4uap5 x18d9i69 xkhd6sd\" data-ad-rendering-role=\"profile_name\">\n<ul>\n<li class=\"html-h3 x11i5rnm xat24cr x1mh8g0r xexx8yu x4uap5 x18d9i69 xkhd6sd x1vvkbs x1heor9g x1qlqyl8 x1pd3egz x1a2a7pz x1gslohp x1yc453h\"><span class=\"x1lliihq x6ikm8r x10wlt62 x1n2onr6\"><span class=\"xt0psk2\"><span class=\"xjp7ctv\"><a class=\"x1i10hfl xjbqb8w x1ejq31n xd10rxx x1sy0etr x17r0tee x972fbf xcfux6l x1qhh985 xm0m39n x9f619 x1ypdohk xt0psk2 xe8uvvx xdj266r x11i5rnm xat24cr x1mh8g0r xexx8yu x4uap5 x18d9i69 xkhd6sd x16tdsg8 x1hl2dhg xggy1nq x1a2a7pz xkrqix3 x1sur9pj xzsf02u x1s688f\" role=\"link\" href=\"https:\/\/www.facebook.com\/selmana.lletresasturianes?__cft__[0]=AZX7HD2W4Tk2AaWLDLNbii5EgUSs6_yAsoKE0hvJzyF2soKwfR0MSfsoDby_tkjsRsVOMvb14wjvJkDmXIVViuNcar5RSCxFt3D-eZlD8bAVU6JKLn5QT2Lp7Bx72W6RNDQOv3tGZLSmqCA5TB-95ZmgWpBmm-9ZLqZLC-VwbdJVd4ViRGacZyfjHl_As_rbd8faX05kgbL7Fon0m7GNEQAhgewfv0uJnqGPataVafh8gA&amp;__tn__=-UC%2CP-y-R\" aria-describedby=\":r2e3:\"><strong class=\"html-strong xdj266r x11i5rnm xat24cr x1mh8g0r xexx8yu x4uap5 x18d9i69 xkhd6sd x1hl2dhg x16tdsg8 x1vvkbs x1s688f\"><span class=\"html-span xdj266r x11i5rnm xat24cr x1mh8g0r xexx8yu x4uap5 x18d9i69 xkhd6sd x1hl2dhg x16tdsg8 x1vvkbs\">Normalizacion Llinguistica<\/span><\/strong><\/a><\/span><\/span><\/span>\/ <a href=\"https:\/\/servicios.rtpa.es\/registro-convocatoria-asturias-y-galicia-crean-ficcion-2025\/?fbclid=IwZXh0bgNhZW0CMTAAAR0qIqtyW2rc82sA5GLBLDiaTx5iB_sCVAMwp79MaXZ6VOdxWeo2yZREXRU_aem_JV2XBTXiPEBSxAg5QxJtzQ\">m\u00e1s info en RTPA<\/a> \/ <a href=\"https:\/\/scontent-mad1-1.xx.fbcdn.net\/v\/t39.30808-6\/481954041_2699015003635152_352611809152382037_n.jpg?_nc_cat=107&amp;ccb=1-7&amp;_nc_sid=127cfc&amp;_nc_ohc=YzyWuslZ24kQ7kNvgGatWSL&amp;_nc_oc=Adj43a9EdfVceHw1yo1yI2UpvN2zS6rY5qlxougY1Mu-NKWTIelLyNShN1xJ0F1yAig&amp;_nc_zt=23&amp;_nc_ht=scontent-mad1-1.xx&amp;_nc_gid=Ad_JYPbNc-xbW8J4tWixIot&amp;oh=00_AYDLflBxXimDvMZLvvJFj9Zob6sKHq-FdhCIGhOLtPAWoQ&amp;oe=67CE36AD\">imaxe<\/a><\/li>\n<li><a href=\"https:\/\/servicios.rtpa.es\/registro-convocatoria-asturias-y-galicia-crean-ficcion-2025\/pdf\/Convocatoria-Asturias-y-Galicia-creen-ficcion-2025-CRTVG-RTPA-Llingua-asturiana.pdf\">Convocatoria Asturias y Galicia creen ficci\u00f3n 2025 CRTVG RTPA Llingua asturiana<\/a><\/li>\n<\/ul>\n<\/div>\n<\/div>\n<\/div>\n<div class=\"html-div xdj266r x11i5rnm xat24cr x1mh8g0r xexx8yu x4uap5 x18d9i69 xkhd6sd\" dir=\"auto\">\n<div class=\"html-div xdj266r x11i5rnm xat24cr x1mh8g0r xexx8yu x4uap5 x18d9i69 xkhd6sd\" dir=\"auto\">\n<div class=\"html-div xdj266r x11i5rnm xat24cr x1mh8g0r xexx8yu x4uap5 x18d9i69 xkhd6sd\" data-ad-rendering-role=\"story_message\">\n<div class=\"x1l90r2v x1iorvi4 x1ye3gou xn6708d\" data-ad-comet-preview=\"message\" data-ad-preview=\"message\">\n<div class=\"x78zum5 xdt5ytf xz62fqu x16ldp7u\">\n<div class=\"xu06os2 x1ok221b\">\n<div class=\"xdj266r x11i5rnm xat24cr x1mh8g0r x1vvkbs x126k92a\">\n<div dir=\"auto\">Les televisiones p\u00fabliques d\u2019Asturies y Galicia presenten a comu\u00f1a una iniciativa novedosa:<span style=\"color: #008080\"> una convocatoria pa escoyer un proyectu de serie de comedia con una trama que se desenvuelva ente les dos comunidaes y qu\u2019emplegue les lling\u00fces propies polo menos nun 80% del di\u00e1logu.<\/span><\/div>\n<div dir=\"auto\"><!--more--><\/div>\n<div dir=\"auto\">El proyectu escoy\u00edu va llevar 50.000 euros pa producir un cap\u00edtulu.<\/div>\n<\/div>\n<div class=\"x11i5rnm xat24cr x1mh8g0r x1vvkbs xtlvy1s x126k92a\">\n<div dir=\"auto\"><\/div>\n<div dir=\"auto\">Al filu d&#8217;esto, la <span class=\"html-span xdj266r x11i5rnm xat24cr x1mh8g0r xexx8yu x4uap5 x18d9i69 xkhd6sd x1hl2dhg x16tdsg8 x1vvkbs\"><a class=\"x1i10hfl xjbqb8w x1ejq31n xd10rxx x1sy0etr x17r0tee x972fbf xcfux6l x1qhh985 xm0m39n x9f619 x1ypdohk xt0psk2 xe8uvvx xdj266r x11i5rnm xat24cr x1mh8g0r xexx8yu x4uap5 x18d9i69 xkhd6sd x16tdsg8 x1hl2dhg xggy1nq x1a2a7pz xkrqix3 x1sur9pj x1fey0fg x1s688f\" role=\"link\" href=\"https:\/\/www.facebook.com\/RTPAoficial?__cft__[0]=AZX7HD2W4Tk2AaWLDLNbii5EgUSs6_yAsoKE0hvJzyF2soKwfR0MSfsoDby_tkjsRsVOMvb14wjvJkDmXIVViuNcar5RSCxFt3D-eZlD8bAVU6JKLn5QT2Lp7Bx72W6RNDQOv3tGZLSmqCA5TB-95ZmgWpBmm-9ZLqZLC-VwbdJVd4ViRGacZyfjHl_As_rbd8faX05kgbL7Fon0m7GNEQAhgewfv0uJnqGPataVafh8gA&amp;__tn__=-]K-y-R\"><span class=\"xt0psk2\"><span class=\"xjp7ctv\"><span aria-describedby=\":r32d:\">Radiotelevisi\u00f3n del Principado de Asturias<\/span><\/span><\/span><\/a><\/span> convoca una sesi\u00f3n especial el mi\u00e9rcoles 5 de marzu a les 13:00 na Sala de Prensa de la Universid\u00e1 Llaboral: <span style=\"color: #008080\"><em>\u201cC\u00f3mo presentar un proyectu audiovisual. Especial convocatoria Asturies y Galicia creen ficci\u00f3n 2025\u201c.<\/em><\/span> El plazu pa unviar solicit\u00faes remata&#8217;l 30 d&#8217;abril.<\/div>\n<\/div>\n<div class=\"x11i5rnm xat24cr x1mh8g0r x1vvkbs xtlvy1s x126k92a\">\n<div dir=\"auto\"><\/div>\n<\/div>\n<\/div>\n<\/div>\n<\/div>\n<\/div>\n<\/div>\n<\/div>\n<p>&nbsp;<\/p>\n","protected":false},"excerpt":{"rendered":"<p>Normalizacion Llinguistica\/ m\u00e1s info en RTPA \/ imaxe Convocatoria Asturias y Galicia creen ficci\u00f3n 2025 CRTVG RTPA Llingua asturiana Les televisiones p\u00fabliques d\u2019Asturies y Galicia presenten a comu\u00f1a una iniciativa novedosa: una convocatoria pa escoyer un proyectu de serie de comedia con una trama que se desenvuelva ente les dos comunidaes y qu\u2019emplegue les lling\u00fces [&hellip;]<\/p>\n","protected":false},"author":117,"featured_media":0,"comment_status":"open","ping_status":"open","sticky":false,"template":"","format":"standard","meta":{"footnotes":""},"categories":[208,59,27],"tags":[],"class_list":["post-43089","post","type-post","status-publish","format-standard","hentry","category-normalizacion-llinguistica","category-rtpa","category-tv"],"_links":{"self":[{"href":"https:\/\/edublog.educastur.es\/ixuxu\/wp-json\/wp\/v2\/posts\/43089","targetHints":{"allow":["GET"]}}],"collection":[{"href":"https:\/\/edublog.educastur.es\/ixuxu\/wp-json\/wp\/v2\/posts"}],"about":[{"href":"https:\/\/edublog.educastur.es\/ixuxu\/wp-json\/wp\/v2\/types\/post"}],"author":[{"embeddable":true,"href":"https:\/\/edublog.educastur.es\/ixuxu\/wp-json\/wp\/v2\/users\/117"}],"replies":[{"embeddable":true,"href":"https:\/\/edublog.educastur.es\/ixuxu\/wp-json\/wp\/v2\/comments?post=43089"}],"version-history":[{"count":5,"href":"https:\/\/edublog.educastur.es\/ixuxu\/wp-json\/wp\/v2\/posts\/43089\/revisions"}],"predecessor-version":[{"id":43269,"href":"https:\/\/edublog.educastur.es\/ixuxu\/wp-json\/wp\/v2\/posts\/43089\/revisions\/43269"}],"wp:attachment":[{"href":"https:\/\/edublog.educastur.es\/ixuxu\/wp-json\/wp\/v2\/media?parent=43089"}],"wp:term":[{"taxonomy":"category","embeddable":true,"href":"https:\/\/edublog.educastur.es\/ixuxu\/wp-json\/wp\/v2\/categories?post=43089"},{"taxonomy":"post_tag","embeddable":true,"href":"https:\/\/edublog.educastur.es\/ixuxu\/wp-json\/wp\/v2\/tags?post=43089"}],"curies":[{"name":"wp","href":"https:\/\/api.w.org\/{rel}","templated":true}]}}