{"id":43119,"date":"2025-03-06T08:20:57","date_gmt":"2025-03-06T06:20:57","guid":{"rendered":"https:\/\/edublog.educastur.es\/ixuxu\/?p=43119"},"modified":"2025-03-06T11:03:06","modified_gmt":"2025-03-06T09:03:06","slug":"estau-del-tiempu-xueves-6-de-marzu-2025","status":"publish","type":"post","link":"https:\/\/edublog.educastur.es\/ixuxu\/2025\/03\/estau-del-tiempu-xueves-6-de-marzu-2025\/","title":{"rendered":"Est\u00e1u del tiempu: xueves 6 de marzu 2025"},"content":{"rendered":"<div class=\"html-div xdj266r xat24cr x1mh8g0r xexx8yu x4uap5 x18d9i69 xkhd6sd x78zum5 x2lah0s xqtp20y x1emribx\">\n<div class=\"x1vqgdyp x100vrsf\">\n<div class=\"\" style=\"text-align: right\"><a href=\"http:\/\/edublog.educastur.es\/ixuxu\/files\/2024\/11\/467747825_894074599540617_1227988172354431857_n.jpg\"><img loading=\"lazy\" decoding=\"async\" class=\"aligncenter wp-image-36071\" src=\"http:\/\/edublog.educastur.es\/ixuxu\/files\/2024\/11\/467747825_894074599540617_1227988172354431857_n.jpg\" alt=\"\" width=\"260\" height=\"180\" srcset=\"https:\/\/edublog.educastur.es\/ixuxu\/files\/2024\/11\/467747825_894074599540617_1227988172354431857_n.jpg 450w, https:\/\/edublog.educastur.es\/ixuxu\/files\/2024\/11\/467747825_894074599540617_1227988172354431857_n-300x208.jpg 300w, https:\/\/edublog.educastur.es\/ixuxu\/files\/2024\/11\/467747825_894074599540617_1227988172354431857_n-433x300.jpg 433w\" sizes=\"auto, (max-width: 260px) 100vw, 260px\" \/><\/a><\/div>\n<\/div>\n<\/div>\n<div class=\"html-div xdj266r x11i5rnm xat24cr x1mh8g0r xexx8yu x4uap5 x18d9i69 xkhd6sd x1iyjqo2\">\n<div class=\"x78zum5 xdt5ytf xz62fqu x16ldp7u\">\n<div class=\"xu06os2 x1ok221b\">\n<div class=\"html-div xdj266r x11i5rnm xat24cr x1mh8g0r xexx8yu x4uap5 x18d9i69 xkhd6sd\" data-ad-rendering-role=\"profile_name\">\n<ul>\n<li id=\"\u00abrff\u00bb\" class=\"html-h2 x11i5rnm xat24cr x1mh8g0r xexx8yu x4uap5 x18d9i69 xkhd6sd x1vvkbs x1heor9g x1qlqyl8 x1pd3egz x1a2a7pz x1gslohp x1yc453h\"><span class=\"xt0psk2\"><span class=\"xjp7ctv\"><a class=\"x1i10hfl xjbqb8w x1ejq31n xd10rxx x1sy0etr x17r0tee x972fbf xcfux6l x1qhh985 xm0m39n x9f619 x1ypdohk xt0psk2 xe8uvvx xdj266r x11i5rnm xat24cr x1mh8g0r xexx8yu x4uap5 x18d9i69 xkhd6sd x16tdsg8 x1hl2dhg xggy1nq x1a2a7pz xkrqix3 x1sur9pj xzsf02u x1s688f\" role=\"link\" href=\"https:\/\/www.facebook.com\/eltiempuenasturies?__cft__[0]=AZXufxRTFJWpZnNOZ5AL5jKH10kV5Tbk9C91FVkiAhNbxG8dA_ejhNehLnGk6To6HXtTDZHVC5keXtz0zCcN98Ec09hx_uE5SwMxCOM3kroj5Waa9HPQYjrCqyRpI4nirqjJX6ZsgHNu2v-xWarM2GmayX28VIdT0WvG6Bmfhza2pD57dB3JRsEwffNwQjkOw2o&amp;__tn__=-UC%2CP-R\" aria-describedby=\"\u00abrfn\u00bb\"><strong class=\"html-strong xdj266r x11i5rnm xat24cr x1mh8g0r xexx8yu x4uap5 x18d9i69 xkhd6sd x1hl2dhg x16tdsg8 x1vvkbs x1s688f\"><span class=\"html-span xdj266r x11i5rnm xat24cr x1mh8g0r xexx8yu x4uap5 x18d9i69 xkhd6sd x1hl2dhg x16tdsg8 x1vvkbs\">El Tiempu n&#8217;Asturies.<\/span><\/strong><\/a><\/span><\/span><\/li>\n<\/ul>\n<\/div>\n<\/div>\n<div class=\"xu06os2 x1ok221b\"><\/div>\n<\/div>\n<\/div>\n<div class=\"html-div xdj266r x11i5rnm xat24cr x1mh8g0r xexx8yu x4uap5 x18d9i69 xkhd6sd\" dir=\"auto\">\n<div class=\"html-div xdj266r x11i5rnm xat24cr x1mh8g0r xexx8yu x4uap5 x18d9i69 xkhd6sd\" data-ad-rendering-role=\"story_message\">\n<div id=\"\u00abrfh\u00bb\" class=\"x1l90r2v x1iorvi4 x1ye3gou xn6708d\" data-ad-comet-preview=\"message\" data-ad-preview=\"message\">\n<div class=\"x78zum5 xdt5ytf xz62fqu x16ldp7u\">\n<div class=\"xu06os2 x1ok221b\">\n<div class=\"xdj266r x11i5rnm xat24cr x1mh8g0r x1vvkbs x126k92a\"><\/div>\n<div class=\"x11i5rnm xat24cr x1mh8g0r x1vvkbs xtlvy1s x126k92a\">\n<ul>\n<li dir=\"auto\"><strong><span style=\"color: #008080\">Alborecemos<\/span> <\/strong>col cielu nuboso na fastera ocidental y cordelera, tando m\u00e1s escampl\u00e1u nel centru-oriente d&#8217;Asturies con unes temperatures que tan alrodiu de los 10\u00baC, rexistr\u00e1ndose nel puirtu Payares 3,4\u00baC onde sopla l&#8217;aire \u00e1brigu con fuercia.<\/li>\n<\/ul>\n<\/div>\n<div class=\"x11i5rnm xat24cr x1mh8g0r x1vvkbs xtlvy1s x126k92a\">\n<ul>\n<li dir=\"auto\"><strong><span style=\"color: #008080\">G\u00fcei<\/span><\/strong> vamos tener intervalos de nubes medies y altes que sedr\u00e1n m\u00e1s abondoses na cordelera y fastera surocidental d&#8217;Asturies onde puen tener precipitaciones ocasionales, nel restu sedr\u00e1n mui poco probables con unes temperatures condicionaes pol vientu \u00e1brigu que pue soplar cafiante en zones altes de monta\u00f1a.<\/li>\n<\/ul>\n<p><!--more--><\/p>\n<\/div>\n<div class=\"x11i5rnm xat24cr x1mh8g0r x1vvkbs xtlvy1s x126k92a\">\n<ul>\n<li dir=\"auto\"><strong><span style=\"color: #008080\">Ma\u00f1ana vienres<\/span> <\/strong>l&#8217;aire \u00e1brigu va dir coyendo puxu con raches mui fuertes na cordelera, am\u00e1s fadr\u00e1 que baxe la humed\u00e1 y suban les temperatures apurri\u00e9ndonos tami\u00e9n nubosid\u00e1 media-alta entemc\u00eda ente dellos claros o abancios.<\/li>\n<\/ul>\n<\/div>\n<div class=\"x11i5rnm xat24cr x1mh8g0r x1vvkbs xtlvy1s x126k92a\">\n<ul>\n<li dir=\"auto\"><strong><span style=\"color: #008080\">El s\u00e1badu<\/span> <\/strong>la borrasca atl\u00e1ntica va situase mui cerca de Galicia afeutandonos m\u00e1s con m\u00e1s precipitaciones, sobre too na fastera surocidental y cordelera onde sedr\u00e1n moderaes y persistentes, siendo menos probables cuantu m\u00e1s al nororiente nos atopemos. Les temperatures descender\u00e1n ya inclusu surdir\u00e1 la nieve perriba de los 1600-1800m con vientu \u00e1brigu que va soplar con raches mui fuertes en zones altes y en puntos del llitoral.<\/li>\n<\/ul>\n<\/div>\n<div class=\"x11i5rnm xat24cr x1mh8g0r x1vvkbs xtlvy1s x126k92a\">\n<ul>\n<li dir=\"auto\"><strong><span style=\"color: #008080\">El domingu<\/span><\/strong> si que paez que les nevaes na cara sur de la cordelera sedr\u00e1n m\u00e1s abondoses por mor de tener la borrasca mui cerca de nosotros faciendo que baxen los xeopotenciales y con ello la isoterma \u00ab0\u00bb , surdiendo la nieve perriba de los 1200m. Nel restu d&#8217;Asturies, abellugaos pela cordelera, tendremos un tiempu m\u00e1s seliquino con nubes ya claros, temperatures suaves y vientu sele de componente sur.<\/li>\n<\/ul>\n<p style=\"text-align: center\">\n<!-- iframe plugin v.6.0 wordpress.org\/plugins\/iframe\/ -->\n<iframe loading=\"lazy\" src=\"https:\/\/www.facebook.com\/plugins\/post.php?href=https%3A%2F%2Fwww.facebook.com%2Feltiempuenasturies%2Fposts%2Fpfbid02TPtBu6biFicg1uZLvcrYnGVavi9LwLBk8zN559sp1J2jbwuigeLAJ6MJctnKPioyl&#038;show_text=false&#038;width=500\" width=\"500\" height=\"333\" style=\"border:none;overflow:hidden\" scrolling=\"no\" frameborder=\"0\" allowfullscreen=\"true\" allow=\"autoplay; clipboard-write; encrypted-media; picture-in-picture; web-share\" 0=\"\/iframe\" class=\"iframe-class\"><\/iframe>\n<\/p>\n<p><span class=\"x193iq5w xeuugli x13faqbe x1vvkbs x1xmvt09 x1lliihq x1s928wv xhkezso x1gmr53x x1cpjm7i x1fgarty x1943h6x xudqn12 x3x7a5m x1f6kntn xvq8zen xo1l8bm xzsf02u x1yc453h\" dir=\"auto\">Esti ye&#8217;l mapa de previsi\u00f3n del modelu GFS pal riscar del domingu, onde vese la borrasca atl\u00e1ntica sobre Galicia empobin\u00e1ndonos vientu \u00e1brigu pero con xeopotencias mui baxos faciendo que nieve pela cordelera, mentantu nel restu tendremos un tiempu muncho m\u00e1s sele con nubes ya claros o abancios y temperatures suaves.<\/span><\/p>\n<\/div>\n<\/div>\n<\/div>\n<\/div>\n<\/div>\n<\/div>\n<p>&nbsp;<\/p>\n","protected":false},"excerpt":{"rendered":"<p>El Tiempu n&#8217;Asturies. Alborecemos col cielu nuboso na fastera ocidental y cordelera, tando m\u00e1s escampl\u00e1u nel centru-oriente d&#8217;Asturies con unes temperatures que tan alrodiu de los 10\u00baC, rexistr\u00e1ndose nel puirtu Payares 3,4\u00baC onde sopla l&#8217;aire \u00e1brigu con fuercia. G\u00fcei vamos tener intervalos de nubes medies y altes que sedr\u00e1n m\u00e1s abondoses na cordelera y fastera [&hellip;]<\/p>\n","protected":false},"author":117,"featured_media":0,"comment_status":"open","ping_status":"open","sticky":false,"template":"","format":"standard","meta":{"footnotes":""},"categories":[5],"tags":[],"class_list":["post-43119","post","type-post","status-publish","format-standard","hentry","category-tiempu"],"_links":{"self":[{"href":"https:\/\/edublog.educastur.es\/ixuxu\/wp-json\/wp\/v2\/posts\/43119","targetHints":{"allow":["GET"]}}],"collection":[{"href":"https:\/\/edublog.educastur.es\/ixuxu\/wp-json\/wp\/v2\/posts"}],"about":[{"href":"https:\/\/edublog.educastur.es\/ixuxu\/wp-json\/wp\/v2\/types\/post"}],"author":[{"embeddable":true,"href":"https:\/\/edublog.educastur.es\/ixuxu\/wp-json\/wp\/v2\/users\/117"}],"replies":[{"embeddable":true,"href":"https:\/\/edublog.educastur.es\/ixuxu\/wp-json\/wp\/v2\/comments?post=43119"}],"version-history":[{"count":2,"href":"https:\/\/edublog.educastur.es\/ixuxu\/wp-json\/wp\/v2\/posts\/43119\/revisions"}],"predecessor-version":[{"id":43121,"href":"https:\/\/edublog.educastur.es\/ixuxu\/wp-json\/wp\/v2\/posts\/43119\/revisions\/43121"}],"wp:attachment":[{"href":"https:\/\/edublog.educastur.es\/ixuxu\/wp-json\/wp\/v2\/media?parent=43119"}],"wp:term":[{"taxonomy":"category","embeddable":true,"href":"https:\/\/edublog.educastur.es\/ixuxu\/wp-json\/wp\/v2\/categories?post=43119"},{"taxonomy":"post_tag","embeddable":true,"href":"https:\/\/edublog.educastur.es\/ixuxu\/wp-json\/wp\/v2\/tags?post=43119"}],"curies":[{"name":"wp","href":"https:\/\/api.w.org\/{rel}","templated":true}]}}