{"id":43125,"date":"2025-03-06T11:08:03","date_gmt":"2025-03-06T09:08:03","guid":{"rendered":"https:\/\/edublog.educastur.es\/ixuxu\/?p=43125"},"modified":"2025-03-06T12:38:50","modified_gmt":"2025-03-06T10:38:50","slug":"inaugurase-arco-la-feria-darte-contemporaneo-en-madrid","status":"publish","type":"post","link":"https:\/\/edublog.educastur.es\/ixuxu\/2025\/03\/inaugurase-arco-la-feria-darte-contemporaneo-en-madrid\/","title":{"rendered":"Inaug\u00farase ARCO, la Feria d&#8217;Arte Contempor\u00e1neo en Madrid"},"content":{"rendered":"<p style=\"text-align: center\"><a href=\"https:\/\/s1.ppllstatics.com\/rc\/www\/multimedia\/2025\/03\/05\/VCM_ARCO_13.jpg\"><img loading=\"lazy\" decoding=\"async\" class=\"aligncenter size-large\" src=\"https:\/\/s1.ppllstatics.com\/rc\/www\/multimedia\/2025\/03\/05\/VCM_ARCO_13.jpg\" width=\"7952\" height=\"5304\" \/><\/a><em><a href=\"https:\/\/www.ifema.es\/arco\">https:\/\/www.ifema.es\/arco<\/a><\/em><\/p>\n<p><strong>ARCOmadrid<\/strong> ye la <strong>Feria Internacional d&#8217;Arte Contemporaneo d&#8217;Espa\u00f1a<\/strong> que, dende 1982, constit\u00fai una de les principales plataformes del merc\u00e1u del arte, y pieza imprescindible nel circuitu internacional de promoci\u00f3n y espardimientu de la creaci\u00f3n art\u00edstica.<\/p>\n<p><!--more--><\/p>\n<p style=\"text-align: center\"><a href=\"https:\/\/www.ifema.es\/arco\/img\/l\/organizadores\/programas-generales.webp\"><img loading=\"lazy\" decoding=\"async\" class=\"aligncenter size-large\" src=\"https:\/\/www.ifema.es\/arco\/img\/l\/organizadores\/programas-generales.webp\" width=\"1200\" height=\"800\" \/><\/a><\/p>\n","protected":false},"excerpt":{"rendered":"<p>https:\/\/www.ifema.es\/arco ARCOmadrid ye la Feria Internacional d&#8217;Arte Contemporaneo d&#8217;Espa\u00f1a que, dende 1982, constit\u00fai una de les principales plataformes del merc\u00e1u del arte, y pieza imprescindible nel circuitu internacional de promoci\u00f3n y espardimientu de la creaci\u00f3n art\u00edstica.<\/p>\n","protected":false},"author":117,"featured_media":0,"comment_status":"open","ping_status":"open","sticky":false,"template":"","format":"standard","meta":{"footnotes":""},"categories":[89,167],"tags":[],"class_list":["post-43125","post","type-post","status-publish","format-standard","hentry","category-arte","category-feries"],"_links":{"self":[{"href":"https:\/\/edublog.educastur.es\/ixuxu\/wp-json\/wp\/v2\/posts\/43125","targetHints":{"allow":["GET"]}}],"collection":[{"href":"https:\/\/edublog.educastur.es\/ixuxu\/wp-json\/wp\/v2\/posts"}],"about":[{"href":"https:\/\/edublog.educastur.es\/ixuxu\/wp-json\/wp\/v2\/types\/post"}],"author":[{"embeddable":true,"href":"https:\/\/edublog.educastur.es\/ixuxu\/wp-json\/wp\/v2\/users\/117"}],"replies":[{"embeddable":true,"href":"https:\/\/edublog.educastur.es\/ixuxu\/wp-json\/wp\/v2\/comments?post=43125"}],"version-history":[{"count":4,"href":"https:\/\/edublog.educastur.es\/ixuxu\/wp-json\/wp\/v2\/posts\/43125\/revisions"}],"predecessor-version":[{"id":43129,"href":"https:\/\/edublog.educastur.es\/ixuxu\/wp-json\/wp\/v2\/posts\/43125\/revisions\/43129"}],"wp:attachment":[{"href":"https:\/\/edublog.educastur.es\/ixuxu\/wp-json\/wp\/v2\/media?parent=43125"}],"wp:term":[{"taxonomy":"category","embeddable":true,"href":"https:\/\/edublog.educastur.es\/ixuxu\/wp-json\/wp\/v2\/categories?post=43125"},{"taxonomy":"post_tag","embeddable":true,"href":"https:\/\/edublog.educastur.es\/ixuxu\/wp-json\/wp\/v2\/tags?post=43125"}],"curies":[{"name":"wp","href":"https:\/\/api.w.org\/{rel}","templated":true}]}}