{"id":43149,"date":"2025-03-06T19:00:51","date_gmt":"2025-03-06T17:00:51","guid":{"rendered":"https:\/\/edublog.educastur.es\/ixuxu\/?p=43149"},"modified":"2025-03-06T22:21:01","modified_gmt":"2025-03-06T20:21:01","slug":"el-telefonu-de-la-esperanza-dasturies-cumple-cinco-decades-de-sofitu-emocional","status":"publish","type":"post","link":"https:\/\/edublog.educastur.es\/ixuxu\/2025\/03\/el-telefonu-de-la-esperanza-dasturies-cumple-cinco-decades-de-sofitu-emocional\/","title":{"rendered":"El Tel\u00e9fonu de la Esperanza d&#8217;Asturies cumple cinco d\u00e9cades de sofitu emocional"},"content":{"rendered":"<ul>\n<li><a href=\"https:\/\/www.rtpa.es\/noticias-asturias-ast\/2025-03-03\/El-Telefonu-de-la-Esperanza-d'Asturies-cumple-cinco-decades-de-sofitu-emocional-y-recibe-unes-8.000-llamaes-al-a%C3%B1u_111740995187.html\">RTPA<\/a> \/<\/li>\n<\/ul>\n<div class=\"padding-t-35\">\n<p class=\"font-size-xxl margin-b-5 font-weight-b color-b-050 letter-spacing--1 fuente-corporativa\" style=\"text-align: center\"><span style=\"color: #008080\"><strong><em>El Tel\u00e9fonu de la Esperanza d&#8217;Asturies cumple cinco d\u00e9cades<br \/>\nde sofitu emocional y recibe unes 8.000 llamaes al a\u00f1u.<\/em><\/strong><\/span><\/p>\n<\/div>\n<div class=\"padding-t-0 padding-b-20\">\n<div class=\"link-container\" style=\"text-align: center\"><a href=\"https:\/\/www.rtpa.es\/fotos\/\/25\/03\/20250303101204_RTPA6272068.webp\"><img loading=\"lazy\" decoding=\"async\" class=\"aligncenter size-large\" src=\"https:\/\/www.rtpa.es\/fotos\/\/25\/03\/20250303101204_RTPA6272068.webp\" width=\"853\" height=\"480\" \/><\/a><\/div>\n<\/div>\n<div id=\"multimedia\" class=\"capa_imagen_player img-det-not\">\n<div id=\"mediaplayer\"><\/div>\n<\/div>\n<div id=\"noticiacompleta\" class=\"parragraph-padding font-c-conent\">\n<p class=\"font-size-m padding-b-20 font-weight-b margin-t-16\" style=\"text-align: center\"><em><span style=\"color: #008080\">El serviciu empez\u00f3 con menos de 10 voluntarios y agora son unos 80<\/span><\/em><\/p>\n<p><!--more--><\/p>\n<p>El Tel\u00e9fonu de la Esperanza d&#8217;Asturies cumple 50 a\u00f1os. Cinco d\u00e9cades nes qu&#8217;esi n\u00famberu supunxo un espaciu d&#8217;escucha an\u00f3nimu, gratuitu y disponible les 24 hores del d\u00eda los 365 d\u00edes del a\u00f1u. Empez\u00f3 con menos de 10 voluntarios, nos baxos de la Ilesia de San Xuan y agora son unos 80 qu&#8217;atienden una media de 8.000 llamaes al a\u00f1u.<\/p>\n<p><strong>V\u00edctor Langa<\/strong> lleva 20 a\u00f1os al otru llau del 985 22 55 40. Ye unu de los voluntarios m\u00e1s veteranos d&#8217;una llinia que cumple mediu sieglu.<\/p>\n<p>Un tel\u00e9fonu, c\u00fantanos Salom\u00e9 Fern\u00e1ndez, que naci\u00f3 pa ufiertar un sofitu emocional qu&#8217;en 1975 yera malu d&#8217;atopar.<\/p>\n<p>Cinco d\u00e9cades dempu\u00e9s son 80 voluntarios, como Camino \u00c1lvarez, qu&#8217;atienden una media de 8.000 llamaes al a\u00f1u.<\/p>\n<p>Un equipu como Javier Alonso, disponible les 24 hores del d\u00eda los 365 d\u00edes del a\u00f1u, y que tienen esperanza de sobra pa siguir cumpliendo, polo menos, otros 50 a\u00f1os m\u00e1s.<\/p>\n<\/div>\n<p>&nbsp;<\/p>\n","protected":false},"excerpt":{"rendered":"<p>RTPA \/ El Tel\u00e9fonu de la Esperanza d&#8217;Asturies cumple cinco d\u00e9cades de sofitu emocional y recibe unes 8.000 llamaes al a\u00f1u. El serviciu empez\u00f3 con menos de 10 voluntarios y agora son unos 80<\/p>\n","protected":false},"author":117,"featured_media":0,"comment_status":"open","ping_status":"open","sticky":false,"template":"","format":"standard","meta":{"footnotes":""},"categories":[423],"tags":[],"class_list":["post-43149","post","type-post","status-publish","format-standard","hentry","category-voluntariau"],"_links":{"self":[{"href":"https:\/\/edublog.educastur.es\/ixuxu\/wp-json\/wp\/v2\/posts\/43149","targetHints":{"allow":["GET"]}}],"collection":[{"href":"https:\/\/edublog.educastur.es\/ixuxu\/wp-json\/wp\/v2\/posts"}],"about":[{"href":"https:\/\/edublog.educastur.es\/ixuxu\/wp-json\/wp\/v2\/types\/post"}],"author":[{"embeddable":true,"href":"https:\/\/edublog.educastur.es\/ixuxu\/wp-json\/wp\/v2\/users\/117"}],"replies":[{"embeddable":true,"href":"https:\/\/edublog.educastur.es\/ixuxu\/wp-json\/wp\/v2\/comments?post=43149"}],"version-history":[{"count":1,"href":"https:\/\/edublog.educastur.es\/ixuxu\/wp-json\/wp\/v2\/posts\/43149\/revisions"}],"predecessor-version":[{"id":43150,"href":"https:\/\/edublog.educastur.es\/ixuxu\/wp-json\/wp\/v2\/posts\/43149\/revisions\/43150"}],"wp:attachment":[{"href":"https:\/\/edublog.educastur.es\/ixuxu\/wp-json\/wp\/v2\/media?parent=43149"}],"wp:term":[{"taxonomy":"category","embeddable":true,"href":"https:\/\/edublog.educastur.es\/ixuxu\/wp-json\/wp\/v2\/categories?post=43149"},{"taxonomy":"post_tag","embeddable":true,"href":"https:\/\/edublog.educastur.es\/ixuxu\/wp-json\/wp\/v2\/tags?post=43149"}],"curies":[{"name":"wp","href":"https:\/\/api.w.org\/{rel}","templated":true}]}}