{"id":43152,"date":"2025-03-07T08:20:10","date_gmt":"2025-03-07T06:20:10","guid":{"rendered":"https:\/\/edublog.educastur.es\/ixuxu\/?p=43152"},"modified":"2025-03-07T09:59:31","modified_gmt":"2025-03-07T07:59:31","slug":"el-tiempu-el-comercio-19","status":"publish","type":"post","link":"https:\/\/edublog.educastur.es\/ixuxu\/2025\/03\/el-tiempu-el-comercio-19\/","title":{"rendered":"El tiempu (El Comercio)"},"content":{"rendered":"<p style=\"text-align: center\"><a href=\"https:\/\/s3.ppllstatics.com\/elcomercio\/www\/multimedia\/2025\/03\/06\/tiempo-asturias-U230128766609J0D-U230515504088AlE-1200x840@El%20Comercio.jpg\"><img loading=\"lazy\" decoding=\"async\" class=\"aligncenter size-large\" src=\"https:\/\/s3.ppllstatics.com\/elcomercio\/www\/multimedia\/2025\/03\/06\/tiempo-asturias-U230128766609J0D-U230515504088AlE-1200x840@El%20Comercio.jpg\" width=\"1200\" height=\"840\" \/><\/a><\/p>\n<p style=\"text-align: center\"><span style=\"font-size: 20px;color: #ffff99\"><strong><em>Mientres los pr\u00f3ximos d\u00edes vamos tar influy\u00edos<br \/>\ntotalmente pola umbada o borrasca Jana<\/em><\/strong><\/span><\/p>\n","protected":false},"excerpt":{"rendered":"<p>Mientres los pr\u00f3ximos d\u00edes vamos tar influy\u00edos totalmente pola umbada o borrasca Jana<\/p>\n","protected":false},"author":117,"featured_media":0,"comment_status":"open","ping_status":"open","sticky":false,"template":"","format":"aside","meta":{"footnotes":""},"categories":[5],"tags":[],"class_list":["post-43152","post","type-post","status-publish","format-aside","hentry","category-tiempu","post_format-post-format-aside"],"_links":{"self":[{"href":"https:\/\/edublog.educastur.es\/ixuxu\/wp-json\/wp\/v2\/posts\/43152","targetHints":{"allow":["GET"]}}],"collection":[{"href":"https:\/\/edublog.educastur.es\/ixuxu\/wp-json\/wp\/v2\/posts"}],"about":[{"href":"https:\/\/edublog.educastur.es\/ixuxu\/wp-json\/wp\/v2\/types\/post"}],"author":[{"embeddable":true,"href":"https:\/\/edublog.educastur.es\/ixuxu\/wp-json\/wp\/v2\/users\/117"}],"replies":[{"embeddable":true,"href":"https:\/\/edublog.educastur.es\/ixuxu\/wp-json\/wp\/v2\/comments?post=43152"}],"version-history":[{"count":3,"href":"https:\/\/edublog.educastur.es\/ixuxu\/wp-json\/wp\/v2\/posts\/43152\/revisions"}],"predecessor-version":[{"id":43155,"href":"https:\/\/edublog.educastur.es\/ixuxu\/wp-json\/wp\/v2\/posts\/43152\/revisions\/43155"}],"wp:attachment":[{"href":"https:\/\/edublog.educastur.es\/ixuxu\/wp-json\/wp\/v2\/media?parent=43152"}],"wp:term":[{"taxonomy":"category","embeddable":true,"href":"https:\/\/edublog.educastur.es\/ixuxu\/wp-json\/wp\/v2\/categories?post=43152"},{"taxonomy":"post_tag","embeddable":true,"href":"https:\/\/edublog.educastur.es\/ixuxu\/wp-json\/wp\/v2\/tags?post=43152"}],"curies":[{"name":"wp","href":"https:\/\/api.w.org\/{rel}","templated":true}]}}