{"id":43179,"date":"2025-03-08T12:00:21","date_gmt":"2025-03-08T10:00:21","guid":{"rendered":"https:\/\/edublog.educastur.es\/ixuxu\/?p=43179"},"modified":"2025-03-08T22:55:57","modified_gmt":"2025-03-08T20:55:57","slug":"un-anu-mas-companera-dame-tira","status":"publish","type":"post","link":"https:\/\/edublog.educastur.es\/ixuxu\/2025\/03\/un-anu-mas-companera-dame-tira\/","title":{"rendered":"#compa\u00f1eradametira"},"content":{"rendered":"<p style=\"text-align: center\">\n<!-- iframe plugin v.6.0 wordpress.org\/plugins\/iframe\/ -->\n<iframe loading=\"lazy\" width=\"100%\" height=\"423\" src=\"https:\/\/www.youtube.com\/embed\/PXZlzSoqwbs\" title=\"Compa\u00f1era Dame Tira - Himno Asturies Feminista 8M\" frameborder=\"0\" allow=\"accelerometer; autoplay; clipboard-write; encrypted-media; gyroscope; picture-in-picture; web-share\" referrerpolicy=\"strict-origin-when-cross-origin\" 0=\"allowfullscreen\" 1=\"\/iframe\" scrolling=\"yes\" class=\"iframe-class\"><\/iframe>\n<\/p>\n<div id=\"title\" class=\"style-scope ytd-watch-metadata\">\n<ul>\n<li class=\"style-scope ytd-watch-metadata\"><strong><span style=\"text-decoration: underline\"><em><span style=\"color: #800080;text-decoration: underline\">Compa\u00f1era Dame Tira<\/span><\/em><\/span><\/strong> &#8211; Himno Asturies Feminista 8M <a class=\"yt-simple-endpoint style-scope ytd-video-owner-renderer\" href=\"https:\/\/www.youtube.com\/@asturiesfeminista347\"><img decoding=\"async\" id=\"img\" class=\"style-scope yt-img-shadow\" src=\"https:\/\/yt3.ggpht.com\/ytc\/AIdro_nGveXpxTHg-mZkG99Xq6zPju_6S231lzcmYbGQNOpx5w=s88-c-k-c0x00ffffff-no-rj\" alt=\"\" width=\"40\" \/><\/a> \u00a0<a class=\"yt-simple-endpoint style-scope yt-formatted-string\" href=\"https:\/\/www.youtube.com\/@asturiesfeminista347\">Asturies Feminista<\/a><\/li>\n<\/ul>\n<p><strong><!--more--><\/strong><\/p>\n<h2 class=\"wp-block-heading\" style=\"text-align: center\"><span style=\"color: #800080\"><mark class=\"has-inline-color\">Brigada Feminista<\/mark><\/span><\/h2>\n<ul>\n<li>Fonte: <a href=\"https:\/\/musicasturiana.com\/estos-son-los-ventidos-cantares-y-muyeres-artistes-que-pues-sentir-un-8-marzu\/?fbclid=IwY2xjawI5jUhleHRuA2FlbQIxMQABHaJrNEA96cuqJNG1J5DP1JEiAYwVLGqNtbo3knRSiVz7vVvUsM24xbhI-Q_aem_M7wwnRckgBro5nfB0RolDA\">Musicasturiana<\/a><\/li>\n<\/ul>\n<p>Nel contestu de los preparativos pa la manifestaci\u00f3n pol 8M en Mieres en 2023, el colectivu feminista de la Cuenca Minera <strong>Brigada Feminista<\/strong>, que participa na plataforma Asturies Feminista 8M, amest\u00f3 una lletra sobre la sororid\u00e1 ente muyeres a la melod\u00eda de la Xota Val.lebreu. El result\u00e1u ye esti himnu del movimientu feminista asturianu qu\u2019abre\u2019l compilatoriu: <strong>\u2018Compa\u00f1era, dame tira\u2019.<\/strong><\/p>\n<p style=\"text-align: center\">\n<!-- iframe plugin v.6.0 wordpress.org\/plugins\/iframe\/ -->\n<iframe style=\"border-radius:12px\" src=\"https:\/\/open.spotify.com\/embed\/artist\/09gxa0SEMQKoQnQMpW6JQZ?utm_source=generator\" width=\"100%\" height=\"352\" frameborder=\"0\" allowfullscreen allow=\"autoplay; clipboard-write; encrypted-media; fullscreen; picture-in-picture\" loading=\"lazy\" 0=\"\/iframe\" scrolling=\"yes\" class=\"iframe-class\"><\/iframe>\n<\/p>\n<\/div>\n<p>&nbsp;<\/p>\n<p>&nbsp;<\/p>\n","protected":false},"excerpt":{"rendered":"<p>Compa\u00f1era Dame Tira &#8211; Himno Asturies Feminista 8M \u00a0Asturies Feminista<\/p>\n","protected":false},"author":117,"featured_media":0,"comment_status":"open","ping_status":"open","sticky":false,"template":"","format":"standard","meta":{"footnotes":""},"categories":[6,121],"tags":[],"class_list":["post-43179","post","type-post","status-publish","format-standard","hentry","category-dia-de","category-muyeres"],"_links":{"self":[{"href":"https:\/\/edublog.educastur.es\/ixuxu\/wp-json\/wp\/v2\/posts\/43179","targetHints":{"allow":["GET"]}}],"collection":[{"href":"https:\/\/edublog.educastur.es\/ixuxu\/wp-json\/wp\/v2\/posts"}],"about":[{"href":"https:\/\/edublog.educastur.es\/ixuxu\/wp-json\/wp\/v2\/types\/post"}],"author":[{"embeddable":true,"href":"https:\/\/edublog.educastur.es\/ixuxu\/wp-json\/wp\/v2\/users\/117"}],"replies":[{"embeddable":true,"href":"https:\/\/edublog.educastur.es\/ixuxu\/wp-json\/wp\/v2\/comments?post=43179"}],"version-history":[{"count":4,"href":"https:\/\/edublog.educastur.es\/ixuxu\/wp-json\/wp\/v2\/posts\/43179\/revisions"}],"predecessor-version":[{"id":43227,"href":"https:\/\/edublog.educastur.es\/ixuxu\/wp-json\/wp\/v2\/posts\/43179\/revisions\/43227"}],"wp:attachment":[{"href":"https:\/\/edublog.educastur.es\/ixuxu\/wp-json\/wp\/v2\/media?parent=43179"}],"wp:term":[{"taxonomy":"category","embeddable":true,"href":"https:\/\/edublog.educastur.es\/ixuxu\/wp-json\/wp\/v2\/categories?post=43179"},{"taxonomy":"post_tag","embeddable":true,"href":"https:\/\/edublog.educastur.es\/ixuxu\/wp-json\/wp\/v2\/tags?post=43179"}],"curies":[{"name":"wp","href":"https:\/\/api.w.org\/{rel}","templated":true}]}}