{"id":43183,"date":"2025-03-08T09:05:35","date_gmt":"2025-03-08T07:05:35","guid":{"rendered":"https:\/\/edublog.educastur.es\/ixuxu\/?p=43183"},"modified":"2025-03-09T12:05:23","modified_gmt":"2025-03-09T10:05:23","slug":"feliz-dia-internacional-de-la-muyer-8-de-marzu","status":"publish","type":"post","link":"https:\/\/edublog.educastur.es\/ixuxu\/2025\/03\/feliz-dia-internacional-de-la-muyer-8-de-marzu\/","title":{"rendered":"\u00a1Feliz D\u00eda Internacional de la Muyer, 8 de marzu!"},"content":{"rendered":"<p style=\"text-align: center\">\n<!-- iframe plugin v.6.0 wordpress.org\/plugins\/iframe\/ -->\n<iframe loading=\"lazy\" src=\"https:\/\/www.instagram.com\/reel\/DG8IqvXoAbM\/embed\" width=\"440\" height=\"560\" 0=\"\/iframe\" scrolling=\"yes\" class=\"iframe-class\" frameborder=\"0\"><\/iframe>\n<\/p>\n<header class=\"_aaqw\">\n<div class=\"_aaqy _aaqz\">\n<div class=\"_aar0 _aar1\">\n<div class=\"x78zum5\">\n<div class=\"_aaqt _aaqu\">\n<div class=\"x9f619 xjbqb8w x78zum5 x168nmei x13lgxp2 x5pf9jr xo71vjh x1uhb9sk x1plvlek xryxfnj x1c4vz4f x2lah0s x1q0g3np xqjyukv x1cy8zhl x1oa3qoh x1nhvcw1\">\n<div class=\"x9f619 xjbqb8w x78zum5 x168nmei x13lgxp2 x5pf9jr xo71vjh x1uhb9sk x1plvlek xryxfnj x1c4vz4f x2lah0s x1q0g3np xqjyukv x1cy8zhl x1oa3qoh x1nhvcw1\">\n<ul>\n<li aria-describedby=\"\u00abr2u\u00bb\"><a class=\"x1i10hfl xjbqb8w x1ejq31n xd10rxx x1sy0etr x17r0tee x972fbf xcfux6l x1qhh985 xm0m39n x9f619 x1ypdohk xt0psk2 xe8uvvx xdj266r x11i5rnm xat24cr x1mh8g0r xexx8yu x4uap5 x18d9i69 xkhd6sd x16tdsg8 x1hl2dhg xggy1nq x1a2a7pz _acan _acao _acat _acaw _aj1- _ap30 _a6hd\" role=\"link\" href=\"https:\/\/www.instagram.com\/asturian.words\/\">asturian.words<\/a><\/li>\n<\/ul>\n<\/div>\n<\/div>\n<\/div>\n<\/div>\n<\/div>\n<\/div>\n<\/header>\n<div class=\"xt0psk2\">\n<p><span style=\"color: #800080\">G\u00fcei celebramos a les muyeres asturianas que dexaron g\u00fcella na nuesa hestoria:<\/span><\/p>\n<ul>\n<li>\ud83c\udfa8<strong> Julia Alcayde Montoya<\/strong> (1855-1939): Pintora asturiana considerada una de les meyores del so tiempu.<\/li>\n<li>\u2696\ufe0f <strong>Alicia Salcedo<\/strong> (1903-2003): Pionera como primera abogada d\u2019Asturies.<\/li>\n<li>\u26cf\ufe0f<strong> Victoria P\u00e9rez, Josefa de Cuesta y Teresa Gonz\u00e1lez<\/strong>: Primeres mineres asturianes, abriendo\u2019l cam\u00edn pa otres.<\/li>\n<li>\ud83c\udfe5 <strong>Marica Andall\u00f3n y Xuaca Bobela<\/strong> (1764-1848 \/ 1759-1844): Hero\u00ednes de la Guerra d\u2019Independencia.<\/li>\n<li>\u270d\ufe0f <strong>Enriqueta Gonz\u00e1lez Rub\u00edn<\/strong> (1832-1877): Primera escritora en publicar un llibru n\u2019asturianu.<\/li>\n<li>\ud83c\udfad <strong>Rosario de Acu\u00f1a<\/strong> (1851-1923): Escritora y periodista, defensora de los derechos de les muyeres.<\/li>\n<li><span style=\"color: #800080\">\ud83d\udd2c <strong>Margarita Salas<\/strong> (1938-2019): Bioqu\u00edmica y investigadora, pionera na biolox\u00eda molecular n\u2019Espa\u00f1a.<\/span><\/li>\n<li>\ud83d\udcda <strong>Mar\u00eda Josefa Canellada<\/strong> (1912-1995): Fil\u00f3loga y escritora, estudiosa de la llingua asturiana.<\/li>\n<li>\ud83c\udfa4<strong> Diamantina Rodr\u00edguez<\/strong> (1915-1991): Cantante y gaitera, embaxadora de la m\u00fasica tradicional asturiana.<\/li>\n<li>\ud83d\udc69\u200d\u2695\ufe0f <strong>Oliva Blanco Corujo<\/strong> (1929-2021): M\u00e9dica y escritora, llucho pola iguald\u00e1 de x\u00e9neru na medicina.<\/li>\n<\/ul>\n<p><!--more--><\/p>\n<ul>\n<li><strong>Y agora, celebramos a les muyeres asturianes que siguen faciendo hestoria g\u00fcei:<\/strong>\ud83c\udfcb\ufe0f\u200d\u2640\ufe0f Elo\u00edsa Marcos Quintana: Atleta pionera en competiciones ol\u00edmpiques y jueza internacional de gimnasia r\u00edtmica.<\/li>\n<li>\ud83c\udfc9 Nayara Pantiga: Deportista asturiana que llucha pol patrocinio y promoci\u00f3n del deporte femen\u00edn.<\/li>\n<li>\ud83d\udcda Alicia \u00c1lvarez: Autora del llibru Asturianes: venti muyeres y colectivos inspiradores, destacando la contribuci\u00f3n de les muyeres asturianes na socied\u00e1.<\/li>\n<\/ul>\n<p>Estes muyeres valientes y otres munches m\u00e1s ayudaron a forxar l\u2019Asturies que conocemos g\u00fcei. Les sos contribuciones na ciencia, les artes, la lliteratura y la llucha social siguen inspir\u00e1ndonos. Sigamos lluchar pola iguald\u00e1 y reconocer les contribuciones de les muyeres a la nuesa socied\u00e1.\u00a0 \u00a1Que\u2019l so exemplu nos anime a siguir construyendo un futuru meyor pa toes y toos!<\/p>\n<p><a class=\"x1i10hfl xjbqb8w x1ejq31n xd10rxx x1sy0etr x17r0tee x972fbf xcfux6l x1qhh985 xm0m39n x9f619 x1ypdohk xt0psk2 xe8uvvx xdj266r x11i5rnm xat24cr x1mh8g0r xexx8yu x4uap5 x18d9i69 xkhd6sd x16tdsg8 x1hl2dhg xggy1nq x1a2a7pz _aa9_ _a6hd\" role=\"link\" href=\"https:\/\/www.instagram.com\/explore\/tags\/d%C3%ADadelamuyer\/\">#D\u00edaDeLaMuyer<\/a> <a class=\"x1i10hfl xjbqb8w x1ejq31n xd10rxx x1sy0etr x17r0tee x972fbf xcfux6l x1qhh985 xm0m39n x9f619 x1ypdohk xt0psk2 xe8uvvx xdj266r x11i5rnm xat24cr x1mh8g0r xexx8yu x4uap5 x18d9i69 xkhd6sd x16tdsg8 x1hl2dhg xggy1nq x1a2a7pz _aa9_ _a6hd\" role=\"link\" href=\"https:\/\/www.instagram.com\/explore\/tags\/muyeresasturianes\/\">#MuyeresAsturianes<\/a> <a class=\"x1i10hfl xjbqb8w x1ejq31n xd10rxx x1sy0etr x17r0tee x972fbf xcfux6l x1qhh985 xm0m39n x9f619 x1ypdohk xt0psk2 xe8uvvx xdj266r x11i5rnm xat24cr x1mh8g0r xexx8yu x4uap5 x18d9i69 xkhd6sd x16tdsg8 x1hl2dhg xggy1nq x1a2a7pz _aa9_ _a6hd\" role=\"link\" href=\"https:\/\/www.instagram.com\/explore\/tags\/8m\/\">#8M<\/a> <a class=\"x1i10hfl xjbqb8w x1ejq31n xd10rxx x1sy0etr x17r0tee x972fbf xcfux6l x1qhh985 xm0m39n x9f619 x1ypdohk xt0psk2 xe8uvvx xdj266r x11i5rnm xat24cr x1mh8g0r xexx8yu x4uap5 x18d9i69 xkhd6sd x16tdsg8 x1hl2dhg xggy1nq x1a2a7pz _aa9_ _a6hd\" role=\"link\" href=\"https:\/\/www.instagram.com\/explore\/tags\/asturies\/\">#Asturies<\/a> <a class=\"x1i10hfl xjbqb8w x1ejq31n xd10rxx x1sy0etr x17r0tee x972fbf xcfux6l x1qhh985 xm0m39n x9f619 x1ypdohk xt0psk2 xe8uvvx xdj266r x11i5rnm xat24cr x1mh8g0r xexx8yu x4uap5 x18d9i69 xkhd6sd x16tdsg8 x1hl2dhg xggy1nq x1a2a7pz _aa9_ _a6hd\" role=\"link\" href=\"https:\/\/www.instagram.com\/explore\/tags\/hestoriaasturiana\/\">#HestoriaAsturiana<\/a><\/p>\n<\/div>\n<p>&nbsp;<\/p>\n","protected":false},"excerpt":{"rendered":"<p>asturian.words G\u00fcei celebramos a les muyeres asturianas que dexaron g\u00fcella na nuesa hestoria: \ud83c\udfa8 Julia Alcayde Montoya (1855-1939): Pintora asturiana considerada una de les meyores del so tiempu. \u2696\ufe0f Alicia Salcedo (1903-2003): Pionera como primera abogada d\u2019Asturies. \u26cf\ufe0f Victoria P\u00e9rez, Josefa de Cuesta y Teresa Gonz\u00e1lez: Primeres mineres asturianes, abriendo\u2019l cam\u00edn pa otres. \ud83c\udfe5 Marica [&hellip;]<\/p>\n","protected":false},"author":117,"featured_media":0,"comment_status":"open","ping_status":"open","sticky":false,"template":"","format":"standard","meta":{"footnotes":""},"categories":[356,6,121],"tags":[],"class_list":["post-43183","post","type-post","status-publish","format-standard","hentry","category-asturian-words","category-dia-de","category-muyeres"],"_links":{"self":[{"href":"https:\/\/edublog.educastur.es\/ixuxu\/wp-json\/wp\/v2\/posts\/43183","targetHints":{"allow":["GET"]}}],"collection":[{"href":"https:\/\/edublog.educastur.es\/ixuxu\/wp-json\/wp\/v2\/posts"}],"about":[{"href":"https:\/\/edublog.educastur.es\/ixuxu\/wp-json\/wp\/v2\/types\/post"}],"author":[{"embeddable":true,"href":"https:\/\/edublog.educastur.es\/ixuxu\/wp-json\/wp\/v2\/users\/117"}],"replies":[{"embeddable":true,"href":"https:\/\/edublog.educastur.es\/ixuxu\/wp-json\/wp\/v2\/comments?post=43183"}],"version-history":[{"count":5,"href":"https:\/\/edublog.educastur.es\/ixuxu\/wp-json\/wp\/v2\/posts\/43183\/revisions"}],"predecessor-version":[{"id":43276,"href":"https:\/\/edublog.educastur.es\/ixuxu\/wp-json\/wp\/v2\/posts\/43183\/revisions\/43276"}],"wp:attachment":[{"href":"https:\/\/edublog.educastur.es\/ixuxu\/wp-json\/wp\/v2\/media?parent=43183"}],"wp:term":[{"taxonomy":"category","embeddable":true,"href":"https:\/\/edublog.educastur.es\/ixuxu\/wp-json\/wp\/v2\/categories?post=43183"},{"taxonomy":"post_tag","embeddable":true,"href":"https:\/\/edublog.educastur.es\/ixuxu\/wp-json\/wp\/v2\/tags?post=43183"}],"curies":[{"name":"wp","href":"https:\/\/api.w.org\/{rel}","templated":true}]}}