{"id":43253,"date":"2025-03-07T14:00:13","date_gmt":"2025-03-07T12:00:13","guid":{"rendered":"https:\/\/edublog.educastur.es\/ixuxu\/?p=43253"},"modified":"2025-03-08T23:32:14","modified_gmt":"2025-03-08T21:32:14","slug":"lantroxu-del-ruiz-tilve-da-color-a-la-corredoria","status":"publish","type":"post","link":"https:\/\/edublog.educastur.es\/ixuxu\/2025\/03\/lantroxu-del-ruiz-tilve-da-color-a-la-corredoria\/","title":{"rendered":"L&#8217;Antroxu del Ruiz-Tilve da color a La Corredoria"},"content":{"rendered":"<ul>\n<li>Fonte: <a href=\"https:\/\/www.lne.es\/oviedo\/la-corredoria\/2025\/03\/08\/carnaval-ruiz-tilve-da-color-115071799.html?fbclid=IwY2xjawI5lT9leHRuA2FlbQIxMQABHZR9Uuv-ZK1yfXvRMsmdfg2TfC3E_bKpXqIPenYg6GOcDClzzlVzZmhLxA_aem_J9MgLcEC87zkGF_R4kpdOA\"><strong>LNE\u00a0<\/strong> <\/a>\/ semeya de <span class=\"ft-helper-fontWeight-800 ft-helper-text-transform-uppercase\">Fernando Rodr\u00edguez<\/span><\/li>\n<\/ul>\n<p style=\"text-align: center\"><a href=\"https:\/\/estaticos-cdn.prensaiberica.es\/clip\/0eac622d-ac3f-447a-8cf6-4db28863d45d_16-9-aspect-ratio_default_0.webp\"><img loading=\"lazy\" decoding=\"async\" class=\"aligncenter size-large\" src=\"https:\/\/estaticos-cdn.prensaiberica.es\/clip\/0eac622d-ac3f-447a-8cf6-4db28863d45d_16-9-aspect-ratio_default_0.webp\" width=\"880\" height=\"495\" \/><\/a><\/p>\n<p>Los alumnos del colexu percuerren les cais del barriu con un anim\u00e1u desfile. L&#8217;Antroxu anubri\u00f3 de color\u00edu les cais de La Corredoria. Alumnos y profesores del colexu p\u00fablicu Carmen Ruiz-Tilve desfilaron pola redolada del centru, con amarutes que prepararon nes aules nes \u00faltimes selmanes.<\/p>\n<p><!--more--><\/p>\n<p>La tem\u00e1tica escoyida per cada cursu taba rellacionada colos proyectos que t\u00e1n desenvolviendo nes clases. Poles cais pudo vese un gallineru, rellacion\u00e1u col proyectu desenvueltu cola <strong>Asociaci\u00f3n para la Recuperaci\u00f3n de la Pita Pinta asturiana<\/strong>, que dex\u00f3 la instalaci\u00f3n d&#8217;una incubadora con venticuatro g\u00fcevos nel centru.<\/p>\n<p style=\"text-align: center\"><a href=\"https:\/\/estaticos-cdn.prensaiberica.es\/clip\/e4db53dd-0bae-4138-beb7-0abd05f3f7da_source-aspect-ratio_default_0.webp\"><img loading=\"lazy\" decoding=\"async\" class=\"aligncenter size-large\" src=\"https:\/\/estaticos-cdn.prensaiberica.es\/clip\/e4db53dd-0bae-4138-beb7-0abd05f3f7da_source-aspect-ratio_default_0.webp\" width=\"1600\" height=\"1055\" \/><\/a><\/p>\n<p style=\"text-align: left\">Nel Antroxu lleeron mensaxes qu&#8217;animaben a lluchar contra la contaminaci\u00f3n del mar y otros que ciscaben que se curiara la tierra. \u00abEl monte asturianu\u00bb foi otra de les tem\u00e1tiques escoy\u00edes pol colexu.\u00a0Mientres se desenvolv\u00eda&#8217;l desfile poles cais pr\u00f3ximes al centru sonaba la m\u00fasica. Una vegada remat\u00e1u&#8217;l percorr\u00edu, nel que se concentraron numberoses families, los alumnos y los profesores #dirixierense a la cancha del colexu onde se celebr\u00f3 la fiesta d&#8217;Antroxu.<\/p>\n<p>&nbsp;<\/p>\n","protected":false},"excerpt":{"rendered":"<p>Fonte: LNE\u00a0 \/ semeya de Fernando Rodr\u00edguez Los alumnos del colexu percuerren les cais del barriu con un anim\u00e1u desfile. L&#8217;Antroxu anubri\u00f3 de color\u00edu les cais de La Corredoria. Alumnos y profesores del colexu p\u00fablicu Carmen Ruiz-Tilve desfilaron pola redolada del centru, con amarutes que prepararon nes aules nes \u00faltimes selmanes.<\/p>\n","protected":false},"author":117,"featured_media":0,"comment_status":"open","ping_status":"open","sticky":false,"template":"","format":"standard","meta":{"footnotes":""},"categories":[262,64],"tags":[],"class_list":["post-43253","post","type-post","status-publish","format-standard","hentry","category-antroxu","category-carmen-ruiz-tilve"],"_links":{"self":[{"href":"https:\/\/edublog.educastur.es\/ixuxu\/wp-json\/wp\/v2\/posts\/43253","targetHints":{"allow":["GET"]}}],"collection":[{"href":"https:\/\/edublog.educastur.es\/ixuxu\/wp-json\/wp\/v2\/posts"}],"about":[{"href":"https:\/\/edublog.educastur.es\/ixuxu\/wp-json\/wp\/v2\/types\/post"}],"author":[{"embeddable":true,"href":"https:\/\/edublog.educastur.es\/ixuxu\/wp-json\/wp\/v2\/users\/117"}],"replies":[{"embeddable":true,"href":"https:\/\/edublog.educastur.es\/ixuxu\/wp-json\/wp\/v2\/comments?post=43253"}],"version-history":[{"count":5,"href":"https:\/\/edublog.educastur.es\/ixuxu\/wp-json\/wp\/v2\/posts\/43253\/revisions"}],"predecessor-version":[{"id":43258,"href":"https:\/\/edublog.educastur.es\/ixuxu\/wp-json\/wp\/v2\/posts\/43253\/revisions\/43258"}],"wp:attachment":[{"href":"https:\/\/edublog.educastur.es\/ixuxu\/wp-json\/wp\/v2\/media?parent=43253"}],"wp:term":[{"taxonomy":"category","embeddable":true,"href":"https:\/\/edublog.educastur.es\/ixuxu\/wp-json\/wp\/v2\/categories?post=43253"},{"taxonomy":"post_tag","embeddable":true,"href":"https:\/\/edublog.educastur.es\/ixuxu\/wp-json\/wp\/v2\/tags?post=43253"}],"curies":[{"name":"wp","href":"https:\/\/api.w.org\/{rel}","templated":true}]}}