{"id":43259,"date":"2025-03-08T08:20:57","date_gmt":"2025-03-08T06:20:57","guid":{"rendered":"https:\/\/edublog.educastur.es\/ixuxu\/?p=43259"},"modified":"2025-03-08T23:34:40","modified_gmt":"2025-03-08T21:34:40","slug":"estau-del-tiempu-sabadu-8-marzu-2025","status":"publish","type":"post","link":"https:\/\/edublog.educastur.es\/ixuxu\/2025\/03\/estau-del-tiempu-sabadu-8-marzu-2025\/","title":{"rendered":"Est\u00e1u del tiempu: s\u00e1badu 8 marzu 2025"},"content":{"rendered":"<div class=\"html-div xdj266r xat24cr x1mh8g0r xexx8yu x4uap5 x18d9i69 xkhd6sd x78zum5 x2lah0s xqtp20y x1emribx\">\n<div class=\"xc9qbxq x1td3qas x6s0dn4 x78zum5 xl56j7k\">\n<div class=\"\" style=\"text-align: center\">\n<div class=\"x11i5rnm xat24cr x1mh8g0r x1vvkbs xtlvy1s x126k92a\">\n<div dir=\"auto\"><\/div>\n<\/div>\n<div class=\"x11i5rnm xat24cr x1mh8g0r x1vvkbs xtlvy1s x126k92a\">\n<div dir=\"auto\"><span style=\"font-size: 20px;color: #008080\"><strong><em>\u00abMuncho precuru col vientu\u00bb<\/em><\/strong><\/span><\/div>\n<\/div>\n<\/div>\n<\/div>\n<\/div>\n<div class=\"x78zum5 xdt5ytf xz62fqu x16ldp7u\">\n<div class=\"xu06os2 x1ok221b\">\n<div class=\"html-div xdj266r x11i5rnm xat24cr x1mh8g0r xexx8yu x4uap5 x18d9i69 xkhd6sd\" data-ad-rendering-role=\"profile_name\">\n<ul>\n<li class=\"html-h3 x11i5rnm xat24cr x1mh8g0r xexx8yu x4uap5 x18d9i69 xkhd6sd x1vvkbs x1heor9g x1qlqyl8 x1pd3egz x1a2a7pz x1gslohp x1yc453h\"><span class=\"x1lliihq x6ikm8r x10wlt62 x1n2onr6\"><span class=\"xt0psk2\"><span class=\"xjp7ctv\"><a class=\"x1i10hfl xjbqb8w x1ejq31n xd10rxx x1sy0etr x17r0tee x972fbf xcfux6l x1qhh985 xm0m39n x9f619 x1ypdohk xt0psk2 xe8uvvx xdj266r x11i5rnm xat24cr x1mh8g0r xexx8yu x4uap5 x18d9i69 xkhd6sd x16tdsg8 x1hl2dhg xggy1nq x1a2a7pz xkrqix3 x1sur9pj xzsf02u x1s688f\" role=\"link\" href=\"https:\/\/www.facebook.com\/eltiempuenasturies?__cft__[0]=AZV2N7kV4-APCSe04rBXsB34u5kApv0_YjvQDK-h4XpehfqmXQk2oVCUXbw-slrdcujJEer-TS8a9Ocng6aaqVUOwpgZrq93Jgr97qcJjC_Y5yUOGJhIh_d5Cjrc3Yn4cclYPy0laT_fV2PMtB2uevKXZg3ih64YJx3cZXvTkyJP9kHKiISz1XwCsqzL47UfdewWKCdiQO1o8NcvdpRqwtTaoRqLgxe-Voib-Udp3aw0dQ&amp;__tn__=-UC%2CP-y-R\" aria-describedby=\"\u00abr42l\u00bb\"><strong class=\"html-strong xdj266r x11i5rnm xat24cr x1mh8g0r xexx8yu x4uap5 x18d9i69 xkhd6sd x1hl2dhg x16tdsg8 x1vvkbs x1s688f\"><span class=\"html-span xdj266r x11i5rnm xat24cr x1mh8g0r xexx8yu x4uap5 x18d9i69 xkhd6sd x1hl2dhg x16tdsg8 x1vvkbs\">El Tiempu n&#8217;Asturies.<\/span><\/strong><\/a><\/span><\/span><\/span><\/li>\n<\/ul>\n<\/div>\n<\/div>\n<div class=\"xu06os2 x1ok221b\"><\/div>\n<\/div>\n<div class=\"html-div xdj266r x11i5rnm xat24cr x1mh8g0r xexx8yu x4uap5 x18d9i69 xkhd6sd\" dir=\"auto\">\n<div class=\"html-div xdj266r x11i5rnm xat24cr x1mh8g0r xexx8yu x4uap5 x18d9i69 xkhd6sd\" data-ad-rendering-role=\"story_message\">\n<div class=\"x1l90r2v x1iorvi4 x1ye3gou xn6708d\" data-ad-comet-preview=\"message\" data-ad-preview=\"message\">\n<div class=\"x78zum5 xdt5ytf xz62fqu x16ldp7u\">\n<div class=\"xu06os2 x1ok221b\">\n<div class=\"x11i5rnm xat24cr x1mh8g0r x1vvkbs xtlvy1s x126k92a\"><\/div>\n<div class=\"x11i5rnm xat24cr x1mh8g0r x1vvkbs xtlvy1s x126k92a\">\n<ul>\n<li dir=\"auto\"><strong><span style=\"color: #008080\">Alborecemos<\/span><\/strong> col cielu nuboso ya con raches fuertes de vientu \u00e1brigu, sobre too en zones de monta\u00f1a onde algamen los 100km\/h con unes temperatures que tan alrodiu de los 12\u00baC, rexistr\u00e1ndose nel puirtu Payares 1,5\u00baC.<\/li>\n<\/ul>\n<\/div>\n<div class=\"x11i5rnm xat24cr x1mh8g0r x1vvkbs xtlvy1s x126k92a\">\n<ul>\n<li dir=\"auto\"><strong><span style=\"color: #008080\">G\u00fcei<\/span><\/strong> vamos tener nubosid\u00e1 abondosa con precipitaciones persistentes ya moderaes na cara sur de la cordelera que sedr\u00e1n de nieve perriba de los 1700m, baxando al finar el d\u00eda a los 1200m. Nel restu mos afeutar\u00e1n solo nes hores centrales del d\u00eda quedando poco nuboso pela tarde con unes temperatures en descensu ya con raches mui fuertes de vientu \u00e1brigu que pue sobrepasar los 100km\/h en zones espuestes.<\/li>\n<\/ul>\n<p><!--more--><\/p>\n<\/div>\n<div class=\"x11i5rnm xat24cr x1mh8g0r x1vvkbs xtlvy1s x126k92a\">\n<ul>\n<li dir=\"auto\"><strong><span style=\"color: #008080\">Ma\u00f1ana domingu<\/span><\/strong> tendremos un d\u00eda m\u00e1s seliquinu amenorgar\u00e1 l&#8217;aire, tendremos nubes ya claros nel cielu y solo s&#8217;esperen precipitaciones disperses na cordelera que sedr\u00e1n de nieve perriba de los 1300m, onde la nubosid\u00e1 de retenci\u00f3n sedr\u00e1 m\u00e1s abondosa con unes temperatures que siguen baxando.<\/li>\n<\/ul>\n<\/div>\n<div class=\"x11i5rnm xat24cr x1mh8g0r x1vvkbs xtlvy1s x126k92a\">\n<ul>\n<li dir=\"auto\"><strong><span style=\"color: #008080\">El llunes<\/span> <\/strong>tendremos m\u00e1s nubosid\u00e1 pero poques posibilidaes de precipitaciones con unes temperatures que van camudar poco. Y paez qu&#8217;alrodiu del xueves podemos tener una iverniza dalgo m\u00e1s seria pero esto y\u00e1 lu diremos viendo.<\/li>\n<\/ul>\n<\/div>\n<\/div>\n<\/div>\n<\/div>\n<\/div>\n<\/div>\n<p>&nbsp;<\/p>\n","protected":false},"excerpt":{"rendered":"<p>\u00abMuncho precuru col vientu\u00bb El Tiempu n&#8217;Asturies. Alborecemos col cielu nuboso ya con raches fuertes de vientu \u00e1brigu, sobre too en zones de monta\u00f1a onde algamen los 100km\/h con unes temperatures que tan alrodiu de los 12\u00baC, rexistr\u00e1ndose nel puirtu Payares 1,5\u00baC. G\u00fcei vamos tener nubosid\u00e1 abondosa con precipitaciones persistentes ya moderaes na cara sur [&hellip;]<\/p>\n","protected":false},"author":117,"featured_media":0,"comment_status":"open","ping_status":"open","sticky":false,"template":"","format":"standard","meta":{"footnotes":""},"categories":[5],"tags":[],"class_list":["post-43259","post","type-post","status-publish","format-standard","hentry","category-tiempu"],"_links":{"self":[{"href":"https:\/\/edublog.educastur.es\/ixuxu\/wp-json\/wp\/v2\/posts\/43259","targetHints":{"allow":["GET"]}}],"collection":[{"href":"https:\/\/edublog.educastur.es\/ixuxu\/wp-json\/wp\/v2\/posts"}],"about":[{"href":"https:\/\/edublog.educastur.es\/ixuxu\/wp-json\/wp\/v2\/types\/post"}],"author":[{"embeddable":true,"href":"https:\/\/edublog.educastur.es\/ixuxu\/wp-json\/wp\/v2\/users\/117"}],"replies":[{"embeddable":true,"href":"https:\/\/edublog.educastur.es\/ixuxu\/wp-json\/wp\/v2\/comments?post=43259"}],"version-history":[{"count":1,"href":"https:\/\/edublog.educastur.es\/ixuxu\/wp-json\/wp\/v2\/posts\/43259\/revisions"}],"predecessor-version":[{"id":43260,"href":"https:\/\/edublog.educastur.es\/ixuxu\/wp-json\/wp\/v2\/posts\/43259\/revisions\/43260"}],"wp:attachment":[{"href":"https:\/\/edublog.educastur.es\/ixuxu\/wp-json\/wp\/v2\/media?parent=43259"}],"wp:term":[{"taxonomy":"category","embeddable":true,"href":"https:\/\/edublog.educastur.es\/ixuxu\/wp-json\/wp\/v2\/categories?post=43259"},{"taxonomy":"post_tag","embeddable":true,"href":"https:\/\/edublog.educastur.es\/ixuxu\/wp-json\/wp\/v2\/tags?post=43259"}],"curies":[{"name":"wp","href":"https:\/\/api.w.org\/{rel}","templated":true}]}}