{"id":43263,"date":"2025-03-08T08:36:00","date_gmt":"2025-03-08T06:36:00","guid":{"rendered":"https:\/\/edublog.educastur.es\/ixuxu\/?p=43263"},"modified":"2025-03-09T00:17:23","modified_gmt":"2025-03-08T22:17:23","slug":"el-tiempo-el-comercio-14","status":"publish","type":"post","link":"https:\/\/edublog.educastur.es\/ixuxu\/2025\/03\/el-tiempo-el-comercio-14\/","title":{"rendered":"El tiempo (El Comercio)"},"content":{"rendered":"<p style=\"text-align: center\"><a href=\"https:\/\/s2.ppllstatics.com\/elcomercio\/www\/multimedia\/2025\/03\/07\/prevision-tiempo-asturias.jpg\"><img loading=\"lazy\" decoding=\"async\" class=\"aligncenter size-large\" src=\"https:\/\/s2.ppllstatics.com\/elcomercio\/www\/multimedia\/2025\/03\/07\/prevision-tiempo-asturias.jpg\" width=\"970\" height=\"435\" \/><\/a><\/p>\n<p><em><span style=\"color: #ffff99\">Siguimos cola influencia de la umbada Jana sobro&#8217;l Princip\u00e1u d&#8217;Asturies. El vientu va ser el gran protagonista porque non solo esp\u00e9rense raches fuertes de vientu nel cordal, sin\u00f3n que tami\u00e9n por momentos van dase n&#8217;otros munchos puntos de la rex\u00f3n. <\/span><\/em><\/p>\n<p><!--more--><\/p>\n<p><em><span style=\"color: #ffff99\">L&#8217;<strong>Axencia Estatal de Meteorolox\u00eda<\/strong> va caltener activ\u00e1u mientres tol d\u00eda l&#8217;avisu mariellu nel cordal por raches d&#8217;hasta 90 km\/h. Pero seg\u00fan dellos modelos de gran precisi\u00f3n preven la posibilid\u00e1 de qu&#8217;en zones altes del cordal puedan llegase a algamar los 120 km\/h. Ello ye que mientres les primeres hores de tarde tami\u00e9n envaloren que nel interior central y tami\u00e9n oriental podr\u00eden llegar a anotar los 80 km\/h. Tami\u00e9n na mari\u00f1a podr\u00eden sufrir los fuertes vientos d&#8217;hasta 70 km\/h.<\/span> <\/em><\/p>\n","protected":false},"excerpt":{"rendered":"<p>Siguimos cola influencia de la umbada Jana sobro&#8217;l Princip\u00e1u d&#8217;Asturies. El vientu va ser el gran protagonista porque non solo esp\u00e9rense raches fuertes de vientu nel cordal, sin\u00f3n que tami\u00e9n por momentos van dase n&#8217;otros munchos puntos de la rex\u00f3n.<\/p>\n","protected":false},"author":117,"featured_media":0,"comment_status":"open","ping_status":"open","sticky":false,"template":"","format":"aside","meta":{"footnotes":""},"categories":[5],"tags":[],"class_list":["post-43263","post","type-post","status-publish","format-aside","hentry","category-tiempu","post_format-post-format-aside"],"_links":{"self":[{"href":"https:\/\/edublog.educastur.es\/ixuxu\/wp-json\/wp\/v2\/posts\/43263","targetHints":{"allow":["GET"]}}],"collection":[{"href":"https:\/\/edublog.educastur.es\/ixuxu\/wp-json\/wp\/v2\/posts"}],"about":[{"href":"https:\/\/edublog.educastur.es\/ixuxu\/wp-json\/wp\/v2\/types\/post"}],"author":[{"embeddable":true,"href":"https:\/\/edublog.educastur.es\/ixuxu\/wp-json\/wp\/v2\/users\/117"}],"replies":[{"embeddable":true,"href":"https:\/\/edublog.educastur.es\/ixuxu\/wp-json\/wp\/v2\/comments?post=43263"}],"version-history":[{"count":4,"href":"https:\/\/edublog.educastur.es\/ixuxu\/wp-json\/wp\/v2\/posts\/43263\/revisions"}],"predecessor-version":[{"id":43268,"href":"https:\/\/edublog.educastur.es\/ixuxu\/wp-json\/wp\/v2\/posts\/43263\/revisions\/43268"}],"wp:attachment":[{"href":"https:\/\/edublog.educastur.es\/ixuxu\/wp-json\/wp\/v2\/media?parent=43263"}],"wp:term":[{"taxonomy":"category","embeddable":true,"href":"https:\/\/edublog.educastur.es\/ixuxu\/wp-json\/wp\/v2\/categories?post=43263"},{"taxonomy":"post_tag","embeddable":true,"href":"https:\/\/edublog.educastur.es\/ixuxu\/wp-json\/wp\/v2\/tags?post=43263"}],"curies":[{"name":"wp","href":"https:\/\/api.w.org\/{rel}","templated":true}]}}