{"id":43298,"date":"2025-03-08T11:18:00","date_gmt":"2025-03-08T09:18:00","guid":{"rendered":"https:\/\/edublog.educastur.es\/ixuxu\/?p=43298"},"modified":"2025-03-09T12:32:40","modified_gmt":"2025-03-09T10:32:40","slug":"poema-de-nene-losada","status":"publish","type":"post","link":"https:\/\/edublog.educastur.es\/ixuxu\/2025\/03\/poema-de-nene-losada\/","title":{"rendered":"Poema de Nen\u00e9 Losada"},"content":{"rendered":"<div class=\"html-div xdj266r x11i5rnm xat24cr x1mh8g0r xexx8yu x4uap5 x18d9i69 xkhd6sd x1iyjqo2\">\n<div class=\"x78zum5 xdt5ytf xz62fqu x16ldp7u\">\n<div class=\"xu06os2 x1ok221b\">\n<ul>\n<li class=\"html-h3 x11i5rnm xat24cr x1mh8g0r xexx8yu x4uap5 x18d9i69 xkhd6sd x1vvkbs x1heor9g x1qlqyl8 x1pd3egz x1a2a7pz x1gslohp x1yc453h\"><span class=\"xt0psk2\"><span class=\"xjp7ctv\"><a class=\"x1i10hfl xjbqb8w x1ejq31n xd10rxx x1sy0etr x17r0tee x972fbf xcfux6l x1qhh985 xm0m39n x9f619 x1ypdohk xt0psk2 xe8uvvx xdj266r x11i5rnm xat24cr x1mh8g0r xexx8yu x4uap5 x18d9i69 xkhd6sd x16tdsg8 x1hl2dhg xggy1nq x1a2a7pz xkrqix3 x1sur9pj xzsf02u x1s688f\" role=\"link\" href=\"https:\/\/www.facebook.com\/Biblioasturias?__cft__[0]=AZWZFHmxVB21JxMAYud92NUefik1I2jqWRZpFP9m8RrfhxW-A4Gttsx4HkMTilaCY7FfmICGhcD1FI984uulmq91jgKdXK8a1GlwGowYtp5eyEYjJMFxs2Wd8jz8-enD3geDZvnxZiOVNjsB49yFeMXAJH_pXbN6LzuSDX1vX03GUBtJTNgbtuR47euBPJLe37o&amp;__tn__=-UC%2CPH-R\" aria-describedby=\"\u00abr220\u00bb\"><strong class=\"html-strong xdj266r x11i5rnm xat24cr x1mh8g0r xexx8yu x4uap5 x18d9i69 xkhd6sd x1hl2dhg x16tdsg8 x1vvkbs x1s688f\"><span class=\"html-span xdj266r x11i5rnm xat24cr x1mh8g0r xexx8yu x4uap5 x18d9i69 xkhd6sd x1hl2dhg x16tdsg8 x1vvkbs\">Biblioasturias<\/span><\/strong><\/a><\/span><\/span><\/li>\n<\/ul>\n<\/div>\n<\/div>\n<\/div>\n<div class=\"html-div xdj266r x11i5rnm xat24cr x1mh8g0r xexx8yu x4uap5 x18d9i69 xkhd6sd\">\n<div class=\"html-div xdj266r x11i5rnm xat24cr x1mh8g0r xexx8yu x4uap5 x18d9i69 xkhd6sd\" dir=\"auto\">\n<div class=\"html-div xdj266r x11i5rnm xat24cr x1mh8g0r xexx8yu x4uap5 x18d9i69 xkhd6sd\" dir=\"auto\">\n<div class=\"html-div xdj266r x11i5rnm xat24cr x1mh8g0r xexx8yu x4uap5 x18d9i69 xkhd6sd\" data-ad-rendering-role=\"story_message\">\n<div class=\"x1l90r2v x1iorvi4 x1ye3gou xn6708d\" data-ad-comet-preview=\"message\" data-ad-preview=\"message\">\n<div class=\"x78zum5 xdt5ytf xz62fqu x16ldp7u\">\n<div class=\"xu06os2 x1ok221b\">\n<div class=\"xdj266r x11i5rnm xat24cr x1mh8g0r x1vvkbs x126k92a\">\n<div dir=\"auto\" style=\"text-align: center\">N\u00e9ne Losada Rico (L.luarca 1921-2009) <a href=\"https:\/\/ast.m.wikipedia.org\/wiki\/Nen%C3%A9_Losada_Rico\">Ver Wikipedia<\/a><\/div>\n<div dir=\"auto\" style=\"text-align: center\">Feliz <span class=\"html-span xdj266r x11i5rnm xat24cr x1mh8g0r xexx8yu x4uap5 x18d9i69 xkhd6sd x1hl2dhg x16tdsg8 x1vvkbs\"><a class=\"x1i10hfl xjbqb8w x1ejq31n xd10rxx x1sy0etr x17r0tee x972fbf xcfux6l x1qhh985 xm0m39n x9f619 x1ypdohk xt0psk2 xe8uvvx xdj266r x11i5rnm xat24cr x1mh8g0r xexx8yu x4uap5 x18d9i69 xkhd6sd x16tdsg8 x1hl2dhg xggy1nq x1a2a7pz xkrqix3 x1sur9pj x1fey0fg x1s688f\" role=\"link\" href=\"https:\/\/www.facebook.com\/hashtag\/diadelamuyer?__eep__=6&amp;__cft__[0]=AZWZFHmxVB21JxMAYud92NUefik1I2jqWRZpFP9m8RrfhxW-A4Gttsx4HkMTilaCY7FfmICGhcD1FI984uulmq91jgKdXK8a1GlwGowYtp5eyEYjJMFxs2Wd8jz8-enD3geDZvnxZiOVNjsB49yFeMXAJH_pXbN6LzuSDX1vX03GUBtJTNgbtuR47euBPJLe37o&amp;__tn__=*NKH-R\">#DiadelaMuyer<\/a><\/span> <span class=\"html-span xdj266r x11i5rnm xat24cr x1mh8g0r xexx8yu x4uap5 x18d9i69 xkhd6sd x1hl2dhg x16tdsg8 x1vvkbs\"><a class=\"x1i10hfl xjbqb8w x1ejq31n xd10rxx x1sy0etr x17r0tee x972fbf xcfux6l x1qhh985 xm0m39n x9f619 x1ypdohk xt0psk2 xe8uvvx xdj266r x11i5rnm xat24cr x1mh8g0r xexx8yu x4uap5 x18d9i69 xkhd6sd x16tdsg8 x1hl2dhg xggy1nq x1a2a7pz xkrqix3 x1sur9pj x1fey0fg x1s688f\" role=\"link\" href=\"https:\/\/www.facebook.com\/hashtag\/diadelamujer?__eep__=6&amp;__cft__[0]=AZWZFHmxVB21JxMAYud92NUefik1I2jqWRZpFP9m8RrfhxW-A4Gttsx4HkMTilaCY7FfmICGhcD1FI984uulmq91jgKdXK8a1GlwGowYtp5eyEYjJMFxs2Wd8jz8-enD3geDZvnxZiOVNjsB49yFeMXAJH_pXbN6LzuSDX1vX03GUBtJTNgbtuR47euBPJLe37o&amp;__tn__=*NKH-R\">#DiadelaMujer<\/a><\/span> <span class=\"html-span xdj266r x11i5rnm xat24cr x1mh8g0r xexx8yu x4uap5 x18d9i69 xkhd6sd x1hl2dhg x16tdsg8 x1vvkbs\"><a class=\"x1i10hfl xjbqb8w x1ejq31n xd10rxx x1sy0etr x17r0tee x972fbf xcfux6l x1qhh985 xm0m39n x9f619 x1ypdohk xt0psk2 xe8uvvx xdj266r x11i5rnm xat24cr x1mh8g0r xexx8yu x4uap5 x18d9i69 xkhd6sd x16tdsg8 x1hl2dhg xggy1nq x1a2a7pz xkrqix3 x1sur9pj x1fey0fg x1s688f\" role=\"link\" href=\"https:\/\/www.facebook.com\/hashtag\/8m?__eep__=6&amp;__cft__[0]=AZWZFHmxVB21JxMAYud92NUefik1I2jqWRZpFP9m8RrfhxW-A4Gttsx4HkMTilaCY7FfmICGhcD1FI984uulmq91jgKdXK8a1GlwGowYtp5eyEYjJMFxs2Wd8jz8-enD3geDZvnxZiOVNjsB49yFeMXAJH_pXbN6LzuSDX1vX03GUBtJTNgbtuR47euBPJLe37o&amp;__tn__=*NKH-R\">#8M<\/a><\/span> <span class=\"html-span xexx8yu x4uap5 x18d9i69 xkhd6sd x1hl2dhg x16tdsg8 x1vvkbs x3nfvp2 x1j61x8r x1fcty0u xdj266r xat24cr xgzva0m xhhsvwb xxymvpz xlup9mm x1kky2od\"><img loading=\"lazy\" decoding=\"async\" class=\"xz74otr x168nmei x13lgxp2 x5pf9jr xo71vjh\" src=\"https:\/\/static.xx.fbcdn.net\/images\/emoji.php\/v9\/t49\/1\/16\/1f4da.png\" alt=\"\ud83d\udcda\" width=\"16\" height=\"16\" \/><\/span><span class=\"html-span xexx8yu x4uap5 x18d9i69 xkhd6sd x1hl2dhg x16tdsg8 x1vvkbs x3nfvp2 x1j61x8r x1fcty0u xdj266r xat24cr xgzva0m xhhsvwb xxymvpz xlup9mm x1kky2od\"><img loading=\"lazy\" decoding=\"async\" class=\"xz74otr x168nmei x13lgxp2 x5pf9jr xo71vjh\" src=\"https:\/\/static.xx.fbcdn.net\/images\/emoji.php\/v9\/tcc\/1\/16\/1f4dd.png\" alt=\"\ud83d\udcdd\" width=\"16\" height=\"16\" \/><\/span><\/div>\n<div dir=\"auto\" style=\"text-align: center\"><a href=\"https:\/\/scontent-mad1-1.xx.fbcdn.net\/v\/t39.30808-6\/482082743_9660317417334661_7589453810026251618_n.jpg?_nc_cat=106&amp;ccb=1-7&amp;_nc_sid=127cfc&amp;_nc_ohc=4M8IPxlEIqsQ7kNvgEMXQjE&amp;_nc_oc=Adh38tiRBau-bLnwAKb9tw5HQEy3u0JvHTtOCMETmpqFUDRtvwKrwS8Pw_gNEubQUHE&amp;_nc_zt=23&amp;_nc_ht=scontent-mad1-1.xx&amp;_nc_gid=ApaleWvqhIPQBlKQLb3voOE&amp;oh=00_AYHSqnoJDDYaOaSEbknxV1kgJGZSw3Djyp0_ZxPgONpmwQ&amp;oe=67D34812\">Las m\u00edas cousas<\/a><\/div>\n<div dir=\"auto\" style=\"text-align: center\">las m\u00edas&#8230;<\/div>\n<\/div>\n<div dir=\"auto\" style=\"text-align: center\">\n<!-- iframe plugin v.6.0 wordpress.org\/plugins\/iframe\/ -->\n<iframe loading=\"lazy\" src=\"https:\/\/www.facebook.com\/plugins\/post.php?href=https%3A%2F%2Fwww.facebook.com%2FBiblioasturias%2Fposts%2Fpfbid02iDFzvqAexGFp2dCoiYvpH9hhAJrHP9Sv1ANr9f2Yqbeu3Jr626uGXm7c6H6B3rTrl&#038;show_text=false&#038;width=500\" width=\"500\" height=\"496\" style=\"border:none;overflow:hidden\" scrolling=\"no\" frameborder=\"0\" allowfullscreen=\"true\" allow=\"autoplay; clipboard-write; encrypted-media; picture-in-picture; web-share\" 0=\"\/iframe\" class=\"iframe-class\"><\/iframe>\n<\/div>\n<div dir=\"auto\"><!--more--><\/div>\n<div dir=\"auto\">\n<div class=\"pre-content heading-holder\">\n<div class=\"page-heading\">\n<h1 id=\"firstHeading\" class=\"firstHeading mw-first-heading\"><span style=\"color: #800080;font-size: 28px\"><strong><em><span class=\"mw-page-title-main\">Nen\u00e9 Losada Rico<\/span><\/em><\/strong><\/span><\/h1>\n<div class=\"tagline\">escritora asturiana<\/div>\n<\/div>\n<nav class=\"page-actions-menu\">\n<ul id=\"p-views\" class=\"page-actions-menu__list\">\n<li id=\"language-selector\" class=\"page-actions-menu__list-item\"><a class=\"cdx-button cdx-button--size-large cdx-button--fake-button cdx-button--fake-button--enabled cdx-button--icon-only cdx-button--weight-quiet language-selector\" title=\"Llingua\" role=\"button\" href=\"https:\/\/ast.m.wikipedia.org\/wiki\/Nen%C3%A9_Losada_Rico#p-lang\" data-mw=\"interface\" data-event-name=\"menu.languages\"> Llingua <\/a><\/li>\n<li id=\"page-actions-watch\" class=\"page-actions-menu__list-item\"><a id=\"ca-watch\" class=\"cdx-button cdx-button--size-large cdx-button--fake-button cdx-button--fake-button--enabled cdx-button--icon-only cdx-button--weight-quiet menu__item--page-actions-watch\" role=\"button\" href=\"https:\/\/ast.m.wikipedia.org\/w\/index.php?title=Especial:Entrar&amp;returnto=Nen%C3%A9+Losada+Rico\" data-event-name=\"menu.watch\"> Vixilar <\/a><\/li>\n<li id=\"page-actions-edit\" class=\"page-actions-menu__list-item\"><a id=\"ca-edit\" class=\"cdx-button cdx-button--size-large cdx-button--fake-button cdx-button--fake-button--enabled cdx-button--icon-only cdx-button--weight-quiet edit-page menu__item--page-actions-edit\" role=\"button\" href=\"https:\/\/ast.m.wikipedia.org\/w\/index.php?title=Nen%C3%A9_Losada_Rico&amp;action=edit&amp;section=0\" data-event-name=\"menu.edit\" data-mw=\"interface\"> Editar <\/a><\/li>\n<\/ul>\n<\/nav>\n<div id=\"mw-content-subtitle\"><\/div>\n<\/div>\n<div id=\"bodyContent\" class=\"content\">\n<div id=\"mw-content-text\" class=\"mw-body-content\">\n<div class=\"mw-content-ltr mw-parser-output\" dir=\"ltr\" lang=\"ast\">\n<section id=\"mf-section-0\" class=\"mf-section-0\"><b>Mar\u00eda del Carmen Losada Rico<\/b> (<a title=\"10 de payares\" href=\"https:\/\/ast.m.wikipedia.org\/wiki\/10_de_payares\">10\u00a0de payares<\/a>\u00a0de\u00a0<a title=\"1921\" href=\"https:\/\/ast.m.wikipedia.org\/wiki\/1921\">1921<\/a>,\u00a0<a title=\"Vald\u00e9s\" href=\"https:\/\/ast.m.wikipedia.org\/wiki\/Vald%C3%A9s\">Vald\u00e9s<\/a>\u00a0\u2013\u00a0<a title=\"11 d'abril\" href=\"https:\/\/ast.m.wikipedia.org\/wiki\/11_d%27abril\">11\u00a0d&#8217;abril<\/a>\u00a0de\u00a0<a title=\"2009\" href=\"https:\/\/ast.m.wikipedia.org\/wiki\/2009\">2009<\/a>,\u00a0<a title=\"Vald\u00e9s\" href=\"https:\/\/ast.m.wikipedia.org\/wiki\/Vald%C3%A9s\">Vald\u00e9s<\/a>), m\u00e1s conocida como \u00ab<i>Nen\u00e9<\/i>\u00ab, foi una escritora <a title=\"Vald\u00e9s\" href=\"https:\/\/ast.m.wikipedia.org\/wiki\/Vald%C3%A9s\">valdesana<\/a><sup id=\"cite_ref-2\" class=\"reference\"><a href=\"https:\/\/ast.m.wikipedia.org\/wiki\/Nen%C3%A9_Losada_Rico#cite_note-2\"><span class=\"cite-bracket\">[<\/span>2<span class=\"cite-bracket\">]<\/span><\/a><\/sup><\/p>\n<table class=\"infobox plantia-persona\">\n<tbody>\n<tr>\n<th class=\"hd\" colspan=\"2\">\n<div class=\"noprint\"><\/div>\n<p>Nen\u00e9 Losada Rico<img loading=\"lazy\" decoding=\"async\" class=\"mw-file-element\" src=\"https:\/\/upload.wikimedia.org\/wikipedia\/commons\/thumb\/1\/1e\/Picto_infobox_auteur.png\/30px-Picto_infobox_auteur.png\" width=\"30\" height=\"44\" data-file-width=\"31\" data-file-height=\"45\" \/><\/th>\n<\/tr>\n<tr>\n<th colspan=\"2\">Vida<\/th>\n<\/tr>\n<tr>\n<th scope=\"row\">Nacimientu<\/th>\n<td><a title=\"Vald\u00e9s\" href=\"https:\/\/ast.m.wikipedia.org\/wiki\/Vald%C3%A9s\">Vald\u00e9s<\/a><sup id=\"cite_ref-78fb4f7dba41516a18b89e8487dd33318bbadae2_1-0\" class=\"reference\"><a href=\"https:\/\/ast.m.wikipedia.org\/wiki\/Nen%C3%A9_Losada_Rico#cite_note-78fb4f7dba41516a18b89e8487dd33318bbadae2-1\"><span class=\"cite-bracket\">[<\/span>1<span class=\"cite-bracket\">]<\/span><\/a><\/sup>,\u00a0<a title=\"10 de payares\" href=\"https:\/\/ast.m.wikipedia.org\/wiki\/10_de_payares\">10\u00a0de payares<\/a>\u00a0de\u00a0<a title=\"1921\" href=\"https:\/\/ast.m.wikipedia.org\/wiki\/1921\">1921<\/a><sup id=\"cite_ref-78fb4f7dba41516a18b89e8487dd33318bbadae2_1-1\" class=\"reference\"><a href=\"https:\/\/ast.m.wikipedia.org\/wiki\/Nen%C3%A9_Losada_Rico#cite_note-78fb4f7dba41516a18b89e8487dd33318bbadae2-1\"><span class=\"cite-bracket\">[<\/span>1<span class=\"cite-bracket\">]<\/span><\/a><\/sup><\/td>\n<\/tr>\n<tr>\n<th scope=\"row\">Nacionalid\u00e1<\/th>\n<td><span class=\"flagicon\"><span class=\"mw-image-border\"><img loading=\"lazy\" decoding=\"async\" class=\"mw-file-element\" src=\"https:\/\/upload.wikimedia.org\/wikipedia\/commons\/thumb\/9\/9a\/Flag_of_Spain.svg\/20px-Flag_of_Spain.svg.png\" width=\"20\" height=\"13\" data-file-width=\"750\" data-file-height=\"500\" \/><\/span><\/span> <a title=\"Espa\u00f1a\" href=\"https:\/\/ast.m.wikipedia.org\/wiki\/Espa%C3%B1a\">Espa\u00f1a<\/a><\/td>\n<\/tr>\n<tr>\n<th scope=\"row\">Muerte<\/th>\n<td><a title=\"Vald\u00e9s\" href=\"https:\/\/ast.m.wikipedia.org\/wiki\/Vald%C3%A9s\">Vald\u00e9s<\/a><sup id=\"cite_ref-78fb4f7dba41516a18b89e8487dd33318bbadae2_1-2\" class=\"reference\"><a href=\"https:\/\/ast.m.wikipedia.org\/wiki\/Nen%C3%A9_Losada_Rico#cite_note-78fb4f7dba41516a18b89e8487dd33318bbadae2-1\"><span class=\"cite-bracket\">[<\/span>1<span class=\"cite-bracket\">]<\/span><\/a><\/sup>,\u00a0<a title=\"11 d'abril\" href=\"https:\/\/ast.m.wikipedia.org\/wiki\/11_d%27abril\">11\u00a0d&#8217;abril<\/a>\u00a0de\u00a0<a title=\"2009\" href=\"https:\/\/ast.m.wikipedia.org\/wiki\/2009\">2009<\/a><sup id=\"cite_ref-78fb4f7dba41516a18b89e8487dd33318bbadae2_1-3\" class=\"reference\"><a href=\"https:\/\/ast.m.wikipedia.org\/wiki\/Nen%C3%A9_Losada_Rico#cite_note-78fb4f7dba41516a18b89e8487dd33318bbadae2-1\"><span class=\"cite-bracket\">[<\/span>1<span class=\"cite-bracket\">]<\/span><\/a><\/sup> (87 a\u00f1os)<\/td>\n<\/tr>\n<tr>\n<th colspan=\"2\">Estudios<\/th>\n<\/tr>\n<tr>\n<th scope=\"row\">Lling\u00fces falaes<\/th>\n<td><a title=\"Idioma castellanu\" href=\"https:\/\/ast.m.wikipedia.org\/wiki\/Idioma_castellanu\">castellanu<\/a><br \/>\n<a title=\"Asturianu\" href=\"https:\/\/ast.m.wikipedia.org\/wiki\/Asturianu\">asturianu<\/a><\/td>\n<\/tr>\n<tr>\n<th scope=\"row\">Oficiu<\/th>\n<td><a title=\"Escritor\" href=\"https:\/\/ast.m.wikipedia.org\/wiki\/Escritor\">escritora<\/a><\/td>\n<\/tr>\n<tr>\n<td colspan=\"2\"><a title=\"Cambiar los datos en Wikidata\" href=\"https:\/\/www.wikidata.org\/wiki\/Q6039908\"><img loading=\"lazy\" decoding=\"async\" class=\"mw-file-element\" src=\"https:\/\/upload.wikimedia.org\/wikipedia\/commons\/thumb\/6\/63\/Arbcom_ru_editing.svg\/12px-Arbcom_ru_editing.svg.png\" alt=\"Cambiar los datos en Wikidata\" width=\"12\" height=\"12\" data-file-width=\"600\" data-file-height=\"600\" \/><\/a><\/td>\n<\/tr>\n<\/tbody>\n<\/table>\n<\/section>\n<div class=\"mw-heading mw-heading2 section-heading collapsible-heading open-block\">\n<h2 id=\"Biograf\u00eda\">Biograf\u00eda<\/h2>\n<p>Con tres a\u00f1os, tres la muerte de so madre, ll\u00e9venla pa cola g\u00fcela a Sanfliz de <a title=\"Trev\u00edas\" href=\"https:\/\/ast.m.wikipedia.org\/wiki\/Trev%C3%ADas\">Trev\u00edas<\/a>. Ell\u00ed va vivir hasta los diecinueve a\u00f1os, que se casa y torna a \u1e36\u1e37uarca.<\/p>\n<\/div>\n<section id=\"content-collapsible-block-0\" class=\"mf-section-1 collapsible-block collapsible-block-js open-block\">De formaci\u00f3n autodidacta, emprima escribir poemes n&#8217;espa\u00f1ol. Posteriormente, entama a facelo n&#8217;asturianu, usando formes po\u00e9tiques mui averaes a les de la poes\u00eda oral popular. La so obra tien como modelu al <a class=\"mw-redirect\" title=\"Padre Galo\" href=\"https:\/\/ast.m.wikipedia.org\/wiki\/Padre_Galo\">Padre Galo<\/a>, que conoci\u00f3 cuando ne\u00f1a. Escribe na variante occidental, coincidiendo cola tami\u00e9n poeta de <a title=\"Palacios del Sil\" href=\"https:\/\/ast.m.wikipedia.org\/wiki\/Palacios_del_Sil\">Palacios del Sil<\/a>, <a class=\"mw-disambig\" title=\"Eva Gonz\u00e1lez\" href=\"https:\/\/ast.m.wikipedia.org\/wiki\/Eva_Gonz%C3%A1lez\">Eva Gonz\u00e1lez<\/a>; forma parte de la llamada \u00abXeneraci\u00f3n de la Posguerra\u00bb, anque la so obra la asoleyar\u00e1 nos a\u00f1os del Surdimientu.<sup id=\"cite_ref-3\" class=\"reference\"><a href=\"https:\/\/ast.m.wikipedia.org\/wiki\/Nen%C3%A9_Losada_Rico#cite_note-3\"><span class=\"cite-bracket\">[<\/span>3<span class=\"cite-bracket\">]<\/span><\/a><\/sup>La so obra calt\u00favose in\u00e9dita hasta que un pariente, Fernando Landeira, melicu de Lluarca, fizo la primer publicaci\u00f3n de los sos poemes, poro llego-y la sonad\u00eda dacuandu ya yera setuaxenaria.<\/p>\n<p>En 1992 recueye gran parte de la so obra en versu nel volume <i>Cantares valdesanos<\/i>, igu\u00e1u por <a title=\"Consuelo Vega\" href=\"https:\/\/ast.m.wikipedia.org\/wiki\/Consuelo_Vega\">Consuelo Vega<\/a>, que son un conxuntu d&#8217;estrofes humor\u00edstiques y ir\u00f3niques de calter realista, fechos a partir de refranes y fechos de la vida cultural de pueblu.<sup id=\"cite_ref-4\" class=\"reference\"><a href=\"https:\/\/ast.m.wikipedia.org\/wiki\/Nen%C3%A9_Losada_Rico#cite_note-4\"><span class=\"cite-bracket\">[<\/span>4<span class=\"cite-bracket\">]<\/span><\/a><\/sup><\/p>\n<p>En 1997 espubliza&#8217;l poemariu titul\u00e1u <i>Entre apigarzos<\/i> y en 2001 <i>El nome de las cousas<\/i>, dos obres que suponen una evoluci\u00f3n na so obra al tratar agora temes m\u00e1s universales.<sup id=\"cite_ref-5\" class=\"reference\"><a href=\"https:\/\/ast.m.wikipedia.org\/wiki\/Nen%C3%A9_Losada_Rico#cite_note-5\"><span class=\"cite-bracket\">[<\/span>5<span class=\"cite-bracket\">]<\/span><\/a><\/sup><\/p>\n<p>Dende l&#8217;a\u00f1u 2004, l&#8217;asociaci\u00f3n de muyeres Vald\u00e9s Siglo XXI convoca un certame de poes\u00eda que toma&#8217;l nome d&#8217;esta poeta valdesana. Nel a\u00f1u 2000 el Centru Asturianu de Madrid conc\u00e9de-y una distinci\u00f3n nos <a title=\"Premios Urogallo de Bronce\" href=\"https:\/\/ast.m.wikipedia.org\/wiki\/Premios_Urogallo_de_Bronce\">Premios Urogallo de Bronce<\/a> 2000 y en 2005 recibe la medaya de plata del Princip\u00e1u d&#8217;Asturies;<sup id=\"cite_ref-6\" class=\"reference\"><a href=\"https:\/\/ast.m.wikipedia.org\/wiki\/Nen%C3%A9_Losada_Rico#cite_note-6\"><span class=\"cite-bracket\">[<\/span>6<span class=\"cite-bracket\">]<\/span><\/a><\/sup> en 2008, el conceyu de Vald\u00e9s n\u00f3mala f\u00eda predilecta.<sup id=\"cite_ref-7\" class=\"reference\"><a href=\"https:\/\/ast.m.wikipedia.org\/wiki\/Nen%C3%A9_Losada_Rico#cite_note-7\"><span class=\"cite-bracket\">[<\/span>7<span class=\"cite-bracket\">]<\/span><\/a><\/sup> En 2013, ded\u00edcase-y la trentenocuarta edici\u00f3n de la <a class=\"mw-redirect\" title=\"Selmana de les Lletres\" href=\"https:\/\/ast.m.wikipedia.org\/wiki\/Selmana_de_les_Lletres\">Selmana de les Lletres<\/a>.<\/p>\n<\/section>\n<div class=\"mw-heading mw-heading2 section-heading collapsible-heading open-block\">\n<h2 id=\"Obra\">Obra<\/h2>\n<\/div>\n<section id=\"content-collapsible-block-1\" class=\"mf-section-2 collapsible-block collapsible-block-js open-block\">\n<ul>\n<li><i>Cantares valdesanos<\/i>; edici\u00f3n y introducci\u00f3n de Consuelo Vega. Xix\u00f3n, Llibros del Pexe, 1992. <a class=\"internal mw-magiclink-isbn\" href=\"https:\/\/ast.m.wikipedia.org\/wiki\/Especial:FuentesDeLibros\/9788487259326\">ISBN 978-84-87259-32-6<\/a><\/li>\n<li><i>Entre apigarzos<\/i>. Trabe, Uvi\u00e9u, 1997. <a class=\"internal mw-magiclink-isbn\" href=\"https:\/\/ast.m.wikipedia.org\/wiki\/Especial:FuentesDeLibros\/9788480530750\">ISBN 978-84-8053-075-0<\/a><\/li>\n<li><i>El nome de las cousas<\/i>. Trabe, Uvi\u00e9u, 2001. <a class=\"internal mw-magiclink-isbn\" href=\"https:\/\/ast.m.wikipedia.org\/wiki\/Especial:FuentesDeLibros\/9788480531726\">ISBN 978-84-8053-172-6<\/a><\/li>\n<li><i>Fueyas que reverdecen<\/i>. Ateneo Obrero de Gij\u00f3n, Xix\u00f3n, 2004.<\/li>\n<li><i>Obra po\u00e9tica en castellano<\/i>. Trabe, Uvi\u00e9u, 2004. <a class=\"internal mw-magiclink-isbn\" href=\"https:\/\/ast.m.wikipedia.org\/wiki\/Especial:FuentesDeLibros\/9788480533485\">ISBN 978-84-8053-348-5<\/a><\/li>\n<li><i>Obra completa n&#8217;asturianu<\/i>. Trabe, Uvi\u00e9u, 2011. <a class=\"internal mw-magiclink-isbn\" href=\"https:\/\/ast.m.wikipedia.org\/wiki\/Especial:FuentesDeLibros\/9788480536318\">ISBN 978-84-8053-631-8<\/a><\/li>\n<\/ul>\n<\/section>\n<div class=\"mw-heading mw-heading2 section-heading collapsible-heading open-block\">\n<h2 id=\"Muestra_de_la_so_poes\u00eda\"><span id=\"Muestra_de_la_so_poes.C3.ADa\"><\/span>Muestra de la so poes\u00eda<\/h2>\n<\/div>\n<section id=\"content-collapsible-block-2\" class=\"mf-section-3 collapsible-block collapsible-block-js open-block\">\n<p style=\"text-align: center\"><span style=\"color: #800080;font-size: 20px\"><b>Mu\u00e9vome na poes\u00eda<\/b><\/span><\/p>\n<div class=\"llistacolumnes\" style=\"text-align: center\">\n<dl>\n<dd><span style=\"color: #800080;font-size: 20px\">Mu\u00e9vome na poes\u00eda<\/span><\/dd>\n<dd><span style=\"color: #800080;font-size: 20px\">como cuyarina nuna charca d&#8217;augua.<\/span><\/dd>\n<dd><span style=\"color: #800080;font-size: 20px\">La charca m\u00eda ya una fueya de papel<\/span><\/dd>\n<dd><span style=\"color: #800080;font-size: 20px\">onde las palabras,<\/span><\/dd>\n<dd><span style=\"color: #800080;font-size: 20px\">sin costa-ys trabayu,<\/span><\/dd>\n<dd><span style=\"color: #800080;font-size: 20px\">esgolan lo mesmo que gusarapos<\/span><\/dd>\n<dd><span style=\"color: #800080;font-size: 20px\">enantes de la metamorfosis.<\/span><\/dd>\n<dd><span style=\"color: #800080;font-size: 20px\">\u1e36\u1e37ueu, como la rana,<\/span><\/dd>\n<dd><span style=\"color: #800080;font-size: 20px\">ando a saltos<\/span><\/dd>\n<dd><span style=\"color: #800080;font-size: 20px\">\u1e37\u1e37eendo lo qu&#8217;acabo d&#8217;escribir<\/span><\/dd>\n<dd><span style=\"color: #800080;font-size: 20px\">ya alcuentro palabras que faltan<\/span><\/dd>\n<dd><span style=\"color: #800080;font-size: 20px\">ya outras muitas que sobran.<\/span><\/dd>\n<dd><span style=\"color: #800080;font-size: 20px\">\u00a1Cu\u00e1nto meyor me sent\u00eda<\/span><\/dd>\n<dd><span style=\"color: #800080;font-size: 20px\">siendo gusarapu<\/span><\/dd>\n<dd><span style=\"color: #800080;font-size: 20px\">sin m\u00e1s pretensiones<\/span><\/dd>\n<dd><span style=\"color: #800080;font-size: 20px\">qu&#8217;esnidiar pola charca<\/span><\/dd>\n<dd><span style=\"color: #800080;font-size: 20px\">de la fueya de papel<\/span><\/dd>\n<dd><span style=\"color: #800080;font-size: 20px\">cola \u1e37\u1e37ibert\u00e1<\/span><\/dd>\n<dd><span style=\"color: #800080;font-size: 20px\">del qu&#8217;inda nun ya nada,<\/span><\/dd>\n<dd><span style=\"color: #800080;font-size: 20px\">pero que s&#8217;alcuentra a gustu<\/span><\/dd>\n<dd><span style=\"color: #800080;font-size: 20px\">siendo lo que ya\u2026<\/span><\/dd>\n<dd><span style=\"color: #800080;font-size: 20px\">ya faciendo lo que fai.<\/span><\/dd>\n<\/dl>\n<\/div>\n<p style=\"text-align: center\"><span style=\"color: #800080;font-size: 20px\">Fonte: \u00abEl ri\u00fa y la memoria\u00bb p\u00e1x.133<sup id=\"cite_ref-8\" class=\"reference\"><a style=\"color: #800080\" href=\"https:\/\/ast.m.wikipedia.org\/wiki\/Nen%C3%A9_Losada_Rico#cite_note-8\"><span class=\"cite-bracket\">[<\/span>8<span class=\"cite-bracket\">]<\/span><\/a><\/sup><\/span><\/p>\n<\/section>\n<div class=\"mw-heading mw-heading2 section-heading collapsible-heading open-block\">\n<h2 id=\"Collaboraciones\">Collaboraciones<\/h2>\n<\/div>\n<section id=\"content-collapsible-block-3\" class=\"mf-section-4 collapsible-block collapsible-block-js open-block\">Realiz\u00f3 collaboraciones nes revistes *SIETESTRELLU, *LLITERATURA Y *PAYELLA, asina como na revista d&#8217;arte ENTAMA. Apaez davezu la so obra nel llibru *LLETRES *ASTURIANES, qu&#8217;edita l&#8217;Academia de la *Llingua Asturiana. Los sos poemes fueron recoy\u00edos n&#8217;El Ecu de \u1e36\u1e37uarca y La Voz d&#8217;Occidente, tami\u00e9n La Nueva Espa\u00f1a, La Voz de Asturias y La Voz de Galicia ficieron hueco pa los sos poemes. Collabor\u00f3 tami\u00e9n nel llibru dedic\u00e1u al pintor \u00c1lvaro Delgado con otros compa\u00f1eros de l&#8217;Asociaci\u00f3n Valdesana de Poetes \u201cAlfonsu X, el sabiu\u201d.Foi Presidenta del Xur\u00e1u del Concursu de Poes\u00eda \u201cPadre Galo\u201d, entam\u00e1u pola Comisi\u00f3n de Fiestes de la Regalina de Cadav\u00e9u, as\u00ed como del Concursu de Gaites que lleva a cabu&#8217;l Centru de D\u00eda de \u1e36\u1e37uarca y del premiu \u201cHorru d&#8217;oru\u201d qu&#8217;entama l&#8217;Asociaci\u00f3n del Horru de *Barcia.<\/p>\n<p>Son numberoses les sos collaboraciones nos llibros de fiestes del conceyu valdesanu, seg\u00fan les sos entrevistes y recitales en Televisi\u00f3n y Radio.<\/p>\n<\/section>\n<div class=\"mw-heading mw-heading2 section-heading collapsible-heading open-block\">\n<h2 id=\"Premios_y_distinciones\">Premios y distinciones<\/h2>\n<\/div>\n<section id=\"content-collapsible-block-4\" class=\"mf-section-5 collapsible-block collapsible-block-js open-block\">Foi gallardoniada col \u201cUROGALLO 2000\u201d pol Centru Asturianu de Madrid. Tami\u00e9n recibi\u00f3 l&#8217;homenaxe de l&#8217;Asociaci\u00f3n de Muyeres de Vald\u00e9s Sieglu XXI\u201d en 2001 que cre\u00f3 un premiu a\u00f1al de poes\u00eda en castell\u00e1n y asturianu que lleva&#8217;l so nome. Tami\u00e9n llogr\u00f3 el III gallard\u00f3n Milenariu de Trev\u00edas en marzu de 2002 y LA MEDAYA DE PLATA DEL PRINCIP\u00c1U D&#8217;ASTURIES. A\u00d1U 2005.Nel 2005, l&#8217;Institutu Asturianu de la Muyer edit\u00f3 un calendariu nel qu&#8217;incluy\u00f3 a Nen\u00e9 Losada Rico, como representativa de la poes\u00eda, xunto con otros tr\u00e9s muyeres asturianes de sonad\u00eda: l&#8217;actriz de teatro Aurora S\u00e1nchez, la pol\u00edtica Pura Tom\u00e1s y la cient\u00edfica Margarita Salas.<\/p>\n<p>Nel a\u00f1u 2006, el 15 de xunetu recibi\u00f3 l&#8217;Horru d&#8217;Oru qu&#8217;apurre l&#8217;Asociaci\u00f3n del mesmu nome de *Barcia y l&#8217;homenaxe, nel mes d&#8217;agostu, del so pueblu adoptivu de Sanfliz.<\/p>\n<p>Nel a\u00f1u 2007 foi nomada Socia d&#8217;Honor de la Coral Villa Blanca de \u1e36\u1e37uarca. En setiembre recibi\u00f3&#8217;l primer premiu \u201cTim\u00f3n\u201d de l&#8217;Asociaci\u00f3n Cultura \u201cD\u00b4Arribada\u201d de Xix\u00f3n. N&#8217;ochobre foi nomada \u201cMuyer del a\u00f1u\u201d pol Conceyu de Navia, con ocasi\u00f3n del D\u00eda Internacional de les muyeres rurales\u201d.<\/p>\n<p>En mayu de 2008 remat\u00f3 la so reconocencia col nomamientu de F\u00cdA PREDILECTA DEL CONCEYU DE VALD\u00c9S\u201d.<\/p>\n<p>En marzo de 2016 el conceyu de Valdes punxo-y el so nome a una cai, na zona servicios de Villar.<sup id=\"cite_ref-9\" class=\"reference\"><a href=\"https:\/\/ast.m.wikipedia.org\/wiki\/Nen%C3%A9_Losada_Rico#cite_note-9\"><span class=\"cite-bracket\">[<\/span>9<span class=\"cite-bracket\">]<\/span><\/a><\/sup><\/p>\n<p>Nen\u00e9 morri\u00f3&#8217;l mes d&#8217;abril de 2009, a los 87 a\u00f1os d&#8217;ed\u00e1.<\/p>\n<\/section>\n<\/div>\n<\/div>\n<\/div>\n<\/div>\n<div dir=\"auto\"><\/div>\n<\/div>\n<\/div>\n<\/div>\n<\/div>\n<\/div>\n<\/div>\n<\/div>\n<p>&nbsp;<\/p>\n","protected":false},"excerpt":{"rendered":"<p>Biblioasturias N\u00e9ne Losada Rico (L.luarca 1921-2009) Ver Wikipedia Feliz #DiadelaMuyer #DiadelaMujer #8M Las m\u00edas cousas las m\u00edas&#8230;<\/p>\n","protected":false},"author":117,"featured_media":0,"comment_status":"open","ping_status":"open","sticky":false,"template":"","format":"standard","meta":{"footnotes":""},"categories":[121,39],"tags":[],"class_list":["post-43298","post","type-post","status-publish","format-standard","hentry","category-muyeres","category-poesia"],"_links":{"self":[{"href":"https:\/\/edublog.educastur.es\/ixuxu\/wp-json\/wp\/v2\/posts\/43298","targetHints":{"allow":["GET"]}}],"collection":[{"href":"https:\/\/edublog.educastur.es\/ixuxu\/wp-json\/wp\/v2\/posts"}],"about":[{"href":"https:\/\/edublog.educastur.es\/ixuxu\/wp-json\/wp\/v2\/types\/post"}],"author":[{"embeddable":true,"href":"https:\/\/edublog.educastur.es\/ixuxu\/wp-json\/wp\/v2\/users\/117"}],"replies":[{"embeddable":true,"href":"https:\/\/edublog.educastur.es\/ixuxu\/wp-json\/wp\/v2\/comments?post=43298"}],"version-history":[{"count":4,"href":"https:\/\/edublog.educastur.es\/ixuxu\/wp-json\/wp\/v2\/posts\/43298\/revisions"}],"predecessor-version":[{"id":43304,"href":"https:\/\/edublog.educastur.es\/ixuxu\/wp-json\/wp\/v2\/posts\/43298\/revisions\/43304"}],"wp:attachment":[{"href":"https:\/\/edublog.educastur.es\/ixuxu\/wp-json\/wp\/v2\/media?parent=43298"}],"wp:term":[{"taxonomy":"category","embeddable":true,"href":"https:\/\/edublog.educastur.es\/ixuxu\/wp-json\/wp\/v2\/categories?post=43298"},{"taxonomy":"post_tag","embeddable":true,"href":"https:\/\/edublog.educastur.es\/ixuxu\/wp-json\/wp\/v2\/tags?post=43298"}],"curies":[{"name":"wp","href":"https:\/\/api.w.org\/{rel}","templated":true}]}}