{"id":43311,"date":"2025-03-09T15:10:02","date_gmt":"2025-03-09T13:10:02","guid":{"rendered":"https:\/\/edublog.educastur.es\/ixuxu\/?p=43311"},"modified":"2025-03-12T12:59:29","modified_gmt":"2025-03-12T10:59:29","slug":"la-cultura-asturiana-de-la-gaita-camin-a-ser-bien-dinteres-cultural","status":"publish","type":"post","link":"https:\/\/edublog.educastur.es\/ixuxu\/2025\/03\/la-cultura-asturiana-de-la-gaita-camin-a-ser-bien-dinteres-cultural\/","title":{"rendered":"La cultura asturiana de la gaita, cam\u00edn a ser Bien d&#8217;Inter\u00e9s Cultural"},"content":{"rendered":"<div class=\"xu06os2 x1ok221b\">\n<div class=\"html-div xdj266r x11i5rnm xat24cr x1mh8g0r xexx8yu x4uap5 x18d9i69 xkhd6sd\" data-ad-rendering-role=\"profile_name\">\n<ul>\n<li id=\"\u00abr2ml\u00bb\" class=\"html-h4 x11i5rnm xat24cr x1mh8g0r xexx8yu x4uap5 x18d9i69 xkhd6sd x1vvkbs x1heor9g x1qlqyl8 x1pd3egz x1a2a7pz x1gslohp x1yc453h\"><span class=\"xt0psk2\"><span class=\"xjp7ctv\"><a class=\"x1i10hfl xjbqb8w x1ejq31n xd10rxx x1sy0etr x17r0tee x972fbf xcfux6l x1qhh985 xm0m39n x9f619 x1ypdohk xt0psk2 xe8uvvx xdj266r x11i5rnm xat24cr x1mh8g0r xexx8yu x4uap5 x18d9i69 xkhd6sd x16tdsg8 x1hl2dhg xggy1nq x1a2a7pz xkrqix3 x1sur9pj xzsf02u x1s688f\" role=\"link\" href=\"https:\/\/www.facebook.com\/culturaAST?__cft__[0]=AZUXleHcPTvxlAuwqWbN39awAjNq0t9t7sEQYb5gaPYP5h9tQppE23mRtPM53dj_I_0EZQ_ibDi4Mlo6Bu3_sVmKrZI-_xpeU6cbYjS0Whkeu7oupE2APx2yDu8Zbb05ti0bmREk-X5Uv2WQfXJn8D7gKDyb4ly8mivst35WXxa1ptkpBWYZfWJeT0wGBNHbcTq4JueUNbYtjZx01z7oO3EIA0dbdZvd_UwBcQANTCNVpQ&amp;__tn__=-UC%2CP-R\" aria-describedby=\"\u00abr2mt\u00bb\"><strong class=\"html-strong xdj266r x11i5rnm xat24cr x1mh8g0r xexx8yu x4uap5 x18d9i69 xkhd6sd x1hl2dhg x16tdsg8 x1vvkbs x1s688f\"><span class=\"html-span xdj266r x11i5rnm xat24cr x1mh8g0r xexx8yu x4uap5 x18d9i69 xkhd6sd x1hl2dhg x16tdsg8 x1vvkbs\">Conseyer\u00eda de Cultura, P. Lling\u00fc\u00edstica y D.<\/span><\/strong><\/a><\/span><\/span>\/ <span class=\"html-span xexx8yu x4uap5 x18d9i69 xkhd6sd x1hl2dhg x16tdsg8 x1vvkbs x3nfvp2 x1j61x8r x1fcty0u xdj266r xat24cr xgzva0m xhhsvwb xxymvpz xlup9mm x1kky2od\"><img loading=\"lazy\" decoding=\"async\" class=\"xz74otr x168nmei x13lgxp2 x5pf9jr xo71vjh\" src=\"https:\/\/static.xx.fbcdn.net\/images\/emoji.php\/v9\/tca\/1\/16\/2795.png\" alt=\"\u2795\" width=\"16\" height=\"16\" \/><\/span><span class=\"html-span xexx8yu x4uap5 x18d9i69 xkhd6sd x1hl2dhg x16tdsg8 x1vvkbs x3nfvp2 x1j61x8r x1fcty0u xdj266r xat24cr xgzva0m xhhsvwb xxymvpz xlup9mm x1kky2od\"><img loading=\"lazy\" decoding=\"async\" class=\"xz74otr x168nmei x13lgxp2 x5pf9jr xo71vjh\" src=\"https:\/\/static.xx.fbcdn.net\/images\/emoji.php\/v9\/t8e\/1\/16\/2139.png\" alt=\"\u2139\ufe0f\" width=\"16\" height=\"16\" \/><\/span> \ud83d\udd17<a href=\"https:\/\/actualidad.asturias.es\/-\/declarar-bic-cultura-asturiana-gaita?redirect=%2F\"> actualidad.asturias.es<\/a> \/\u00a0<a href=\"https:\/\/musicasturiana.com\/la-cultura-asturiana-de-la-gaita-va-ser-bic\/\"> Musicasturiana.com<\/a> \/<span class=\"html-span xexx8yu x4uap5 x18d9i69 xkhd6sd x1hl2dhg x16tdsg8 x1vvkbs x3nfvp2 x1j61x8r x1fcty0u xdj266r xat24cr xgzva0m xhhsvwb xxymvpz xlup9mm x1kky2od\"><img loading=\"lazy\" decoding=\"async\" class=\"xz74otr x168nmei x13lgxp2 x5pf9jr xo71vjh\" src=\"https:\/\/static.xx.fbcdn.net\/images\/emoji.php\/v9\/tb3\/1\/16\/1f517.png\" alt=\"\ud83d\udd17\" width=\"16\" height=\"16\" \/><\/span> <span class=\"html-span xdj266r x11i5rnm xat24cr x1mh8g0r xexx8yu x4uap5 x18d9i69 xkhd6sd x1hl2dhg x16tdsg8 x1vvkbs\"><a class=\"x1i10hfl xjbqb8w x1ejq31n xd10rxx x1sy0etr x17r0tee x972fbf xcfux6l x1qhh985 xm0m39n x9f619 x1ypdohk xt0psk2 xe8uvvx xdj266r x11i5rnm xat24cr x1mh8g0r xexx8yu x4uap5 x18d9i69 xkhd6sd x16tdsg8 x1hl2dhg xggy1nq x1a2a7pz xkrqix3 x1sur9pj x1fey0fg x1s688f\" role=\"link\" href=\"https:\/\/tinyurl.com\/52zyu82r?fbclid=IwZXh0bgNhZW0CMTAAAR1rPsWpSldzvRXkbL_5xlUCMm6_jHoknxDkLcNHZi0v--lqXCXMYto7DH4_aem_sVCIXq-rYTD9Zh39PQXN6w\" target=\"_blank\" rel=\"nofollow noopener noreferrer\">https:\/\/tinyurl.com\/52zyu82r<\/a><\/span><\/li>\n<\/ul>\n<p style=\"text-align: center\">\n<!-- iframe plugin v.6.0 wordpress.org\/plugins\/iframe\/ -->\n<iframe loading=\"lazy\" src=\"https:\/\/www.instagram.com\/reel\/DG_e4pcM51j\/embed\" width=\"400\" height=\"600\" 0=\"\/iframe\" scrolling=\"yes\" class=\"iframe-class\" frameborder=\"0\"><\/iframe>\n<\/p>\n<p><span class=\"html-span xexx8yu x4uap5 x18d9i69 xkhd6sd x1hl2dhg x16tdsg8 x1vvkbs x3nfvp2 x1j61x8r x1fcty0u xdj266r xat24cr xgzva0m xhhsvwb xxymvpz xlup9mm x1kky2od\"><img loading=\"lazy\" decoding=\"async\" class=\"xz74otr x168nmei x13lgxp2 x5pf9jr xo71vjh\" src=\"https:\/\/static.xx.fbcdn.net\/images\/emoji.php\/v9\/t40\/1\/16\/25b6.png\" alt=\"\u25b6\ufe0f\" width=\"16\" height=\"16\" \/><\/span> Descubre m\u00e1s nel reel de la conseyera de Cultura, Pol\u00edtica Lling\u00fc\u00edstica y Deporte, Vanessa Guti\u00e9rrez, qu&#8217;esti mediud\u00eda particip\u00f3 nos actos del D\u00eda Internacional de la Gaita organizaos pol Conceyu de la Gaita <span class=\"html-span xexx8yu x4uap5 x18d9i69 xkhd6sd x1hl2dhg x16tdsg8 x1vvkbs x3nfvp2 x1j61x8r x1fcty0u xdj266r xat24cr xgzva0m xhhsvwb xxymvpz xlup9mm x1kky2od\"><img loading=\"lazy\" decoding=\"async\" class=\"xz74otr x168nmei x13lgxp2 x5pf9jr xo71vjh\" src=\"https:\/\/static.xx.fbcdn.net\/images\/emoji.php\/v9\/t6c\/1\/16\/1f499.png\" alt=\"\ud83d\udc99\" width=\"16\" height=\"16\" \/><\/span><span class=\"html-span xexx8yu x4uap5 x18d9i69 xkhd6sd x1hl2dhg x16tdsg8 x1vvkbs x3nfvp2 x1j61x8r x1fcty0u xdj266r xat24cr xgzva0m xhhsvwb xxymvpz xlup9mm x1kky2od\"><img loading=\"lazy\" decoding=\"async\" class=\"xz74otr x168nmei x13lgxp2 x5pf9jr xo71vjh\" src=\"https:\/\/static.xx.fbcdn.net\/images\/emoji.php\/v9\/t15\/1\/16\/1f49b.png\" alt=\"\ud83d\udc9b\" width=\"16\" height=\"16\" \/><\/span><\/p>\n<\/div>\n<\/div>\n<div style=\"text-align: center\"><!--more--><\/div>\n<div class=\"html-div xdj266r x11i5rnm xat24cr x1mh8g0r xexx8yu x4uap5 x18d9i69 xkhd6sd\" dir=\"auto\">\n<div class=\"html-div xdj266r x11i5rnm xat24cr x1mh8g0r xexx8yu x4uap5 x18d9i69 xkhd6sd\" data-ad-rendering-role=\"story_message\">\n<div id=\"\u00abr2mn\u00bb\" class=\"x1l90r2v x1iorvi4 x1ye3gou xn6708d\" data-ad-comet-preview=\"message\" data-ad-preview=\"message\">\n<div class=\"x78zum5 xdt5ytf xz62fqu x16ldp7u\">\n<div class=\"xu06os2 x1ok221b\">\n<div class=\"xdj266r x11i5rnm xat24cr x1mh8g0r x1vvkbs x126k92a\">\n<div dir=\"auto\"><strong><span class=\"html-span xexx8yu x4uap5 x18d9i69 xkhd6sd x1hl2dhg x16tdsg8 x1vvkbs x3nfvp2 x1j61x8r x1fcty0u xdj266r xat24cr xgzva0m xhhsvwb xxymvpz xlup9mm x1kky2od\"><img loading=\"lazy\" decoding=\"async\" class=\"xz74otr x168nmei x13lgxp2 x5pf9jr xo71vjh\" src=\"https:\/\/static.xx.fbcdn.net\/images\/emoji.php\/v9\/t1f\/1\/16\/1f3b6.png\" alt=\"\ud83c\udfb6\" width=\"16\" height=\"16\" \/><\/span><span style=\"color: #008080\"> La cultura asturiana de la gaita, cam\u00edn a ser Bien d&#8217;Inter\u00e9s Cultural <span class=\"html-span xexx8yu x4uap5 x18d9i69 xkhd6sd x1hl2dhg x16tdsg8 x1vvkbs x3nfvp2 x1j61x8r x1fcty0u xdj266r xat24cr xgzva0m xhhsvwb xxymvpz xlup9mm x1kky2od\"><img loading=\"lazy\" decoding=\"async\" class=\"xz74otr x168nmei x13lgxp2 x5pf9jr xo71vjh\" src=\"https:\/\/static.xx.fbcdn.net\/images\/emoji.php\/v9\/t1f\/1\/16\/1f3b6.png\" alt=\"\ud83c\udfb6\" width=\"16\" height=\"16\" \/><\/span><\/span> <\/strong>El Gobiernu d&#8217;Asturies va iniciar el procesu pa declarar <span style=\"text-decoration: underline\"><strong><span style=\"color: #008080;text-decoration: underline\">Bien d&#8217;Inter\u00e9s Cultural (BIC) de car\u00e1cter inmaterial<\/span><\/strong><\/span> la cultura asturiana de la gaita, reconociendo&#8217;l so valor hist\u00f3ricu y el so papel na identid\u00e1 del Princip\u00e1u.<\/div>\n<div dir=\"auto\"><\/div>\n<div dir=\"auto\">Esta iniciativa va garantizar la so protecci\u00f3n, difusi\u00f3n y continuid\u00e1 pa les xeneraciones futures, poniendo en valor el trabayu de los que caltuvieron viva esta tradici\u00f3n tanto n&#8217;Asturies como na di\u00e1spora.<\/div>\n<\/div>\n<div dir=\"auto\">\n<header class=\"_aaqw\">\n<div class=\"_aaqy _aaqz\">\n<div class=\"_aar0 _aar1\">\n<div class=\"x78zum5\">\n<div class=\"_aaqt _aaqu\">\n<div class=\"x9f619 xjbqb8w x78zum5 x168nmei x13lgxp2 x5pf9jr xo71vjh x1uhb9sk x1plvlek xryxfnj x1c4vz4f x2lah0s x1q0g3np xqjyukv x1cy8zhl x1oa3qoh x1nhvcw1\">\n<div class=\"x9f619 xjbqb8w x78zum5 x168nmei x13lgxp2 x5pf9jr xo71vjh x1uhb9sk x1plvlek xryxfnj x1c4vz4f x2lah0s x1q0g3np xqjyukv x1cy8zhl x1oa3qoh x1nhvcw1\">\n<div aria-describedby=\"\u00abr85\u00bb\"><\/div>\n<ul>\n<li aria-describedby=\"\u00abr85\u00bb\"><a class=\"x1i10hfl xjbqb8w x1ejq31n xd10rxx x1sy0etr x17r0tee x972fbf xcfux6l x1qhh985 xm0m39n x9f619 x1ypdohk xt0psk2 xe8uvvx xdj266r x11i5rnm xat24cr x1mh8g0r xexx8yu x4uap5 x18d9i69 xkhd6sd x16tdsg8 x1hl2dhg xggy1nq x1a2a7pz _acan _acao _acat _acaw _aj1- _ap30 _a6hd\" role=\"link\" href=\"https:\/\/www.instagram.com\/culturaast\/\">culturaast<\/a><span class=\"x193iq5w xeuugli x1fj9vlw x13faqbe x1vvkbs xt0psk2 x1i0vuye xvs91rp xo1l8bm x5n08af x10wh9bi x1wdrske x8viiok x18hxmgj\">y <\/span><a class=\"x1i10hfl xjbqb8w x1ejq31n xd10rxx x1sy0etr x17r0tee x972fbf xcfux6l x1qhh985 xm0m39n x9f619 x1ypdohk xt0psk2 xe8uvvx xdj266r x11i5rnm xat24cr x1mh8g0r xexx8yu x4uap5 x18d9i69 xkhd6sd x16tdsg8 x1hl2dhg xggy1nq x1a2a7pz _acan _acao _acat _acaw _aj1- _ap30 _a6hd\" role=\"link\" href=\"https:\/\/www.instagram.com\/avanessagutierrez\/\">avanessagutierrez<\/a><\/li>\n<\/ul>\n<\/div>\n<\/div>\n<\/div>\n<\/div>\n<\/div>\n<\/div>\n<\/header>\n<p class=\"_ap3a _aaco _aacu _aacx _aad7 _aade\" dir=\"auto\">\ud83c\udfb6 La cultura asturiana de la gaita, cam\u00edn a ser Bien d\u2019Inter\u00e9s Cultural \ud83c\udfb6<\/p>\n<p>El Gobiernu d\u2019Asturies va iniciar el procesu pa declarar Bien d\u2019Inter\u00e9s Cultural (BIC) de car\u00e1cter inmaterial la cultura asturiana de la gaita, reconociendo\u2019l so valor hist\u00f3ricu y el so papel na identid\u00e1 del Princip\u00e1u.<\/p>\n<p>Esta iniciativa va garantizar la so protecci\u00f3n, difusi\u00f3n y continuid\u00e1 pa les xeneraciones futures, poniendo en valor el trabayu de los que caltuvieron viva esta tradici\u00f3n tanto n\u2019Asturies como na di\u00e1spora.<\/p>\n<p>\u2795\u2139\ufe0f en \ud83d\udd17 actualidad.asturias.es<\/p>\n<p dir=\"auto\">\n<!-- iframe plugin v.6.0 wordpress.org\/plugins\/iframe\/ -->\n<iframe loading=\"lazy\" src=\"https:\/\/www.facebook.com\/plugins\/video.php?height=476&#038;href=https%3A%2F%2Fwww.facebook.com%2FculturaAST%2Fvideos%2F3325040884350733%2F&#038;show_text=false&#038;width=267&#038;t=0\" width=\"267\" height=\"476\" style=\"border:none;overflow:hidden\" scrolling=\"no\" frameborder=\"0\" allowfullscreen=\"true\" allow=\"autoplay; clipboard-write; encrypted-media; picture-in-picture; web-share\" 0=\"\/iframe\" class=\"iframe-class\"><\/iframe>\n<\/p>\n<\/div>\n<div class=\"x11i5rnm xat24cr x1mh8g0r x1vvkbs xtlvy1s x126k92a\">\n<div dir=\"auto\"><\/div>\n<div dir=\"auto\" style=\"text-align: center\"><a href=\"https:\/\/actualidad.asturias.es\/documents\/537115\/2424020\/WhatsApp+Image+2025-03-09+at+13.44.15.jpeg\/d6e48b7b-c1ff-21da-58e9-4c21fe480960?t=1741524820505\"><img loading=\"lazy\" decoding=\"async\" class=\"aligncenter size-large\" src=\"https:\/\/actualidad.asturias.es\/documents\/537115\/2424020\/WhatsApp+Image+2025-03-09+at+13.44.15.jpeg\/d6e48b7b-c1ff-21da-58e9-4c21fe480960?t=1741524820505\" width=\"1600\" height=\"1200\" \/><\/a><\/div>\n<\/div>\n<\/div>\n<\/div>\n<\/div>\n<\/div>\n<\/div>\n<div class=\"xu06os2 x1ok221b\">\n<div class=\"html-div xdj266r x11i5rnm xat24cr x1mh8g0r xexx8yu x4uap5 x18d9i69 xkhd6sd\" data-ad-rendering-role=\"profile_name\">\n<ul>\n<li class=\"html-h3 x11i5rnm xat24cr x1mh8g0r xexx8yu x4uap5 x18d9i69 xkhd6sd x1vvkbs x1heor9g x1qlqyl8 x1pd3egz x1a2a7pz x1gslohp x1yc453h\"><span class=\"x1lliihq x6ikm8r x10wlt62 x1n2onr6\"><span class=\"xt0psk2\"><span class=\"xjp7ctv\"><a class=\"x1i10hfl xjbqb8w x1ejq31n xd10rxx x1sy0etr x17r0tee x972fbf xcfux6l x1qhh985 xm0m39n x9f619 x1ypdohk xt0psk2 xe8uvvx xdj266r x11i5rnm xat24cr x1mh8g0r xexx8yu x4uap5 x18d9i69 xkhd6sd x16tdsg8 x1hl2dhg xggy1nq x1a2a7pz xkrqix3 x1sur9pj xzsf02u x1s688f\" role=\"link\" href=\"https:\/\/www.facebook.com\/MuseudelPuebludAsturies?__cft__[0]=AZUfil0d3ffxUi3dGTQtvWnfv4gslCiilYusLN-BXYqGnWTl3dph1ARdiYOBKjXPo7g2R0zm2vrhyFA7pQ3zLipAgM3ltDoDGyAYypLB-cumQtjCYGkwekNQa1ZPu4mTV9BB2_W5C2nZy8whql9Kaa5uIARxjBRqK74LZqfqBtNLPpfIzdx392Udws38zLbMUI0JUCdlGg918yg3Kv-412EuV0_KCzOWw-BSxTgy4k0ntA&amp;__tn__=-UC%2CP-y-R\" aria-describedby=\"\u00abr20r\u00bb\"><strong class=\"html-strong xdj266r x11i5rnm xat24cr x1mh8g0r xexx8yu x4uap5 x18d9i69 xkhd6sd x1hl2dhg x16tdsg8 x1vvkbs x1s688f\"><span class=\"html-span xdj266r x11i5rnm xat24cr x1mh8g0r xexx8yu x4uap5 x18d9i69 xkhd6sd x1hl2dhg x16tdsg8 x1vvkbs\">Mus\u00e9u del Pueblu d&#8217;Asturies<\/span><\/strong><\/a><\/span><\/span><\/span><\/li>\n<\/ul>\n<\/div>\n<\/div>\n<div class=\"html-div xdj266r x11i5rnm xat24cr x1mh8g0r xexx8yu x4uap5 x18d9i69 xkhd6sd\" dir=\"auto\">\n<div class=\"html-div xdj266r x11i5rnm xat24cr x1mh8g0r xexx8yu x4uap5 x18d9i69 xkhd6sd\" data-ad-rendering-role=\"story_message\">\n<div class=\"x1l90r2v x1iorvi4 x1ye3gou xn6708d\" data-ad-comet-preview=\"message\" data-ad-preview=\"message\">\n<div class=\"x78zum5 xdt5ytf xz62fqu x16ldp7u\">\n<div class=\"xu06os2 x1ok221b\">\n<div class=\"xdj266r x11i5rnm xat24cr x1mh8g0r x1vvkbs x126k92a\">\n<div dir=\"auto\">La gaitera <strong>Keti Garc\u00eda Fern\u00e1ndez<\/strong> homenaxada g\u00fcei, D\u00eda Internacional de la Gaita, pol Conceyu de la Gaita nel mus\u00e9u.<\/div>\n<div dir=\"auto\"><\/div>\n<div dir=\"auto\" style=\"text-align: center\">\n<!-- iframe plugin v.6.0 wordpress.org\/plugins\/iframe\/ -->\n<iframe loading=\"lazy\" src=\"https:\/\/www.facebook.com\/plugins\/video.php?height=315&#038;href=https%3A%2F%2Fwww.facebook.com%2FMuseudelPuebludAsturies%2Fvideos%2F1165510835211496%2F&#038;show_text=false&#038;width=560&#038;t=0\" width=\"560\" height=\"315\" style=\"border:none;overflow:hidden\" scrolling=\"no\" frameborder=\"0\" allowfullscreen=\"true\" allow=\"autoplay; clipboard-write; encrypted-media; picture-in-picture; web-share\" 0=\"\/iframe\" class=\"iframe-class\"><\/iframe>\n<\/div>\n<div dir=\"auto\">\n<p>La\u00a0<strong>Conseyera de Cultura, Pol\u00edtica Lling\u00fc\u00edstica y Deporte, Vanessa Guti\u00e9rrez,<\/strong>\u00a0dio anuncia, nel contestu de los actos entamaos pol\u00a0<strong>Conceyu de la Gaita<\/strong>\u00a0pol d\u00eda internacional del instrumentu, de que\u2019l Gobiernu va\u00a0<strong>entamar los tr\u00e1mites pa declarar Bien d\u2019Inter\u00e9s Cultural la cultura asturiana de gaita<\/strong>. L\u2019env\u00eds d\u2019esti procesu ye\u2019l de\u00a0<strong>caltener el patrimoniu inmaterial<\/strong>, como y\u00e1 se ficiere con otres espresiones como la cultura de la sidra -declarada, tami\u00e9n, patrimoniu mundial pola UNESCO-, la Misa de gaita, l\u2019Asturianada, los traxes llaniscos d\u2019aldeana y porruanu, los sidros y les comedies de Valdesoto, los bolos asturianos, la cultura del acebache y el Corri-corri d\u2019Arenas de Cabrales.<\/p>\n<p>Na so intervenci\u00f3n nel\u00a0<strong>D\u00eda Internacional de la Gaita<\/strong>, que Vanessa Guti\u00e9rrez aprovech\u00f3 pa compartir les intenciones del Gobiernu, la Conseyera dedic\u00f3 unes\u00a0<strong>pallabres d\u2019agradecimientu<\/strong>\u00a0pa les\u00a0<strong>gaiteres<\/strong>\u00a0que, como Kety Garc\u00eda -a la qu\u2019homenaxearon nel actu- exercen de referentes y a \u00ab<strong>les bandes, asociaciones y escueles de m\u00fasica tradicional<\/strong>, que vienen salvaguardando la nuestra cultura, d\u00e1ndola a conocer ente les xeneraciones m\u00e1s moces, al tiempu que faen de ponte y reconocen a los y les gaiteres m\u00e1s veteranos que ficieron posible que la nuestra cultura llegare con esta vitalid\u00e1 hasta g\u00fcei\u00bb.<\/p>\n<p>La\u00a0<strong>emigraci\u00f3n asturiana<\/strong>\u00a0tami\u00e9n tuvo presente nel so discursu, nel qu\u2019afond\u00f3 na importancia del llabor de los Centros Asturianos y otros colectivos na di\u00e1spora pal espardimientu de la cultura musical del pa\u00eds m\u00e1s all\u00f3 de len llendes del territoriu y, concretamente, de la gaita. En pallabres del Gobiernu, \u00abla declaraci\u00f3n de la cultura asturiana de la gaita como BIC va permitir\u00a0<strong>reforciar el so estudiu, espardimientu y caltenimientu<\/strong>, asegurando qu\u2019esti heriedu siga vivu pa les xeneraciones futures y consolidando la so importancia na historia y identid\u00e1 de la comunid\u00e1\u00bb. Los actores sociales implicaos na cultura de la gaita n\u2019Asturies\u00a0<strong>celebren\u00a0<\/strong>l\u2019anuncia del Gobiernu y el so enfotu pa col caltenimientu del patrimoniu, y esperen qu\u2019estes declaraciones y reconocimientos institucionales puean\u00a0<strong>materializase en sofitu y medios pa desendolcar la so activid\u00e1<\/strong>.<\/p>\n<\/div>\n<\/div>\n<\/div>\n<\/div>\n<\/div>\n<\/div>\n<\/div>\n","protected":false},"excerpt":{"rendered":"<p>Conseyer\u00eda de Cultura, P. Lling\u00fc\u00edstica y D.\/ \ud83d\udd17 actualidad.asturias.es \/\u00a0 Musicasturiana.com \/ https:\/\/tinyurl.com\/52zyu82r Descubre m\u00e1s nel reel de la conseyera de Cultura, Pol\u00edtica Lling\u00fc\u00edstica y Deporte, Vanessa Guti\u00e9rrez, qu&#8217;esti mediud\u00eda particip\u00f3 nos actos del D\u00eda Internacional de la Gaita organizaos pol Conceyu de la Gaita<\/p>\n","protected":false},"author":117,"featured_media":0,"comment_status":"open","ping_status":"open","sticky":false,"template":"","format":"standard","meta":{"footnotes":""},"categories":[333,425,35,125],"tags":[],"class_list":["post-43311","post","type-post","status-publish","format-standard","hentry","category-bic-bien-dinteres-cultural","category-gaita","category-musica","category-musicasturiana-com"],"_links":{"self":[{"href":"https:\/\/edublog.educastur.es\/ixuxu\/wp-json\/wp\/v2\/posts\/43311","targetHints":{"allow":["GET"]}}],"collection":[{"href":"https:\/\/edublog.educastur.es\/ixuxu\/wp-json\/wp\/v2\/posts"}],"about":[{"href":"https:\/\/edublog.educastur.es\/ixuxu\/wp-json\/wp\/v2\/types\/post"}],"author":[{"embeddable":true,"href":"https:\/\/edublog.educastur.es\/ixuxu\/wp-json\/wp\/v2\/users\/117"}],"replies":[{"embeddable":true,"href":"https:\/\/edublog.educastur.es\/ixuxu\/wp-json\/wp\/v2\/comments?post=43311"}],"version-history":[{"count":7,"href":"https:\/\/edublog.educastur.es\/ixuxu\/wp-json\/wp\/v2\/posts\/43311\/revisions"}],"predecessor-version":[{"id":43322,"href":"https:\/\/edublog.educastur.es\/ixuxu\/wp-json\/wp\/v2\/posts\/43311\/revisions\/43322"}],"wp:attachment":[{"href":"https:\/\/edublog.educastur.es\/ixuxu\/wp-json\/wp\/v2\/media?parent=43311"}],"wp:term":[{"taxonomy":"category","embeddable":true,"href":"https:\/\/edublog.educastur.es\/ixuxu\/wp-json\/wp\/v2\/categories?post=43311"},{"taxonomy":"post_tag","embeddable":true,"href":"https:\/\/edublog.educastur.es\/ixuxu\/wp-json\/wp\/v2\/tags?post=43311"}],"curies":[{"name":"wp","href":"https:\/\/api.w.org\/{rel}","templated":true}]}}