{"id":43351,"date":"2025-03-09T22:00:08","date_gmt":"2025-03-09T20:00:08","guid":{"rendered":"https:\/\/edublog.educastur.es\/ixuxu\/?p=43351"},"modified":"2025-03-11T17:09:43","modified_gmt":"2025-03-11T15:09:43","slug":"43351","status":"publish","type":"post","link":"https:\/\/edublog.educastur.es\/ixuxu\/2025\/03\/43351\/","title":{"rendered":"Fin de xira en Xix\u00f3n de \u00abHumanes\u00bb del grupu \u00abMuyeres\u00bb"},"content":{"rendered":"<p><span class=\"x193iq5w xeuugli x13faqbe x1vvkbs x1xmvt09 x1lliihq x1s928wv xhkezso x1gmr53x x1cpjm7i x1fgarty x1943h6x xudqn12 x3x7a5m x1f6kntn xvq8zen xo1l8bm xzsf02u x1yc453h\" dir=\"auto\">Fant\u00e1sticu fin de xira en Xix\u00f3n de \u00abHumanes\u00bb del grupu \u00abMuyeres\u00bb \u00fan de los nomes m\u00e1s importantes del folclor asturianu. <span class=\"html-span xexx8yu x4uap5 x18d9i69 xkhd6sd x1hl2dhg x16tdsg8 x1vvkbs x3nfvp2 x1j61x8r x1fcty0u xdj266r xat24cr xgzva0m xhhsvwb xxymvpz xlup9mm x1kky2od\"><img loading=\"lazy\" decoding=\"async\" class=\"xz74otr x168nmei x13lgxp2 x5pf9jr xo71vjh\" src=\"https:\/\/static.xx.fbcdn.net\/images\/emoji.php\/v9\/t96\/1\/16\/1f49c.png\" alt=\"\ud83d\udc9c\" width=\"16\" height=\"16\" \/><\/span> Milenta gracies&#8230; <span class=\"html-span xexx8yu x4uap5 x18d9i69 xkhd6sd x1hl2dhg x16tdsg8 x1vvkbs x3nfvp2 x1j61x8r x1fcty0u xdj266r xat24cr xgzva0m xhhsvwb xxymvpz xlup9mm x1kky2od\"><img loading=\"lazy\" decoding=\"async\" class=\"xz74otr x168nmei x13lgxp2 x5pf9jr xo71vjh\" src=\"https:\/\/static.xx.fbcdn.net\/images\/emoji.php\/v9\/tf9\/1\/16\/1f44f_1f3fb.png\" alt=\"\ud83d\udc4f\ud83c\udffb\" width=\"16\" height=\"16\" \/><\/span><span class=\"html-span xexx8yu x4uap5 x18d9i69 xkhd6sd x1hl2dhg x16tdsg8 x1vvkbs x3nfvp2 x1j61x8r x1fcty0u xdj266r xat24cr xgzva0m xhhsvwb xxymvpz xlup9mm x1kky2od\"><img loading=\"lazy\" decoding=\"async\" class=\"xz74otr x168nmei x13lgxp2 x5pf9jr xo71vjh\" src=\"https:\/\/static.xx.fbcdn.net\/images\/emoji.php\/v9\/tf9\/1\/16\/1f44f_1f3fb.png\" alt=\"\ud83d\udc4f\ud83c\udffb\" width=\"16\" height=\"16\" \/><\/span><span class=\"html-span xexx8yu x4uap5 x18d9i69 xkhd6sd x1hl2dhg x16tdsg8 x1vvkbs x3nfvp2 x1j61x8r x1fcty0u xdj266r xat24cr xgzva0m xhhsvwb xxymvpz xlup9mm x1kky2od\"><img loading=\"lazy\" decoding=\"async\" class=\"xz74otr x168nmei x13lgxp2 x5pf9jr xo71vjh\" src=\"https:\/\/static.xx.fbcdn.net\/images\/emoji.php\/v9\/tf9\/1\/16\/1f44f_1f3fb.png\" alt=\"\ud83d\udc4f\ud83c\udffb\" width=\"16\" height=\"16\" \/><\/span> Bona m\u00fasica pa zarrar un domingu&#8230; <a class=\"x1i10hfl xjbqb8w x1ejq31n xd10rxx x1sy0etr x17r0tee x972fbf xcfux6l x1qhh985 xm0m39n x9f619 x1ypdohk xt0psk2 xe8uvvx xdj266r x11i5rnm xat24cr x1mh8g0r xexx8yu x4uap5 x18d9i69 xkhd6sd x16tdsg8 x1hl2dhg xggy1nq x1a2a7pz xkrqix3 x1sur9pj xzsf02u x1s688f\" role=\"link\" href=\"https:\/\/www.facebook.com\/muyeresoficial?__cft__[0]=AZWnwAv6intJKlZevU7Egctn7NMrZLwZk1C7nqNEfqeb1MaCn__zuby8H6-BeU9cA8sjJW97ttwLPOOy06X6wr3y2wtxpf8G8JfR0mnOLA3ZGKpmdcjKyPcg4qHUwpg07QQ3nAxs-H-BvZ-ejiFNly2euJb00lykftQ8BS1AVzpFtmyhVATCPMGNHnyEjSTz96QetC_daoqHBvTh0Yff6a7ERAuNXDeLXDN51reWchPjkQ&amp;__tn__=-UC%2CP-y-R\" aria-describedby=\"\u00abr1t7\u00bb\"><strong class=\"html-strong xdj266r x11i5rnm xat24cr x1mh8g0r xexx8yu x4uap5 x18d9i69 xkhd6sd x1hl2dhg x16tdsg8 x1vvkbs x1s688f\"><span class=\"html-span xdj266r x11i5rnm xat24cr x1mh8g0r xexx8yu x4uap5 x18d9i69 xkhd6sd x1hl2dhg x16tdsg8 x1vvkbs\">Muyeres<\/span><\/strong><\/a><\/span><\/p>\n<p style=\"text-align: center\">\n<!-- iframe plugin v.6.0 wordpress.org\/plugins\/iframe\/ -->\n<iframe loading=\"lazy\" src=\"https:\/\/www.facebook.com\/plugins\/post.php?href=https%3A%2F%2Fwww.facebook.com%2Fphoto.php%3Ffbid%3D10234093946905159%26set%3Da.4224429083954%26type%3D3&#038;show_text=false&#038;width=500\" width=\"500\" height=\"683\" style=\"border:none;overflow:hidden\" scrolling=\"no\" frameborder=\"0\" allowfullscreen=\"true\" allow=\"autoplay; clipboard-write; encrypted-media; picture-in-picture; web-share\" 0=\"\/iframe\" class=\"iframe-class\"><\/iframe>\n<\/p>\n<p><!--more--><\/p>\n<div id=\"EncabezaSesionMasinfoP0Texto\" class=\"EncabezaSesionMasinfoPTexto\">\n<div class=\"xdj266r x11i5rnm xat24cr x1mh8g0r x1vvkbs x126k92a\">\n<div dir=\"auto\">\n<p><span style=\"color: #800080\"><em>G\u00fcei ye&#8217;l d\u00eda del resume, del puntu y a parte y del comp\u00e1s d&#8217;espera.<\/em><\/span><\/p>\n<p><em style=\"color: #800080\">G\u00fcei ser\u00eda&#8217;l d\u00eda ideal p&#8217;agradecer tantes coses pero decidimos dedicar estes pallabres a toles persones qu&#8217;ayeri ficistis l&#8217;\u00faltimu Humanes con nosotres.<\/em><\/p>\n<\/div>\n<\/div>\n<div class=\"x11i5rnm xat24cr x1mh8g0r x1vvkbs xtlvy1s x126k92a\">\n<div dir=\"auto\">\n<p><span style=\"color: #800080\"><em>Fuistis protagonistes, por cantar, por glayar, baillar, llevantavos, animanos, pedinos m\u00e1s.<\/em><\/span><\/p>\n<p><span style=\"color: #800080\"><em>Un abrazu de parte de Laurina, de Pinky, d&#8217;Ana Garc\u00eda, de Mar\u00eda Lluisa, de Felisa, de Zulima, de Fani, de la Revolver, de l&#8217;allegre Sifonera&#8230; Dicen que vos agradecen nel alma que sint\u00e1is la m\u00fasica como elles: como fin, nun como mediu; col fin de dar voz, alma y vida a quien nun-y la dieron en so momentu. <\/em><\/span><em style=\"color: #800080\">Agora viven gracies a vosotros. <\/em><em style=\"color: #800080\">Y les 23 Muyeres restantes dicen: \ud835\uddd8\ud835\udde6\ud835\udde3\ud835\uddd8\ud835\udde5\ud835\uddd4\u0301\ud835\udddc\ud835\udde1\ud835\udde2\ud835\udde6 \ud835\udde4\ud835\udde8\ud835\uddd8 \ud835\udde9\ud835\udde2\ud835\udddf\ud835\udde9\ud835\uddd8\ud835\udde5\ud835\uddd8\ud835\udde0\ud835\udde2\ud835\udde6 <span style=\"color: #000000\"><a style=\"color: #000000\" href=\"https:\/\/scontent-mad2-1.xx.fbcdn.net\/v\/t51.75761-15\/483633716_18395437357100863_855783865724074040_n.jpg?_nc_cat=110&amp;ccb=1-7&amp;_nc_sid=127cfc&amp;_nc_ohc=L3KcjCUdHhoQ7kNvgFjAWaT&amp;_nc_oc=Adj_QVVu-JC1_aQP832KgxPokCniMac8pvOieU4z9mv7m5IgQ8DVi_Vh4rOL9epOW7Y&amp;_nc_zt=23&amp;_nc_ht=scontent-mad2-1.xx&amp;_nc_gid=AZvOKL-Zr-OkmVBwhKvwhrj&amp;oh=00_AYGPQJaozbKONqgBFVy0B91ikUQ0z5JxSL2kBfiisuUXHg&amp;oe=67D62B3E\">semeya<\/a><\/span><\/em><\/p>\n<\/div>\n<\/div>\n<p style=\"text-align: center\">\n<!-- iframe plugin v.6.0 wordpress.org\/plugins\/iframe\/ -->\n<iframe loading=\"lazy\" src=\"https:\/\/www.facebook.com\/plugins\/post.php?href=https%3A%2F%2Fwww.facebook.com%2Fmuyeresoficial%2Fposts%2Fpfbid02yBorgMVZoFWGQTgYZc1cBxAep51K3Uvr3c2HL3WdFQ47fDGLNWDYJXw8Y8ussfZfl&#038;show_text=false&#038;width=500\" width=\"500\" height=\"333\" style=\"border:none;overflow:hidden\" scrolling=\"no\" frameborder=\"0\" allowfullscreen=\"true\" allow=\"autoplay; clipboard-write; encrypted-media; picture-in-picture; web-share\" 0=\"\/iframe\" class=\"iframe-class\"><\/iframe>\n<\/p>\n<p><strong><em>Muyeres<\/em> ye \u00fan de los nomes m\u00e1s importantes del folclor asturianu.<\/strong> Esti colectivu naci\u00f3 en 1993 cola uni\u00f3n de muyeres procedentes de dalgunos de los grupos d investigaci\u00f3n etnogr\u00e1fica m\u00e1s destacaos. L oxetivu que ten\u00eden yera l de reivindicar la m\u00fasica de percusi\u00f3n del pa\u00eds y el protagonismu de la muyer nel caltenimientu de la tradici\u00f3n sonora asturiana. Cuasi 30 a\u00f1os depu\u00e9s, con seis discos publicaos y con una montonera d espect\u00e1culos entamaos; siguen siendo una pieza fundamental de la cultura asturiana. Fonte: <a href=\"https:\/\/musicasturiana.com\/estos-son-los-ventidos-cantares-y-muyeres-artistes-que-pues-sentir-un-8-marzu\/?fbclid=IwY2xjawI5jUhleHRuA2FlbQIxMQABHaJrNEA96cuqJNG1J5DP1JEiAYwVLGqNtbo3knRSiVz7vVvUsM24xbhI-Q_aem_M7wwnRckgBro5nfB0RolDA\">Musicasturiana<\/a><\/p>\n<\/div>\n<div id=\"EncabezaSesionMasinfoP1Titulo\" class=\"EncabezaSesionMasinfoPTitulo\" style=\"text-align: center\">\n<!-- iframe plugin v.6.0 wordpress.org\/plugins\/iframe\/ -->\n<iframe style=\"border-radius:12px\" src=\"https:\/\/open.spotify.com\/embed\/artist\/2rAuapm7zkwTSeWAGHXpZp?utm_source=generator\" width=\"100%\" height=\"352\" frameborder=\"0\" allowfullscreen allow=\"autoplay; clipboard-write; encrypted-media; fullscreen; picture-in-picture\" loading=\"lazy\" 0=\"\/iframe\" scrolling=\"yes\" class=\"iframe-class\"><\/iframe>\n<\/div>\n<div id=\"EncabezaSesionMasinfoP1Texto\" class=\"EncabezaSesionMasinfoPTexto\">\n<p><strong>Humanes <\/strong>ye l so \u00faltimu discu y un trabayu hist\u00f3ricu na so trayectoria porque, per primer vez, nun compilen cantares tradicionales, sin\u00f3n quaxunten 13 canciones de composici\u00f3n propia. Les lletres homenaxeen a les humanes; a eses muyeres an\u00f3nimes que fueron faciendo historia. La m\u00fasica ye ellaborada, con muncha calid\u00e1 y esplora distintos son\u00edos dientro del folk asturianu.<\/p>\n<\/div>\n","protected":false},"excerpt":{"rendered":"<p>Fant\u00e1sticu fin de xira en Xix\u00f3n de \u00abHumanes\u00bb del grupu \u00abMuyeres\u00bb \u00fan de los nomes m\u00e1s importantes del folclor asturianu. Milenta gracies&#8230; Bona m\u00fasica pa zarrar un domingu&#8230; Muyeres<\/p>\n","protected":false},"author":117,"featured_media":0,"comment_status":"open","ping_status":"open","sticky":false,"template":"","format":"standard","meta":{"footnotes":""},"categories":[35,125],"tags":[],"class_list":["post-43351","post","type-post","status-publish","format-standard","hentry","category-musica","category-musicasturiana-com"],"_links":{"self":[{"href":"https:\/\/edublog.educastur.es\/ixuxu\/wp-json\/wp\/v2\/posts\/43351","targetHints":{"allow":["GET"]}}],"collection":[{"href":"https:\/\/edublog.educastur.es\/ixuxu\/wp-json\/wp\/v2\/posts"}],"about":[{"href":"https:\/\/edublog.educastur.es\/ixuxu\/wp-json\/wp\/v2\/types\/post"}],"author":[{"embeddable":true,"href":"https:\/\/edublog.educastur.es\/ixuxu\/wp-json\/wp\/v2\/users\/117"}],"replies":[{"embeddable":true,"href":"https:\/\/edublog.educastur.es\/ixuxu\/wp-json\/wp\/v2\/comments?post=43351"}],"version-history":[{"count":7,"href":"https:\/\/edublog.educastur.es\/ixuxu\/wp-json\/wp\/v2\/posts\/43351\/revisions"}],"predecessor-version":[{"id":43535,"href":"https:\/\/edublog.educastur.es\/ixuxu\/wp-json\/wp\/v2\/posts\/43351\/revisions\/43535"}],"wp:attachment":[{"href":"https:\/\/edublog.educastur.es\/ixuxu\/wp-json\/wp\/v2\/media?parent=43351"}],"wp:term":[{"taxonomy":"category","embeddable":true,"href":"https:\/\/edublog.educastur.es\/ixuxu\/wp-json\/wp\/v2\/categories?post=43351"},{"taxonomy":"post_tag","embeddable":true,"href":"https:\/\/edublog.educastur.es\/ixuxu\/wp-json\/wp\/v2\/tags?post=43351"}],"curies":[{"name":"wp","href":"https:\/\/api.w.org\/{rel}","templated":true}]}}