{"id":43374,"date":"2025-03-07T21:35:56","date_gmt":"2025-03-07T19:35:56","guid":{"rendered":"https:\/\/edublog.educastur.es\/ixuxu\/?p=43374"},"modified":"2025-03-10T00:28:02","modified_gmt":"2025-03-09T22:28:02","slug":"esconsuenu-de-haim-alvarez","status":"publish","type":"post","link":"https:\/\/edublog.educastur.es\/ixuxu\/2025\/03\/esconsuenu-de-haim-alvarez\/","title":{"rendered":"Haim \u00c1lvarez: \u00abEsconsue\u00f1u\u00bb"},"content":{"rendered":"<p style=\"text-align: center\">Esconsue\u00f1u ye&#8217;l primer single del \u00e1lbum \u00abPor un pu\u00f1\u00e1u de versos\u00bb.<\/p>\n<p style=\"text-align: center\">\n<!-- iframe plugin v.6.0 wordpress.org\/plugins\/iframe\/ -->\n<iframe loading=\"lazy\" width=\"100%\" height=\"445\" src=\"https:\/\/www.youtube.com\/embed\/f_QBTyV9LN8\" title=\"Esconsue\u00f1u - Haim \u00c1lvarez (poema de Esther Garc\u00eda L\u00f3pez).\" frameborder=\"0\" allow=\"accelerometer; autoplay; clipboard-write; encrypted-media; gyroscope; picture-in-picture; web-share\" referrerpolicy=\"strict-origin-when-cross-origin\" 0=\"allowfullscreen\" 1=\"\/iframe\" scrolling=\"yes\" class=\"iframe-class\"><\/iframe>\n<\/p>\n<p style=\"text-align: center\"><strong><span style=\"text-decoration: underline\">Poema d&#8217;Esther Garc\u00eda L\u00f3pez<\/span> <\/strong><\/p>\n<p>Esconsue\u00f1u ye un poema d&#8217;Esther Garc\u00eda L\u00f3pez, music\u00e1u por Haim \u00c1lvarez y grab\u00e1u nos estudios La Nozal, so la producci\u00f3n de Fernando Malva y los arreglos d&#8217;Alfredo Mor\u00e1n. El videuclip ta realiz\u00e1u y mont\u00e1u por N\u00e9stor Fern\u00e1ndez (B\u00e1lticu), con gui\u00f3n d&#8217;Haim \u00c1lvarez.<\/p>\n<p><!--more--><\/p>\n<p style=\"text-align: center\">\n<!-- iframe plugin v.6.0 wordpress.org\/plugins\/iframe\/ -->\n<iframe loading=\"lazy\" src=\"https:\/\/www.instagram.com\/reel\/CrjIK_APw-R\/embed\" width=\"640\" height=\"460\" 0=\"\/iframe\" scrolling=\"yes\" class=\"iframe-class\" frameborder=\"0\"><\/iframe>\n<\/p>\n<div class=\"xq8finb\">\n<div class=\"\">\n<div aria-describedby=\"\u00abr2\u00bb\"><span class=\"x193iq5w xeuugli x1fj9vlw x13faqbe x1vvkbs xt0psk2 x1i0vuye xvs91rp xo1l8bm x5n08af x10wh9bi x1wdrske x8viiok x18hxmgj\">\ud83d\udcf8: <a class=\"x1i10hfl xjbqb8w x1ejq31n xd10rxx x1sy0etr x17r0tee x972fbf xcfux6l x1qhh985 xm0m39n x9f619 x1ypdohk xt0psk2 xe8uvvx xdj266r x11i5rnm xat24cr x1mh8g0r xexx8yu x4uap5 x18d9i69 xkhd6sd x16tdsg8 x1hl2dhg xggy1nq x1a2a7pz notranslate _a6hd\" role=\"link\" href=\"https:\/\/www.instagram.com\/nestorfernandezphoto\/\">@nestorfernandezphoto<\/a><\/span><\/div>\n<\/div>\n<\/div>\n<div id=\"watch7-content\" class=\"watch-main-col\">\n<div id=\"watch7-content\" class=\"watch-main-col\"><\/div>\n<div class=\"miniplayer style-scope ytd-miniplayer\" role=\"dialog\">\n<div id=\"card\" class=\"style-scope ytd-miniplayer\">\n<div id=\"draggable\" class=\"style-scope ytd-miniplayer\">\n<div id=\"video-container\" class=\"style-scope ytd-miniplayer\">\n<div id=\"player-container\" class=\"style-scope ytd-miniplayer\" style=\"text-align: center\">\n<!-- iframe plugin v.6.0 wordpress.org\/plugins\/iframe\/ -->\n<iframe loading=\"lazy\" src=\"https:\/\/www.instagram.com\/reel\/C2aHOWYsYii\/embed\" width=\"460\" height=\"500\" 0=\"\/iframe\" scrolling=\"yes\" class=\"iframe-class\" frameborder=\"0\"><\/iframe>\n<\/div>\n<div>\n<p><span style=\"color: #008080\"><em>Siempres ye bien prestoso que reconozan el to trabayu, y m\u00e1s si tien que ver con una de les tos grandes pasiones, que nel mio casu ye la composici\u00f3n. \u201cEsconsue\u00f1u\u201d, unu cantar que tuvo como xerme un preciosu poema n&#8217;asturianu occidental de @estherpecera , foi nomada na categor\u00eda de \u201cCantar otres escenes\u201d nos premios AMES de la m\u00fasica n&#8217;Asturies.<\/em><\/span><\/p>\n<p><span style=\"color: #008080\"><em>A parte del agradecimientu y norabona a Esther pol so inspirador poema, hai muncha xente detr\u00e1s d&#8217;esti enorme trabayu: @moranlada nos arreglos, Fernando Malva na producci\u00f3n, @chusoto1 na flauta trevesera y Bego\u00f1a Venegas nes voces, el rabel y la percusi\u00f3n. Munches gracies y, sobremanera, nun dex\u00e9is d&#8217;escuchar ESCONSUE\u00d1U y de ver la so videuclip!<\/em><\/span><\/p>\n<\/div>\n<\/div>\n<div id=\"info-bar\" class=\"style-scope ytd-miniplayer\">\n<div class=\"metadata style-scope ytd-miniplayer\">\n<div class=\"channel style-scope ytd-miniplayer\"><\/div>\n<\/div>\n<\/div>\n<\/div>\n<div class=\"toast-container style-scope ytd-miniplayer\">\n<div class=\"ytdMiniplayerToastInfo\">\n<div class=\"ytdMiniplayerToastLabel\"><\/div>\n<div class=\"ytdMiniplayerToastTitle\"><\/div>\n<\/div>\n<\/div>\n<\/div>\n<div id=\"resize-container\" class=\"style-scope ytd-miniplayer\" aria-hidden=\"true\">\n<div class=\"resizer style-scope ytd-miniplayer\">\n<div class=\"corner style-scope ytd-miniplayer\"><\/div>\n<\/div>\n<div class=\"resizer style-scope ytd-miniplayer\">\n<div class=\"corner style-scope ytd-miniplayer\"><\/div>\n<\/div>\n<div class=\"resizer style-scope ytd-miniplayer\">\n<div class=\"corner style-scope ytd-miniplayer\"><\/div>\n<\/div>\n<div class=\"resizer style-scope ytd-miniplayer\">\n<div class=\"corner style-scope ytd-miniplayer\"><\/div>\n<\/div>\n<\/div>\n<\/div>\n<div id=\"content\" class=\"style-scope ytd-app\">\n<div id=\"masthead-container\" class=\"style-scope ytd-app\">\n<div id=\"ticker\" class=\"style-scope ytd-masthead\"><\/div>\n<div id=\"interstitial\" class=\"style-scope ytd-masthead\"><\/div>\n<div id=\"background\" class=\"style-scope ytd-masthead\"><\/div>\n<div id=\"container\" class=\"style-scope ytd-masthead\">\n<div id=\"start\" class=\"style-scope ytd-masthead\"><\/div>\n<\/div>\n<\/div>\n<\/div>\n<\/div>\n<div class=\"miniplayer style-scope ytd-miniplayer\" role=\"dialog\">\n<div id=\"card\" class=\"style-scope ytd-miniplayer\">\n<div id=\"draggable\" class=\"style-scope ytd-miniplayer\">\n<div id=\"video-container\" class=\"style-scope ytd-miniplayer\">\n<div id=\"player-container\" class=\"style-scope ytd-miniplayer\">\n<div id=\"watch7-content\" class=\"watch-main-col\"><\/div>\n<div class=\"miniplayer style-scope ytd-miniplayer\" role=\"dialog\">\n<div id=\"card\" class=\"style-scope ytd-miniplayer\">\n<div id=\"draggable\" class=\"style-scope ytd-miniplayer\">\n<div id=\"video-container\" class=\"style-scope ytd-miniplayer\">\n<div id=\"player-container\" class=\"style-scope ytd-miniplayer\"><\/div>\n<\/div>\n<div id=\"info-bar\" class=\"style-scope ytd-miniplayer\">\n<div class=\"metadata style-scope ytd-miniplayer\">\n<div class=\"channel style-scope ytd-miniplayer\"><\/div>\n<\/div>\n<\/div>\n<\/div>\n<div class=\"toast-container style-scope ytd-miniplayer\">\n<div class=\"ytdMiniplayerToastInfo\">\n<div class=\"ytdMiniplayerToastLabel\"><\/div>\n<div class=\"ytdMiniplayerToastTitle\"><\/div>\n<\/div>\n<\/div>\n<\/div>\n<div id=\"resize-container\" class=\"style-scope ytd-miniplayer\" aria-hidden=\"true\">\n<div class=\"resizer style-scope ytd-miniplayer\">\n<div class=\"corner style-scope ytd-miniplayer\"><\/div>\n<\/div>\n<div class=\"resizer style-scope ytd-miniplayer\">\n<div class=\"corner style-scope ytd-miniplayer\"><\/div>\n<\/div>\n<div class=\"resizer style-scope ytd-miniplayer\">\n<div class=\"corner style-scope ytd-miniplayer\"><\/div>\n<\/div>\n<div class=\"resizer style-scope ytd-miniplayer\">\n<div class=\"corner style-scope ytd-miniplayer\"><\/div>\n<\/div>\n<\/div>\n<\/div>\n<div id=\"content\" class=\"style-scope ytd-app\">\n<div id=\"masthead-container\" class=\"style-scope ytd-app\">\n<div id=\"ticker\" class=\"style-scope ytd-masthead\"><\/div>\n<div id=\"interstitial\" class=\"style-scope ytd-masthead\"><\/div>\n<div id=\"background\" class=\"style-scope ytd-masthead\"><\/div>\n<div id=\"container\" class=\"style-scope ytd-masthead\">\n<div id=\"start\" class=\"style-scope ytd-masthead\"><\/div>\n<\/div>\n<\/div>\n<\/div>\n<\/div>\n<\/div>\n<div id=\"info-bar\" class=\"style-scope ytd-miniplayer\">\n<div class=\"metadata style-scope ytd-miniplayer\">\n<div class=\"channel style-scope ytd-miniplayer\"><\/div>\n<\/div>\n<\/div>\n<\/div>\n<div class=\"toast-container style-scope ytd-miniplayer\">\n<div class=\"ytdMiniplayerToastInfo\">\n<div class=\"ytdMiniplayerToastLabel\"><\/div>\n<div class=\"ytdMiniplayerToastTitle\"><\/div>\n<\/div>\n<\/div>\n<\/div>\n<div id=\"resize-container\" class=\"style-scope ytd-miniplayer\" aria-hidden=\"true\">\n<div class=\"resizer style-scope ytd-miniplayer\">\n<div class=\"corner style-scope ytd-miniplayer\"><\/div>\n<\/div>\n<div class=\"resizer style-scope ytd-miniplayer\">\n<div class=\"corner style-scope ytd-miniplayer\"><\/div>\n<\/div>\n<div class=\"resizer style-scope ytd-miniplayer\">\n<div class=\"corner style-scope ytd-miniplayer\"><\/div>\n<\/div>\n<div class=\"resizer style-scope ytd-miniplayer\">\n<div class=\"corner style-scope ytd-miniplayer\"><\/div>\n<\/div>\n<\/div>\n<\/div>\n<div id=\"content\" class=\"style-scope ytd-app\">\n<div id=\"masthead-container\" class=\"style-scope ytd-app\">\n<div id=\"ticker\" class=\"style-scope ytd-masthead\"><\/div>\n<div id=\"interstitial\" class=\"style-scope ytd-masthead\"><\/div>\n<div id=\"background\" class=\"style-scope ytd-masthead\"><\/div>\n<div id=\"container\" class=\"style-scope ytd-masthead\">\n<div id=\"start\" class=\"style-scope ytd-masthead\"><\/div>\n<\/div>\n<\/div>\n<\/div>\n","protected":false},"excerpt":{"rendered":"<p>Esconsue\u00f1u ye&#8217;l primer single del \u00e1lbum \u00abPor un pu\u00f1\u00e1u de versos\u00bb. Poema d&#8217;Esther Garc\u00eda L\u00f3pez Esconsue\u00f1u ye un poema d&#8217;Esther Garc\u00eda L\u00f3pez, music\u00e1u por Haim \u00c1lvarez y grab\u00e1u nos estudios La Nozal, so la producci\u00f3n de Fernando Malva y los arreglos d&#8217;Alfredo Mor\u00e1n. El videuclip ta realiz\u00e1u y mont\u00e1u por N\u00e9stor Fern\u00e1ndez (B\u00e1lticu), con gui\u00f3n [&hellip;]<\/p>\n","protected":false},"author":117,"featured_media":0,"comment_status":"open","ping_status":"open","sticky":false,"template":"","format":"video","meta":{"footnotes":""},"categories":[35],"tags":[],"class_list":["post-43374","post","type-post","status-publish","format-video","hentry","category-musica","post_format-post-format-video"],"_links":{"self":[{"href":"https:\/\/edublog.educastur.es\/ixuxu\/wp-json\/wp\/v2\/posts\/43374","targetHints":{"allow":["GET"]}}],"collection":[{"href":"https:\/\/edublog.educastur.es\/ixuxu\/wp-json\/wp\/v2\/posts"}],"about":[{"href":"https:\/\/edublog.educastur.es\/ixuxu\/wp-json\/wp\/v2\/types\/post"}],"author":[{"embeddable":true,"href":"https:\/\/edublog.educastur.es\/ixuxu\/wp-json\/wp\/v2\/users\/117"}],"replies":[{"embeddable":true,"href":"https:\/\/edublog.educastur.es\/ixuxu\/wp-json\/wp\/v2\/comments?post=43374"}],"version-history":[{"count":7,"href":"https:\/\/edublog.educastur.es\/ixuxu\/wp-json\/wp\/v2\/posts\/43374\/revisions"}],"predecessor-version":[{"id":43381,"href":"https:\/\/edublog.educastur.es\/ixuxu\/wp-json\/wp\/v2\/posts\/43374\/revisions\/43381"}],"wp:attachment":[{"href":"https:\/\/edublog.educastur.es\/ixuxu\/wp-json\/wp\/v2\/media?parent=43374"}],"wp:term":[{"taxonomy":"category","embeddable":true,"href":"https:\/\/edublog.educastur.es\/ixuxu\/wp-json\/wp\/v2\/categories?post=43374"},{"taxonomy":"post_tag","embeddable":true,"href":"https:\/\/edublog.educastur.es\/ixuxu\/wp-json\/wp\/v2\/tags?post=43374"}],"curies":[{"name":"wp","href":"https:\/\/api.w.org\/{rel}","templated":true}]}}