{"id":43402,"date":"2025-03-03T09:30:21","date_gmt":"2025-03-03T07:30:21","guid":{"rendered":"https:\/\/edublog.educastur.es\/ixuxu\/?p=43402"},"modified":"2025-03-10T11:01:59","modified_gmt":"2025-03-10T09:01:59","slug":"el-cocanu-personaxe-del-antroxu-daviles","status":"publish","type":"post","link":"https:\/\/edublog.educastur.es\/ixuxu\/2025\/03\/el-cocanu-personaxe-del-antroxu-daviles\/","title":{"rendered":"El Coca\u00f1u, personaxe del Antroxu d&#8217;Avil\u00e9s"},"content":{"rendered":"<div class=\"html-div xdj266r xat24cr x1mh8g0r xexx8yu x4uap5 x18d9i69 xkhd6sd x78zum5 x2lah0s xqtp20y x1emribx\">\n<div class=\"x1vqgdyp x100vrsf\" style=\"text-align: center\"><a href=\"https:\/\/s2.ppllstatics.com\/elcomercio\/www\/multimedia\/2025\/03\/03\/carnaval-asturias-antroxu-aviles-mazcaritos%20(5).jpg\"><img loading=\"lazy\" decoding=\"async\" class=\"aligncenter size-large\" src=\"https:\/\/s2.ppllstatics.com\/elcomercio\/www\/multimedia\/2025\/03\/03\/carnaval-asturias-antroxu-aviles-mazcaritos%20(5).jpg\" width=\"1920\" height=\"1280\" \/><\/a><\/div>\n<\/div>\n<div class=\"xu06os2 x1ok221b\">\n<div class=\"html-div xdj266r x11i5rnm xat24cr x1mh8g0r xexx8yu x4uap5 x18d9i69 xkhd6sd\" data-ad-rendering-role=\"profile_name\">\n<ul>\n<li class=\"html-h3 x11i5rnm xat24cr x1mh8g0r xexx8yu x4uap5 x18d9i69 xkhd6sd x1vvkbs x1heor9g x1qlqyl8 x1pd3egz x1a2a7pz x1gslohp x1yc453h\"><span class=\"x1lliihq x6ikm8r x10wlt62 x1n2onr6\"><span class=\"xt0psk2\"><span class=\"xjp7ctv\"><a class=\"x1i10hfl xjbqb8w x1ejq31n xd10rxx x1sy0etr x17r0tee x972fbf xcfux6l x1qhh985 xm0m39n x9f619 x1ypdohk xt0psk2 xe8uvvx xdj266r x11i5rnm xat24cr x1mh8g0r xexx8yu x4uap5 x18d9i69 xkhd6sd x16tdsg8 x1hl2dhg xggy1nq x1a2a7pz xkrqix3 x1sur9pj xzsf02u x1s688f\" role=\"link\" href=\"https:\/\/www.facebook.com\/rufino.garciaalvarez?__cft__[0]=AZUc5ibMJad4YQBv7EZ4Zfqh2V-SuCwx-3hFORsV2HPmLIxR_fq0q9fG21cEDFSQHYN8uM1YQE5tw_KyJIlvLK3SEZvcvc4Xva6Q-1SJu-YMZFED2gvHvvEFRnodiBapKV6pJ80w2hXdlwvlT7lH5pCLd8vy7E2IMVPAlkKgd4jSnhbYVAXpIR9nFahGN3PXPVk&amp;__tn__=-UC%2CP-y-R\" aria-describedby=\"\u00abr29b\u00bb\"><strong class=\"html-strong xdj266r x11i5rnm xat24cr x1mh8g0r xexx8yu x4uap5 x18d9i69 xkhd6sd x1hl2dhg x16tdsg8 x1vvkbs x1s688f\"><span class=\"html-span xdj266r x11i5rnm xat24cr x1mh8g0r xexx8yu x4uap5 x18d9i69 xkhd6sd x1hl2dhg x16tdsg8 x1vvkbs\">Rufino Garcia Alvarez<\/span><\/strong><\/a><\/span><\/span><\/span>\/ Fonte: La Voz d&#8217;Avil\u00e9s \/ <a href=\"https:\/\/www.elcomercio.es\/asturias\/carnaval\/aviles\/mazcaritos-animan-antroxu-aviles-20250303090102-ga.html\">semeyes: El Comercio<\/a> \/<\/li>\n<\/ul>\n<\/div>\n<\/div>\n<div class=\"html-div xdj266r x11i5rnm xat24cr x1mh8g0r xexx8yu x4uap5 x18d9i69 xkhd6sd\" dir=\"auto\">\n<div class=\"html-div xdj266r x11i5rnm xat24cr x1mh8g0r xexx8yu x4uap5 x18d9i69 xkhd6sd\" data-ad-rendering-role=\"story_message\">\n<div class=\"x1l90r2v x1iorvi4 x1ye3gou xn6708d\" data-ad-comet-preview=\"message\" data-ad-preview=\"message\">\n<div class=\"x78zum5 xdt5ytf xz62fqu x16ldp7u\">\n<div class=\"xu06os2 x1ok221b\">\n<div class=\"xdj266r x11i5rnm xat24cr x1mh8g0r x1vvkbs x126k92a\">\n<div dir=\"auto\"><strong>El Coca\u00f1u, un demoniu fechu con ropa vieyo, pelleyos d&#8217;oveya y cuernos de carneru<\/strong>, apurre&#8217;l so gran\u00edn d&#8217;arena na recuperaci\u00f3n del Antroxu tradicional d&#8217;Avil\u00e9s. A principios del sieglu XX, amarutase de demoniu yera una representaci\u00f3n de lo prohib\u00edo y lo tresgresor. El demoniu simbolizaba la rotura de normes y l&#8217;inversi\u00f3n temporal del orde establec\u00edu desafiando les convenciones sociales y relixoses&#8230;<\/div>\n<div dir=\"auto\"><!--more--><\/div>\n<div dir=\"auto\">\n<p class=\"v-a-sub-t \" style=\"text-align: center\">Les asociaciones, Xar\u00e9u d&#8217;Ochobre, L&#8217;Asoleyada y Sabia Nueva recrearon personaxes del antroxu aviles\u00edn tradicional poles cais del centru<\/p>\n<\/div>\n<div dir=\"auto\" style=\"text-align: center\">\n<!-- iframe plugin v.6.0 wordpress.org\/plugins\/iframe\/ -->\n<iframe loading=\"lazy\" src=\"https:\/\/www.facebook.com\/plugins\/post.php?href=https%3A%2F%2Fwww.facebook.com%2Fphoto.php%3Ffbid%3D23950293377904377%26set%3Da.249825481711166%26type%3D3&#038;show_text=false&#038;width=500\" width=\"500\" height=\"537\" style=\"border:none;overflow:hidden\" scrolling=\"no\" frameborder=\"0\" allowfullscreen=\"true\" allow=\"autoplay; clipboard-write; encrypted-media; picture-in-picture; web-share\" 0=\"\/iframe\" class=\"iframe-class\"><\/iframe>\n<\/div>\n<div dir=\"auto\"><\/div>\n<\/div>\n<\/div>\n<\/div>\n<\/div>\n<\/div>\n<\/div>\n<p>&nbsp;<\/p>\n<p>&nbsp;<\/p>\n","protected":false},"excerpt":{"rendered":"<p>Rufino Garcia Alvarez\/ Fonte: La Voz d&#8217;Avil\u00e9s \/ semeyes: El Comercio \/ El Coca\u00f1u, un demoniu fechu con ropa vieyo, pelleyos d&#8217;oveya y cuernos de carneru, apurre&#8217;l so gran\u00edn d&#8217;arena na recuperaci\u00f3n del Antroxu tradicional d&#8217;Avil\u00e9s. A principios del sieglu XX, amarutase de demoniu yera una representaci\u00f3n de lo prohib\u00edo y lo tresgresor. El demoniu [&hellip;]<\/p>\n","protected":false},"author":117,"featured_media":0,"comment_status":"open","ping_status":"open","sticky":false,"template":"","format":"standard","meta":{"footnotes":""},"categories":[262],"tags":[],"class_list":["post-43402","post","type-post","status-publish","format-standard","hentry","category-antroxu"],"_links":{"self":[{"href":"https:\/\/edublog.educastur.es\/ixuxu\/wp-json\/wp\/v2\/posts\/43402","targetHints":{"allow":["GET"]}}],"collection":[{"href":"https:\/\/edublog.educastur.es\/ixuxu\/wp-json\/wp\/v2\/posts"}],"about":[{"href":"https:\/\/edublog.educastur.es\/ixuxu\/wp-json\/wp\/v2\/types\/post"}],"author":[{"embeddable":true,"href":"https:\/\/edublog.educastur.es\/ixuxu\/wp-json\/wp\/v2\/users\/117"}],"replies":[{"embeddable":true,"href":"https:\/\/edublog.educastur.es\/ixuxu\/wp-json\/wp\/v2\/comments?post=43402"}],"version-history":[{"count":5,"href":"https:\/\/edublog.educastur.es\/ixuxu\/wp-json\/wp\/v2\/posts\/43402\/revisions"}],"predecessor-version":[{"id":43407,"href":"https:\/\/edublog.educastur.es\/ixuxu\/wp-json\/wp\/v2\/posts\/43402\/revisions\/43407"}],"wp:attachment":[{"href":"https:\/\/edublog.educastur.es\/ixuxu\/wp-json\/wp\/v2\/media?parent=43402"}],"wp:term":[{"taxonomy":"category","embeddable":true,"href":"https:\/\/edublog.educastur.es\/ixuxu\/wp-json\/wp\/v2\/categories?post=43402"},{"taxonomy":"post_tag","embeddable":true,"href":"https:\/\/edublog.educastur.es\/ixuxu\/wp-json\/wp\/v2\/tags?post=43402"}],"curies":[{"name":"wp","href":"https:\/\/api.w.org\/{rel}","templated":true}]}}