{"id":43465,"date":"2025-03-10T16:00:40","date_gmt":"2025-03-10T14:00:40","guid":{"rendered":"https:\/\/edublog.educastur.es\/ixuxu\/?p=43465"},"modified":"2025-03-10T22:20:42","modified_gmt":"2025-03-10T20:20:42","slug":"43465","status":"publish","type":"post","link":"https:\/\/edublog.educastur.es\/ixuxu\/2025\/03\/43465\/","title":{"rendered":"\u00abCapiellina verde\u00bb de Bruno Munari"},"content":{"rendered":"<div class=\"x1c4vz4f x2lah0s xeuugli x1bhewko x1emribx xnqqybz\"><\/div>\n<div class=\"x78zum5 xdt5ytf xz62fqu x16ldp7u\">\n<div class=\"xu06os2 x1ok221b\">\n<div class=\"html-div xdj266r x11i5rnm xat24cr x1mh8g0r xexx8yu x4uap5 x18d9i69 xkhd6sd\" data-ad-rendering-role=\"profile_name\">\n<ul>\n<li class=\"x6prxxf xk50ysn xvq8zen\" dir=\"ltr\"><span class=\"xt0psk2\"><span class=\"xjp7ctv\"><a class=\"x1i10hfl xjbqb8w x1ejq31n xd10rxx x1sy0etr x17r0tee x972fbf xcfux6l x1qhh985 xm0m39n x9f619 x1ypdohk xt0psk2 xe8uvvx xdj266r x11i5rnm xat24cr x1mh8g0r xexx8yu x4uap5 x18d9i69 xkhd6sd x16tdsg8 x1hl2dhg xggy1nq x1a2a7pz xkrqix3 x1sur9pj xzsf02u x1s688f\" role=\"link\" href=\"https:\/\/www.facebook.com\/groups\/227575853931585\/?hoisted_section_header_type=recently_seen&amp;multi_permalinks=9538741456148265&amp;__cft__[0]=AZVE6hGJqWHhXNGvgoT4VtRPMEWGYMBXOE3P66PP6fBUESWqv_-2ff3ZgsOeYMzYf5cFmTzsfxITgtLtP9U1_xEgQUB49y6OBziR-JLKNVNi23_VxfyTCBROVDEaVm34puVaE8xK2HigCEZJcc94IyH8MoqaZo9Ul1IeY4cHq46QwD7vMpiOA3IzXF7YTLzwWaYsH9bJoOuKM5OCDrBY8eVDls1FnztfB-qBAWY_Rk-0EWb_y_xJiyT7gtBUEmVU8D8&amp;__tn__=-UC%2CP-R\" aria-describedby=\"\u00abr12\u00bb\"><span class=\"html-span xdj266r x11i5rnm xat24cr x1mh8g0r xexx8yu x4uap5 x18d9i69 xkhd6sd x1hl2dhg x16tdsg8 x1vvkbs\">QUIERO FALAR N&#8217;ASTURIANU<\/span><\/a><\/span><\/span><span class=\"\"><span class=\"xt0psk2\"><span class=\"xjp7ctv\"><span class=\"x193iq5w xeuugli x13faqbe x1vvkbs x1xmvt09 x1pg5gke x1sibtaa x1s688f xi81zsa\">\/\u00a0<a href=\"https:\/\/improntaeditorial.com\/libros\/capiellina-verde\/?fbclid=IwZXh0bgNhZW0CMTAAAR0f3tpNh6hWaKxU5_iZ9w40NQwE2H4s7mF4KYeEVpq5FmlKl8qYKtAOF0E_aem_wDC6SD__4KoMF6nrEq_zVA\"> Impronta ficha\u00a0 <strong>\u00abCapiellina verde\u00bb <\/strong><\/a>\/ <strong><a class=\"btn\" href=\"https:\/\/improntaeditorial.com\/wp-content\/uploads\/2025\/02\/FICHA-CAPIELLINA-VERDE-2.pdf\" target=\"_blank\" rel=\"noopener\">Ficha del llibru<\/a><\/strong><br \/>\n<\/span><\/span><\/span><\/span><\/li>\n<li dir=\"auto\"><a href=\"https:\/\/improntaeditorial.com\/autores\/bruno-munari\/\">Bruno Munari<\/a>\/ Capiellina Verde \/\u00a0<span class=\"woocommerce-Price-amount amount\">15,00\u00a0<span class=\"woocommerce-Price-currencySymbol\">\u20ac \/ <\/span><\/span><span class=\"sku_wrapper\">ISBN: <span class=\"sku\">979-13-990062-0-9<\/span><\/span> \/ <span class=\"posted_in\"><a href=\"https:\/\/improntaeditorial.com\/categoria-libros\/infantil\/\" rel=\"tag\">Infantil<\/a><\/span> <span class=\"tagged_as\">Etiquetas: <a href=\"https:\/\/improntaeditorial.com\/etiqueta-libros\/albumes-ilustrados\/\" rel=\"tag\">\u00c1lbumes ilustrados<\/a>, <a href=\"https:\/\/improntaeditorial.com\/etiqueta-libros\/cuentos-infantiles\/\" rel=\"tag\">Cuentos infantiles<\/a><\/span><\/li>\n<li dir=\"ltr\"><a href=\"https:\/\/es.wikipedia.org\/wiki\/Bruno_Munari\"><strong>Bruno Munari<\/strong>: wiki<\/a> \/ <a href=\"https:\/\/corraini.com\/it\/cappuccetto-verde.html\">versi\u00f3n italiana<\/a> \/<\/li>\n<\/ul>\n<blockquote><p><em><span style=\"color: #008080\">Un preciosu cantu a la vida en comu\u00f1a cola naturaleza, a la fuercia de l\u2019amist\u00e1, al empoderamientu de les ne\u00f1es, a la perda del mieu\u2026<\/span><\/em><\/p><\/blockquote>\n<\/div>\n<\/div>\n<\/div>\n<div class=\"xqcrz7y x78zum5 x1qx5ct2 x1y1aw1k x1sxyh0 xwib8y2 xurb0ha xw4jnvo\">\n<div style=\"text-align: center\"><a href=\"https:\/\/improntaeditorial.com\/wp-content\/uploads\/2025\/02\/Cubierta_Capiellina_verde-Bruno-Munari-1024x1024.jpg\"><img loading=\"lazy\" decoding=\"async\" class=\"aligncenter \" src=\"https:\/\/improntaeditorial.com\/wp-content\/uploads\/2025\/02\/Cubierta_Capiellina_verde-Bruno-Munari-1024x1024.jpg\" width=\"578\" height=\"578\" \/><\/a><\/div>\n<\/div>\n<div><\/div>\n<div class=\"html-div xdj266r x11i5rnm xat24cr x1mh8g0r xexx8yu x4uap5 x18d9i69 xkhd6sd\" dir=\"auto\">\n<div class=\"html-div xdj266r x11i5rnm xat24cr x1mh8g0r xexx8yu x4uap5 x18d9i69 xkhd6sd\" data-ad-rendering-role=\"story_message\">\n<div id=\"\u00abrp\u00bb\" class=\"x1l90r2v x1iorvi4 x1ye3gou xn6708d\" data-ad-comet-preview=\"message\" data-ad-preview=\"message\">\n<div class=\"x78zum5 xdt5ytf xz62fqu x16ldp7u\">\n<div class=\"xu06os2 x1ok221b\">\n<div class=\"xdj266r x11i5rnm xat24cr x1mh8g0r x1vvkbs x126k92a\">\n<div dir=\"auto\"><\/div>\n<div dir=\"auto\">Publicar a Bruno Munari n&#8217;asturianu yera un enfotu d&#8217;Impronta de cuantay\u00e1, que agora se fai realid\u00e1 gracies al acuerdu acabante roblar col sellu mantuanu Corraini Edizioni, propietariu de los derechos. <strong>Pr\u00e9stanos enforma anunciar l&#8217;apaici\u00f3n del primeru de dos llibros en llingua asturiana del que ye \u00fan de los grandes nomes del dise\u00f1u gr\u00e1ficu, industrial y editorial del sieglu XX.<\/strong><\/div>\n<div dir=\"auto\"><!--more--><\/div>\n<div dir=\"auto\"><\/div>\n<div dir=\"auto\">Nel max\u00edn de Bruno Munari medr\u00f3 un bayurosu llaboratoriu creativu del que xurdieron tami\u00e9n llibros pa la reciella nos que\u2019l xuegu, lo did\u00e1ctico, la invenci\u00f3n y la llibert\u00e1 imaxinativa diben siempre de la mano pa discurrir histories maravioses.<\/div>\n<div dir=\"auto\"><\/div>\n<div dir=\"auto\">\u00bfQu\u00e9 ne\u00f1u o qu\u00e9 ne\u00f1a nun conoz a Capiellina Colorada? Pues agora vais conocer tami\u00e9n a Capiellina Verde. Un preciosu cantu a la vida en comu\u00f1a cola naturaleza, a la fuercia de l\u2019amist\u00e1, al empoderamientu de les ne\u00f1es, a la perda del mieu\u2026<\/div>\n<div dir=\"auto\">Que\u2019l verde seya\u2019l color dominante nesti chocante cuentu nun va chocar a naide na verde Asturies.<\/div>\n<div dir=\"auto\"><span class=\"html-span xdj266r x11i5rnm xat24cr x1mh8g0r xexx8yu x4uap5 x18d9i69 xkhd6sd x1hl2dhg x16tdsg8 x1vvkbs\"><a class=\"x1i10hfl xjbqb8w x1ejq31n xd10rxx x1sy0etr x17r0tee x972fbf xcfux6l x1qhh985 xm0m39n x9f619 x1ypdohk xt0psk2 xe8uvvx xdj266r x11i5rnm xat24cr x1mh8g0r xexx8yu x4uap5 x18d9i69 xkhd6sd x16tdsg8 x1hl2dhg xggy1nq x1a2a7pz xkrqix3 x1sur9pj x1fey0fg x1s688f\" role=\"link\" href=\"https:\/\/improntaeditorial.com\/libros\/capiellina-verde\/?fbclid=IwZXh0bgNhZW0CMTAAAR0f3tpNh6hWaKxU5_iZ9w40NQwE2H4s7mF4KYeEVpq5FmlKl8qYKtAOF0E_aem_wDC6SD__4KoMF6nrEq_zVA\" target=\"_blank\" rel=\"nofollow noopener noreferrer\">https:\/\/improntaeditorial.com\/libros\/capiellina-verde\/<\/a><\/span><\/div>\n<\/div>\n<div dir=\"auto\"><\/div>\n<ul>\n<li dir=\"auto\"><a href=\"https:\/\/improntaeditorial.com\/autores\/bruno-munari\/\">Bruno Munari<\/a>\/ Capiellina Verde \/\u00a0<span class=\"woocommerce-Price-amount amount\">15,00\u00a0<span class=\"woocommerce-Price-currencySymbol\">\u20ac \/ <\/span><\/span><span class=\"sku_wrapper\">ISBN: <span class=\"sku\">979-13-990062-0-9<\/span><\/span> <span class=\"posted_in\">Categor\u00eda: <a href=\"https:\/\/improntaeditorial.com\/categoria-libros\/infantil\/\" rel=\"tag\">Infantil<\/a><\/span> <span class=\"tagged_as\">Etiquetas: <a href=\"https:\/\/improntaeditorial.com\/etiqueta-libros\/albumes-ilustrados\/\" rel=\"tag\">\u00c1lbumes ilustrados<\/a>, <a href=\"https:\/\/improntaeditorial.com\/etiqueta-libros\/cuentos-infantiles\/\" rel=\"tag\">Cuentos infantiles<\/a><\/span>\n<div class=\"elements-order-end\"><\/div>\n<div class=\"woocommerce-tabs wc-tabs-wrapper\">\n<ul class=\"tabs wc-tabs\" role=\"tablist\">\n<li id=\"tab-title-description\" class=\"description_tab active\" role=\"tab\" aria-controls=\"tab-description\"><a href=\"https:\/\/improntaeditorial.com\/libros\/capiellina-verde\/?fbclid=IwZXh0bgNhZW0CMTAAAR0f3tpNh6hWaKxU5_iZ9w40NQwE2H4s7mF4KYeEVpq5FmlKl8qYKtAOF0E_aem_wDC6SD__4KoMF6nrEq_zVA#tab-description\"> Descripci\u00f3n <\/a><\/li>\n<li id=\"tab-title-additional_information\" class=\"additional_information_tab\" role=\"tab\" aria-controls=\"tab-additional_information\"><a href=\"https:\/\/improntaeditorial.com\/libros\/capiellina-verde\/?fbclid=IwZXh0bgNhZW0CMTAAAR0f3tpNh6hWaKxU5_iZ9w40NQwE2H4s7mF4KYeEVpq5FmlKl8qYKtAOF0E_aem_wDC6SD__4KoMF6nrEq_zVA#tab-additional_information\"> Datos <\/a><\/li>\n<\/ul>\n<div id=\"tab-description\" class=\"woocommerce-Tabs-panel woocommerce-Tabs-panel--description panel entry-content wc-tab\" role=\"tabpanel\" aria-labelledby=\"tab-title-description\">\n<p class=\"p1\">\u00bfQu\u00e9 ne\u00f1u o qu\u00e9 ne\u00f1a nun conoz a Capiellina Colorada? Pues agora vais conocer tami\u00e9n a Capiellina Verde, col so estrafalariu capiellu de fueyes verdes, y a les sos collacies les xaronques y a otros amiguinos y amiguines como Zip, el saltapraos, Xosefina, la tortuga o Arbey\u00edn, el caricol. Que\u2019l verde seya\u2019l color dominante nesti chocante cuentu nun va chocar a naide na verde Asturies.<\/p>\n<p class=\"p2\">Un preciosu cantu a la vida en comu\u00f1a cola naturaleza, a la fuercia de l\u2019amist\u00e1, al empoderamientu de les ne\u00f1es, a la perda del mieu\u2026<\/p>\n<p class=\"p3\"><span class=\"s2\"><b>Bruno Munari<\/b><\/span>, l\u2019autor y ilustrador d\u2019esti llibru, fue \u00fan de los grandes nomes del dise\u00f1u gr\u00e1ficu, industrial y editorial del sieglu XX. Nel so max\u00edn medr\u00f3 un bayurosu llaboratoriu creativu del que xurdieron tami\u00e9n llibros pa la reciella nos que\u2019l xuegu, lo did\u00e1ctico, la invenci\u00f3n y la llibert\u00e1 imaxinativa diben siempre de la mano pa discurrir histories maravioses. Esta ye la primer vegada que se publica n\u2019asturianu.<\/p>\n<\/div>\n<\/div>\n<p>&nbsp;<\/li>\n<\/ul>\n<p style=\"text-align: center\">\n<!-- iframe plugin v.6.0 wordpress.org\/plugins\/iframe\/ -->\n<iframe loading=\"lazy\" src=\"https:\/\/www.facebook.com\/plugins\/post.php?href=https%3A%2F%2Fwww.facebook.com%2Fphoto.php%3Ffbid%3D1208872027910347%26set%3Da.502957421835148%26type%3D3&#038;show_text=false&#038;width=500\" width=\"500\" height=\"799\" style=\"border:none;overflow:hidden\" scrolling=\"no\" frameborder=\"0\" allowfullscreen=\"true\" allow=\"autoplay; clipboard-write; encrypted-media; picture-in-picture; web-share\" 0=\"\/iframe\" class=\"iframe-class\"><\/iframe>\n<\/p>\n<p style=\"text-align: center\">\n<!-- iframe plugin v.6.0 wordpress.org\/plugins\/iframe\/ -->\n<iframe loading=\"lazy\" width=\"100%\" height=\"423\" src=\"https:\/\/www.youtube.com\/embed\/TxegvrF6gsI\" title=\"&amp;quot;CAPPUCCETTO VERDE&amp;quot; di Bruno Munari, CORRAINI EDIZIONI\" frameborder=\"0\" allow=\"accelerometer; autoplay; clipboard-write; encrypted-media; gyroscope; picture-in-picture; web-share\" referrerpolicy=\"strict-origin-when-cross-origin\" 0=\"allowfullscreen\" 1=\"\/iframe\" scrolling=\"yes\" class=\"iframe-class\"><\/iframe>\n<\/p>\n<\/div>\n<\/div>\n<\/div>\n<\/div>\n<\/div>\n<p>&nbsp;<\/p>\n","protected":false},"excerpt":{"rendered":"<p>QUIERO FALAR N&#8217;ASTURIANU\/\u00a0 Impronta ficha\u00a0 \u00abCapiellina verde\u00bb \/ Ficha del llibru Bruno Munari\/ Capiellina Verde \/\u00a015,00\u00a0\u20ac \/ ISBN: 979-13-990062-0-9 \/ Infantil Etiquetas: \u00c1lbumes ilustrados, Cuentos infantiles Bruno Munari: wiki \/ versi\u00f3n italiana \/ Un preciosu cantu a la vida en comu\u00f1a cola naturaleza, a la fuercia de l\u2019amist\u00e1, al empoderamientu de les ne\u00f1es, a la [&hellip;]<\/p>\n","protected":false},"author":117,"featured_media":0,"comment_status":"open","ping_status":"open","sticky":false,"template":"","format":"standard","meta":{"footnotes":""},"categories":[89,7],"tags":[],"class_list":["post-43465","post","type-post","status-publish","format-standard","hentry","category-arte","category-cuentos"],"_links":{"self":[{"href":"https:\/\/edublog.educastur.es\/ixuxu\/wp-json\/wp\/v2\/posts\/43465","targetHints":{"allow":["GET"]}}],"collection":[{"href":"https:\/\/edublog.educastur.es\/ixuxu\/wp-json\/wp\/v2\/posts"}],"about":[{"href":"https:\/\/edublog.educastur.es\/ixuxu\/wp-json\/wp\/v2\/types\/post"}],"author":[{"embeddable":true,"href":"https:\/\/edublog.educastur.es\/ixuxu\/wp-json\/wp\/v2\/users\/117"}],"replies":[{"embeddable":true,"href":"https:\/\/edublog.educastur.es\/ixuxu\/wp-json\/wp\/v2\/comments?post=43465"}],"version-history":[{"count":6,"href":"https:\/\/edublog.educastur.es\/ixuxu\/wp-json\/wp\/v2\/posts\/43465\/revisions"}],"predecessor-version":[{"id":43499,"href":"https:\/\/edublog.educastur.es\/ixuxu\/wp-json\/wp\/v2\/posts\/43465\/revisions\/43499"}],"wp:attachment":[{"href":"https:\/\/edublog.educastur.es\/ixuxu\/wp-json\/wp\/v2\/media?parent=43465"}],"wp:term":[{"taxonomy":"category","embeddable":true,"href":"https:\/\/edublog.educastur.es\/ixuxu\/wp-json\/wp\/v2\/categories?post=43465"},{"taxonomy":"post_tag","embeddable":true,"href":"https:\/\/edublog.educastur.es\/ixuxu\/wp-json\/wp\/v2\/tags?post=43465"}],"curies":[{"name":"wp","href":"https:\/\/api.w.org\/{rel}","templated":true}]}}