{"id":43478,"date":"2025-03-10T20:00:07","date_gmt":"2025-03-10T18:00:07","guid":{"rendered":"https:\/\/edublog.educastur.es\/ixuxu\/?p=43478"},"modified":"2025-03-16T12:31:47","modified_gmt":"2025-03-16T10:31:47","slug":"presentamos-el-cartel-del-pitafesta-2025","status":"publish","type":"post","link":"https:\/\/edublog.educastur.es\/ixuxu\/2025\/03\/presentamos-el-cartel-del-pitafesta-2025\/","title":{"rendered":"Presentamos el cartel del PitaFesta 2025 en Bual"},"content":{"rendered":"<p style=\"text-align: center\"><a href=\"https:\/\/pitafesta.org\/wp-content\/uploads\/2024\/12\/2024_Pitafesta_272-2-1536x864.jpg\"><img loading=\"lazy\" decoding=\"async\" class=\"aligncenter \" src=\"https:\/\/pitafesta.org\/wp-content\/uploads\/2024\/12\/2024_Pitafesta_272-2-1536x864.jpg\" width=\"682\" height=\"384\" \/><\/a><\/p>\n<p style=\"text-align: center\"><a href=\"https:\/\/www.instagram.com\/p\/DG6J2i1Mo0A\">VER esta marav\u00eda de cartel<\/a> de\u00a0 <span class=\"x193iq5w xeuugli x1fj9vlw x13faqbe x1vvkbs xt0psk2 x1i0vuye xvs91rp xo1l8bm x5n08af x10wh9bi x1wdrske x8viiok x18hxmgj\"><a class=\"x1i10hfl xjbqb8w x1ejq31n xd10rxx x1sy0etr x17r0tee x972fbf xcfux6l x1qhh985 xm0m39n x9f619 x1ypdohk xt0psk2 xe8uvvx xdj266r x11i5rnm xat24cr x1mh8g0r xexx8yu x4uap5 x18d9i69 xkhd6sd x16tdsg8 x1hl2dhg xggy1nq x1a2a7pz notranslate _a6hd\" role=\"link\" href=\"https:\/\/www.instagram.com\/mimalcriada\/\">@mimalcriada<\/a> <\/span><\/p>\n<div class=\"x5yr21d xw2csxc x1odjw0f x1n2onr6\">\n<div class=\"x9f619 x78zum5 xdt5ytf x5yr21d xexx8yu x1pi30zi x1l90r2v x1swvt13 x10l6tqk xh8yej3\">\n<div class=\"x9f619 xjbqb8w x78zum5 x168nmei x13lgxp2 x5pf9jr xo71vjh xsag5q8 xz9dl7a x1uhb9sk x1plvlek xryxfnj x1c4vz4f x2lah0s x1q0g3np xqjyukv x1qjc9v5 x1oa3qoh x1nhvcw1\">\n<div class=\"x9f619 xjbqb8w x78zum5 x168nmei x13lgxp2 x5pf9jr xo71vjh x1uhb9sk x1plvlek xryxfnj x1iyjqo2 x2lwn1j xeuugli x1q0g3np xqjyukv x1qjc9v5 x1oa3qoh x1nhvcw1\">\n<div class=\"x9f619 xjbqb8w x78zum5 x168nmei x13lgxp2 x5pf9jr xo71vjh x1uhb9sk x1plvlek xryxfnj x1iyjqo2 x2lwn1j xeuugli xdt5ytf xqjyukv x1qjc9v5 x1oa3qoh x1nhvcw1\">\n<div class=\"x9f619 xjbqb8w x78zum5 x168nmei x13lgxp2 x5pf9jr xo71vjh x1uhb9sk x1plvlek xryxfnj x1c4vz4f x2lah0s xdt5ytf xqjyukv x1qjc9v5 x1oa3qoh x1nhvcw1\">\n<div class=\"x9f619 xjbqb8w x78zum5 x168nmei x13lgxp2 x5pf9jr xo71vjh x1uhb9sk x1plvlek xryxfnj x1c4vz4f x2lah0s x1q0g3np xqjyukv x1qjc9v5 x1oa3qoh x1nhvcw1\">\n<p>Esti 8M y tolos d\u00edes , la nuesa reivindicaci\u00f3n ye dende lo rural, dende los nuesos raiga\u00f1os, dende quien sostuvieron la vida ensin ser reconoc\u00edes. <a href=\"https:\/\/pitafesta.org\/\">Ver web<strong> Pita Festa<\/strong><\/a> \/ <a href=\"https:\/\/www.instagram.com\/pitafesta\/\">Instagram<\/a> \/<\/p>\n<p>Por eso, nel cartelu del<strong> PitaFesta<\/strong> el s\u00edmbolu ye nuesa <span style=\"color: #008080\"><strong>\u00c1gueda: met\u00e1 muyer, met\u00e1 pita.<\/strong><\/span> Porque la pita , al igual que munches muyeres rurales, foi invisibiliz\u00e1, inclusive despreciando&#8217;l so valor , a pesar de ser una pilastra fundamental na tierra qu&#8217;habitamos y curiamos.<\/p>\n<p><!--more--><\/p>\n<p>Dende 2016, el PitaFesta axunta una gama d&#8217;artistes musicales, teatrales y visuales que represente la diversid\u00e1 cultural de la ruralid\u00e1 Espa\u00f1ola nel sieglu XXI.<\/p>\n<p>Neg\u00e1monos a que lo esencial siga siendo ignor\u00e1u. Neg\u00e1monos a que la fuerza femenino no rural siga na solombra.\u00a0\u00a1Equ\u00ed tamos, creando, aguantando y tresformando!<\/p>\n<\/div>\n<p><span class=\"x193iq5w xeuugli x1fj9vlw x13faqbe x1vvkbs xt0psk2 x1i0vuye xvs91rp xo1l8bm x5n08af x10wh9bi x1wdrske x8viiok x18hxmgj\">\ud83d\udc9c\u270a\ud83c\udffd<a class=\"x1i10hfl xjbqb8w x1ejq31n xd10rxx x1sy0etr x17r0tee x972fbf xcfux6l x1qhh985 xm0m39n x9f619 x1ypdohk xt0psk2 xe8uvvx xdj266r x11i5rnm xat24cr x1mh8g0r xexx8yu x4uap5 x18d9i69 xkhd6sd x16tdsg8 x1hl2dhg xggy1nq x1a2a7pz _aa9_ _a6hd\" role=\"link\" href=\"https:\/\/www.instagram.com\/explore\/tags\/pitafesta2025\/\">#PitaFesta2025<\/a><a class=\"x1i10hfl xjbqb8w x1ejq31n xd10rxx x1sy0etr x17r0tee x972fbf xcfux6l x1qhh985 xm0m39n x9f619 x1ypdohk xt0psk2 xe8uvvx xdj266r x11i5rnm xat24cr x1mh8g0r xexx8yu x4uap5 x18d9i69 xkhd6sd x16tdsg8 x1hl2dhg xggy1nq x1a2a7pz _aa9_ _a6hd\" role=\"link\" href=\"https:\/\/www.instagram.com\/explore\/tags\/8m\/\">#8M<\/a><a class=\"x1i10hfl xjbqb8w x1ejq31n xd10rxx x1sy0etr x17r0tee x972fbf xcfux6l x1qhh985 xm0m39n x9f619 x1ypdohk xt0psk2 xe8uvvx xdj266r x11i5rnm xat24cr x1mh8g0r xexx8yu x4uap5 x18d9i69 xkhd6sd x16tdsg8 x1hl2dhg xggy1nq x1a2a7pz _aa9_ _a6hd\" role=\"link\" href=\"https:\/\/www.instagram.com\/explore\/tags\/mujeresrurales\/\">#MujeresRurales<\/a><a class=\"x1i10hfl xjbqb8w x1ejq31n xd10rxx x1sy0etr x17r0tee x972fbf xcfux6l x1qhh985 xm0m39n x9f619 x1ypdohk xt0psk2 xe8uvvx xdj266r x11i5rnm xat24cr x1mh8g0r xexx8yu x4uap5 x18d9i69 xkhd6sd x16tdsg8 x1hl2dhg xggy1nq x1a2a7pz _aa9_ _a6hd\" role=\"link\" href=\"https:\/\/www.instagram.com\/explore\/tags\/feminismorural\/\">#feminismorural<\/a><\/span><\/p>\n<\/div>\n<p style=\"text-align: center\"><a href=\"https:\/\/pitafesta.org\/wp-content\/uploads\/2022\/06\/P9050116-1536x1152.jpg\"><img loading=\"lazy\" decoding=\"async\" class=\"aligncenter size-large\" src=\"https:\/\/pitafesta.org\/wp-content\/uploads\/2022\/06\/P9050116-1536x1152.jpg\" width=\"1536\" height=\"1152\" \/><\/a><\/p>\n<\/div>\n<\/div>\n<\/div>\n<\/div>\n<\/div>\n<p>&nbsp;<\/p>\n<p style=\"text-align: center\">\n<!-- iframe plugin v.6.0 wordpress.org\/plugins\/iframe\/ -->\n<iframe loading=\"lazy\" src=\"https:\/\/www.instagram.com\/reel\/DG6J2i1Mo0A\/embed\" width=\"400\" height=\"600\" 0=\"\/iframe\" scrolling=\"yes\" class=\"iframe-class\" frameborder=\"0\"><\/iframe>\n<\/p>\n<p style=\"text-align: center\">\n","protected":false},"excerpt":{"rendered":"<p>VER esta marav\u00eda de cartel de\u00a0 @mimalcriada Esti 8M y tolos d\u00edes , la nuesa reivindicaci\u00f3n ye dende lo rural, dende los nuesos raiga\u00f1os, dende quien sostuvieron la vida ensin ser reconoc\u00edes. Ver web Pita Festa \/ Instagram \/ Por eso, nel cartelu del PitaFesta el s\u00edmbolu ye nuesa \u00c1gueda: met\u00e1 muyer, met\u00e1 pita. Porque [&hellip;]<\/p>\n","protected":false},"author":117,"featured_media":0,"comment_status":"open","ping_status":"open","sticky":false,"template":"","format":"standard","meta":{"footnotes":""},"categories":[204],"tags":[],"class_list":["post-43478","post","type-post","status-publish","format-standard","hentry","category-festivales"],"_links":{"self":[{"href":"https:\/\/edublog.educastur.es\/ixuxu\/wp-json\/wp\/v2\/posts\/43478","targetHints":{"allow":["GET"]}}],"collection":[{"href":"https:\/\/edublog.educastur.es\/ixuxu\/wp-json\/wp\/v2\/posts"}],"about":[{"href":"https:\/\/edublog.educastur.es\/ixuxu\/wp-json\/wp\/v2\/types\/post"}],"author":[{"embeddable":true,"href":"https:\/\/edublog.educastur.es\/ixuxu\/wp-json\/wp\/v2\/users\/117"}],"replies":[{"embeddable":true,"href":"https:\/\/edublog.educastur.es\/ixuxu\/wp-json\/wp\/v2\/comments?post=43478"}],"version-history":[{"count":17,"href":"https:\/\/edublog.educastur.es\/ixuxu\/wp-json\/wp\/v2\/posts\/43478\/revisions"}],"predecessor-version":[{"id":43983,"href":"https:\/\/edublog.educastur.es\/ixuxu\/wp-json\/wp\/v2\/posts\/43478\/revisions\/43983"}],"wp:attachment":[{"href":"https:\/\/edublog.educastur.es\/ixuxu\/wp-json\/wp\/v2\/media?parent=43478"}],"wp:term":[{"taxonomy":"category","embeddable":true,"href":"https:\/\/edublog.educastur.es\/ixuxu\/wp-json\/wp\/v2\/categories?post=43478"},{"taxonomy":"post_tag","embeddable":true,"href":"https:\/\/edublog.educastur.es\/ixuxu\/wp-json\/wp\/v2\/tags?post=43478"}],"curies":[{"name":"wp","href":"https:\/\/api.w.org\/{rel}","templated":true}]}}