{"id":43505,"date":"2025-03-08T12:00:52","date_gmt":"2025-03-08T10:00:52","guid":{"rendered":"https:\/\/edublog.educastur.es\/ixuxu\/?p=43505"},"modified":"2025-03-11T16:53:34","modified_gmt":"2025-03-11T14:53:34","slug":"como-esplicar-el-feminismu-a-nenos-y-nenes","status":"publish","type":"post","link":"https:\/\/edublog.educastur.es\/ixuxu\/2025\/03\/como-esplicar-el-feminismu-a-nenos-y-nenes\/","title":{"rendered":"\u00bfC\u00f3mo esplicar el feminismu y la coeducaci\u00f3n a ne\u00f1os y ne\u00f1es?"},"content":{"rendered":"<div class=\"html-div xdj266r xat24cr x1mh8g0r xexx8yu x4uap5 x18d9i69 xkhd6sd x78zum5 x2lah0s xqtp20y x1emribx\">\n<div class=\"x1vqgdyp x100vrsf\">\n<div class=\"\" style=\"text-align: center\"><a href=\"https:\/\/livolet.com\/wp-content\/uploads\/2023\/01\/significado-feminismo-de-la-igualdad.jpg\"><img loading=\"lazy\" decoding=\"async\" class=\"aligncenter \" src=\"https:\/\/livolet.com\/wp-content\/uploads\/2023\/01\/significado-feminismo-de-la-igualdad.jpg\" width=\"436\" height=\"298\" \/><\/a><\/div>\n<\/div>\n<\/div>\n<div class=\"html-div xdj266r x11i5rnm xat24cr x1mh8g0r xexx8yu x4uap5 x18d9i69 xkhd6sd x1iyjqo2\">\n<div class=\"x78zum5 xdt5ytf xz62fqu x16ldp7u\">\n<div class=\"xu06os2 x1ok221b\">\n<ul>\n<li class=\"html-h3 x11i5rnm xat24cr x1mh8g0r xexx8yu x4uap5 x18d9i69 xkhd6sd x1vvkbs x1heor9g x1qlqyl8 x1pd3egz x1a2a7pz x1gslohp x1yc453h\"><span class=\"xt0psk2\"><span class=\"xjp7ctv\"><a class=\"x1i10hfl xjbqb8w x1ejq31n xd10rxx x1sy0etr x17r0tee x972fbf xcfux6l x1qhh985 xm0m39n x9f619 x1ypdohk xt0psk2 xe8uvvx xdj266r x11i5rnm xat24cr x1mh8g0r xexx8yu x4uap5 x18d9i69 xkhd6sd x16tdsg8 x1hl2dhg xggy1nq x1a2a7pz xkrqix3 x1sur9pj xzsf02u x1s688f\" role=\"link\" href=\"https:\/\/www.facebook.com\/Educaiguales?__cft__[0]=AZVtRohH9jDz-ir9F7ugaeyhZBDJ39N8OpRzRf-XJJdhh7p3zgUnpZ5CbRgG1wjdCC93fX4b3cqt6RySihiQTey_UjS9n0bADzz5rPTeZlRxdhcgVg263qUxQZcIhqdG8lItEoOkQiimQTaxhcVE9vdCV_YUVv19IRMg_rJ1GvfBhPfKYWk4ycLL_y7jVfqgZKo&amp;__tn__=-UC%2CPH-R\" aria-describedby=\"\u00abr2d5\u00bb\"><strong class=\"html-strong xdj266r x11i5rnm xat24cr x1mh8g0r xexx8yu x4uap5 x18d9i69 xkhd6sd x1hl2dhg x16tdsg8 x1vvkbs x1s688f\"><span class=\"html-span xdj266r x11i5rnm xat24cr x1mh8g0r xexx8yu x4uap5 x18d9i69 xkhd6sd x1hl2dhg x16tdsg8 x1vvkbs\">Educaiguales<\/span><\/strong><\/a><\/span><\/span>\/ <a href=\"https:\/\/scontent-mad1-1.xx.fbcdn.net\/v\/t39.30808-6\/274814952_2804454183033058_3728618903799096272_n.jpg?_nc_cat=103&amp;ccb=1-7&amp;_nc_sid=aa7b47&amp;_nc_ohc=udsDf6YQXogQ7kNvgEMvekC&amp;_nc_oc=Adg_7E2mY5uT7a9C1GbXGMpBBA1TnVXi_Hz5SUSb6PYkc0O-yq-A1PTdh9YInIddw0A&amp;_nc_zt=23&amp;_nc_ht=scontent-mad1-1.xx&amp;_nc_gid=Auwohd7CWchuE3igEYy6jTt&amp;oh=00_AYEgMPZfzUBJJ-x6LTDghCCr7NbjTXFGrlvLFf6kRi2IAQ&amp;oe=67D50CDE\"><strong>Dec\u00e1logu pola iguald\u00e1<\/strong><\/a> \/<\/li>\n<\/ul>\n<p style=\"text-align: center\">\n<!-- iframe plugin v.6.0 wordpress.org\/plugins\/iframe\/ -->\n<iframe loading=\"lazy\" src=\"https:\/\/www.facebook.com\/plugins\/video.php?height=476&#038;href=https%3A%2F%2Fwww.facebook.com%2Freel%2F1597033810955867%2F&#038;show_text=false&#038;width=267&#038;t=0\" width=\"267\" height=\"476\" style=\"border:none;overflow:hidden\" scrolling=\"no\" frameborder=\"0\" allowfullscreen=\"true\" allow=\"autoplay; clipboard-write; encrypted-media; picture-in-picture; web-share\" 0=\"\/iframe\" class=\"iframe-class\"><\/iframe>\n<\/p>\n<\/div>\n<div class=\"xu06os2 x1ok221b\"><\/div>\n<\/div>\n<\/div>\n<div class=\"html-div xdj266r x11i5rnm xat24cr x1mh8g0r xexx8yu x4uap5 x18d9i69 xkhd6sd\" dir=\"auto\">\n<div class=\"html-div xdj266r x11i5rnm xat24cr x1mh8g0r xexx8yu x4uap5 x18d9i69 xkhd6sd\" dir=\"auto\">\n<div class=\"html-div xdj266r x11i5rnm xat24cr x1mh8g0r xexx8yu x4uap5 x18d9i69 xkhd6sd\" data-ad-rendering-role=\"story_message\">\n<div class=\"x1l90r2v x1iorvi4 x1ye3gou xn6708d\" data-ad-comet-preview=\"message\" data-ad-preview=\"message\">\n<div class=\"x78zum5 xdt5ytf xz62fqu x16ldp7u\">\n<ul>\n<li class=\"xu06os2 x1ok221b\"><em>\ud83d\udfe3El feminismu<strong> ye una llucha pola iguald\u00e1<\/strong> de los homes y les muyeres, les ne\u00f1es y los ne\u00f1os <\/em><\/li>\n<li class=\"xu06os2 x1ok221b\"><em>\ud83d\udfe3El feminismu <strong>quier qu&#8217;haya m\u00e1s muyeres nos llibros de testu, y que les ne\u00f1es tengan referentes<\/strong> por que apuerten a presidentes, futbolistes o astronautes<\/em><\/li>\n<\/ul>\n<p><!--more--><\/p>\n<ul>\n<li class=\"xu06os2 x1ok221b\"><em>\ud83d\udfe3El feminismu <strong>llucha por que les ne\u00f1es nun piensen que son menos llistes<\/strong> y\u00e1 con seis a\u00f1os, y por que sepan que nun ye importante ser guapa nin tar delgada, y amen el so cuerpu <\/em><\/li>\n<li class=\"xu06os2 x1ok221b\"><em>\ud83d\udfe3El feminismu <strong>llucha por que nun haya xuguetes de ne\u00f1os nin de ne\u00f1es<\/strong>, por que los colores s\u00edan de toos y toes y que cada cual se vista como quiera<\/em><\/li>\n<li class=\"xu06os2 x1ok221b\"><em>\ud83d\udfe3El feminismu<strong> llucha por que padres y madres compartan por igual les xeres<\/strong>: camudar pa\u00f1ales, faer la comida, recoyer nel colegio o llimpiar la cocina <\/em><\/li>\n<li class=\"xu06os2 x1ok221b\"><em>\ud83d\udfe3El femimismu <strong>diz que ne\u00f1os y ne\u00f1es tienen que collaborar por igual nes xeres de casa<\/strong> <\/em><\/li>\n<\/ul>\n<p>&nbsp;<\/p>\n<ul>\n<li class=\"xu06os2 x1ok221b\"><em>\ud83d\udfe3El feminismu <strong>llucha tami\u00e9n porque los ne\u00f1os varones xuegen a lo que quieran<\/strong> y v\u00edstanse con los colores que m\u00e1s-yos gusten y puedan llorar ensin tener que ser los m\u00e1s fuertes o los m\u00e1s valientes siempres.<\/em><\/li>\n<\/ul>\n<p style=\"text-align: center\">\n<!-- iframe plugin v.6.0 wordpress.org\/plugins\/iframe\/ -->\n<iframe loading=\"lazy\" src=\"https:\/\/www.facebook.com\/plugins\/post.php?href=https%3A%2F%2Fwww.facebook.com%2Fphoto.php%3Ffbid%3D309904201126375%26set%3Da.112230317560432%26type%3D3&#038;show_text=false&#038;width=500\" width=\"500\" height=\"670\" style=\"border:none;overflow:hidden\" scrolling=\"no\" frameborder=\"0\" allowfullscreen=\"true\" allow=\"autoplay; clipboard-write; encrypted-media; picture-in-picture; web-share\" 0=\"\/iframe\" class=\"iframe-class\"><\/iframe>\n<\/p>\n<\/div>\n<\/div>\n<\/div>\n<\/div>\n<\/div>\n<p>&nbsp;<\/p>\n","protected":false},"excerpt":{"rendered":"<p>Educaiguales\/ Dec\u00e1logu pola iguald\u00e1 \/ \ud83d\udfe3El feminismu ye una llucha pola iguald\u00e1 de los homes y les muyeres, les ne\u00f1es y los ne\u00f1os \ud83d\udfe3El feminismu quier qu&#8217;haya m\u00e1s muyeres nos llibros de testu, y que les ne\u00f1es tengan referentes por que apuerten a presidentes, futbolistes o astronautes<\/p>\n","protected":false},"author":117,"featured_media":0,"comment_status":"open","ping_status":"open","sticky":false,"template":"","format":"standard","meta":{"footnotes":""},"categories":[137],"tags":[],"class_list":["post-43505","post","type-post","status-publish","format-standard","hentry","category-igualda"],"_links":{"self":[{"href":"https:\/\/edublog.educastur.es\/ixuxu\/wp-json\/wp\/v2\/posts\/43505","targetHints":{"allow":["GET"]}}],"collection":[{"href":"https:\/\/edublog.educastur.es\/ixuxu\/wp-json\/wp\/v2\/posts"}],"about":[{"href":"https:\/\/edublog.educastur.es\/ixuxu\/wp-json\/wp\/v2\/types\/post"}],"author":[{"embeddable":true,"href":"https:\/\/edublog.educastur.es\/ixuxu\/wp-json\/wp\/v2\/users\/117"}],"replies":[{"embeddable":true,"href":"https:\/\/edublog.educastur.es\/ixuxu\/wp-json\/wp\/v2\/comments?post=43505"}],"version-history":[{"count":4,"href":"https:\/\/edublog.educastur.es\/ixuxu\/wp-json\/wp\/v2\/posts\/43505\/revisions"}],"predecessor-version":[{"id":43524,"href":"https:\/\/edublog.educastur.es\/ixuxu\/wp-json\/wp\/v2\/posts\/43505\/revisions\/43524"}],"wp:attachment":[{"href":"https:\/\/edublog.educastur.es\/ixuxu\/wp-json\/wp\/v2\/media?parent=43505"}],"wp:term":[{"taxonomy":"category","embeddable":true,"href":"https:\/\/edublog.educastur.es\/ixuxu\/wp-json\/wp\/v2\/categories?post=43505"},{"taxonomy":"post_tag","embeddable":true,"href":"https:\/\/edublog.educastur.es\/ixuxu\/wp-json\/wp\/v2\/tags?post=43505"}],"curies":[{"name":"wp","href":"https:\/\/api.w.org\/{rel}","templated":true}]}}