{"id":43511,"date":"2025-03-10T19:45:28","date_gmt":"2025-03-10T17:45:28","guid":{"rendered":"https:\/\/edublog.educastur.es\/ixuxu\/?p=43511"},"modified":"2025-03-12T14:59:44","modified_gmt":"2025-03-12T12:59:44","slug":"la-vuelta-ciclista-a-espana-femenina-va-acabar-nasturies","status":"publish","type":"post","link":"https:\/\/edublog.educastur.es\/ixuxu\/2025\/03\/la-vuelta-ciclista-a-espana-femenina-va-acabar-nasturies\/","title":{"rendered":"La Vuelta Ciclista a Espa\u00f1a Femenina va acabar n&#8217;Asturies"},"content":{"rendered":"<p style=\"text-align: center\"><a href=\"https:\/\/actualidad.asturias.es\/documents\/537115\/2426159\/2025_03_10+Vicepresidenta+presentacion+recorrido+Vuelta+25+1.jpg\/13105d1c-e5fe-8e29-a327-b84cdb9c576c?t=1741634734091\"><img loading=\"lazy\" decoding=\"async\" class=\"aligncenter \" src=\"https:\/\/actualidad.asturias.es\/documents\/537115\/2426159\/2025_03_10+Vicepresidenta+presentacion+recorrido+Vuelta+25+1.jpg\/13105d1c-e5fe-8e29-a327-b84cdb9c576c?t=1741634734091\" width=\"495\" height=\"371\" \/><\/a><\/p>\n<p>L&#8217;ascensu al altu de Cotobello, tres 152 kil\u00f3metros de percorr\u00edu, va poner fin a la ronda&#8217;l 10 de mayu. El Gobiernu del Princip\u00e1u patrocina esti eventu dientro de la so estratexa de promoci\u00f3n de la comunid\u00e1, qu&#8217;incl\u00fai una firme apueste pol cicloturismu, un nichu de merc\u00e1u que favorez la desestacionalizaci\u00f3n tur\u00edstica.<\/p>\n<ul>\n<li>Fonte: <a href=\"https:\/\/www.elcomercio.es\/deportes\/deporte-femenino\/vuelta-espana-femenina-acabara-asturias-20250310203320-nt.html\">El Comercio<\/a> \/<a href=\"https:\/\/actualidad.asturias.es\/-\/asturias-acoger%C3%A1-la-etapa-final-de-la-vuelta-a-espa%C3%B1a-femenina-la-m%C3%A1s-monta%C3%B1osa-y-larga-de-esta-edici%C3%B3n?redirect=%2F\"> Actualidad Asturies<\/a> \/<\/li>\n<\/ul>\n<p><!--more--><\/p>\n<p style=\"text-align: center\"><a href=\"https:\/\/www.rtve.es\/play\/videos\/los-deportes-de-la1\/presentacion-recorrido-vuelta-espana-femenina-2025\/16485170\/\">https:\/\/www.rtve.es\/play\/videos\/los-deportes-de-la1\/presentacion-recorrido-vuelta-espana-femenina-2025\/16485170\/<\/a><\/p>\n<p>Esta tarde en Barcelona foi la presentaci\u00f3n d&#8217;esta ronda ciclista, un escaparate escepcional para promocionar Asturies pol so ampliu impactu nacional ya internacional. El Princip\u00e1u, am\u00e1s, asiti\u00f3&#8217;l cicloturismu como uno de los sos productos estrat\u00e9xicos baxo la marca<strong> Ciclismu por Naturaleza.<\/strong><\/p>\n<p>La etapa decisiva d&#8217;esta edici\u00f3n va xunir la localid\u00e1 lleonesa de La Robla col altu de Cotobello, n&#8217;Ayer, a 1.195 metros d&#8217;altit\u00fa.<strong> Con 152 kil\u00f3metros, va ser la m\u00e1s llarga y montascosa de la ronda ciclista<\/strong>, al incluyir un doble paso entemediu pola Colladona, de 840 metros d&#8217;altit\u00fa, que va dexar endurecer el percorr\u00edu antes del ascensu final.<\/p>\n<p>Al marxe de los puertos de monte, la caravana <strong>va travesar los conceyos de L.lena, Ayer, Llaviana, Samart\u00edn del Rei Aurelio y Mieres.<\/strong><\/p>\n<p style=\"text-align: center\"><a href=\"https:\/\/s3.ppllstatics.com\/elcomercio\/www\/multimedia\/2025\/03\/10\/prsentacion.jpg\"><img loading=\"lazy\" decoding=\"async\" class=\"aligncenter size-large\" src=\"https:\/\/s3.ppllstatics.com\/elcomercio\/www\/multimedia\/2025\/03\/10\/prsentacion.jpg\" width=\"1920\" height=\"1440\" \/><\/a><\/p>\n","protected":false},"excerpt":{"rendered":"<p>L&#8217;ascensu al altu de Cotobello, tres 152 kil\u00f3metros de percorr\u00edu, va poner fin a la ronda&#8217;l 10 de mayu. El Gobiernu del Princip\u00e1u patrocina esti eventu dientro de la so estratexa de promoci\u00f3n de la comunid\u00e1, qu&#8217;incl\u00fai una firme apueste pol cicloturismu, un nichu de merc\u00e1u que favorez la desestacionalizaci\u00f3n tur\u00edstica. Fonte: El Comercio \/ [&hellip;]<\/p>\n","protected":false},"author":117,"featured_media":0,"comment_status":"open","ping_status":"open","sticky":false,"template":"","format":"standard","meta":{"footnotes":""},"categories":[133],"tags":[],"class_list":["post-43511","post","type-post","status-publish","format-standard","hentry","category-deportes"],"_links":{"self":[{"href":"https:\/\/edublog.educastur.es\/ixuxu\/wp-json\/wp\/v2\/posts\/43511","targetHints":{"allow":["GET"]}}],"collection":[{"href":"https:\/\/edublog.educastur.es\/ixuxu\/wp-json\/wp\/v2\/posts"}],"about":[{"href":"https:\/\/edublog.educastur.es\/ixuxu\/wp-json\/wp\/v2\/types\/post"}],"author":[{"embeddable":true,"href":"https:\/\/edublog.educastur.es\/ixuxu\/wp-json\/wp\/v2\/users\/117"}],"replies":[{"embeddable":true,"href":"https:\/\/edublog.educastur.es\/ixuxu\/wp-json\/wp\/v2\/comments?post=43511"}],"version-history":[{"count":4,"href":"https:\/\/edublog.educastur.es\/ixuxu\/wp-json\/wp\/v2\/posts\/43511\/revisions"}],"predecessor-version":[{"id":43601,"href":"https:\/\/edublog.educastur.es\/ixuxu\/wp-json\/wp\/v2\/posts\/43511\/revisions\/43601"}],"wp:attachment":[{"href":"https:\/\/edublog.educastur.es\/ixuxu\/wp-json\/wp\/v2\/media?parent=43511"}],"wp:term":[{"taxonomy":"category","embeddable":true,"href":"https:\/\/edublog.educastur.es\/ixuxu\/wp-json\/wp\/v2\/categories?post=43511"},{"taxonomy":"post_tag","embeddable":true,"href":"https:\/\/edublog.educastur.es\/ixuxu\/wp-json\/wp\/v2\/tags?post=43511"}],"curies":[{"name":"wp","href":"https:\/\/api.w.org\/{rel}","templated":true}]}}