{"id":43597,"date":"2025-03-12T14:56:08","date_gmt":"2025-03-12T12:56:08","guid":{"rendered":"https:\/\/edublog.educastur.es\/ixuxu\/?p=43597"},"modified":"2025-03-12T15:05:31","modified_gmt":"2025-03-12T13:05:31","slug":"versos-dasturies-la-tercer-edicion-dun-poemariu-que-sigue-enamorando","status":"publish","type":"post","link":"https:\/\/edublog.educastur.es\/ixuxu\/2025\/03\/versos-dasturies-la-tercer-edicion-dun-poemariu-que-sigue-enamorando\/","title":{"rendered":"\u00abVersos d\u2019Asturies\u00bb: la tercer edici\u00f3n d\u2019un poemariu que sigue enamorando."},"content":{"rendered":"<div class=\"html-div xdj266r x11i5rnm xat24cr x1mh8g0r xexx8yu x4uap5 x18d9i69 xkhd6sd\">\n<div class=\"html-div xdj266r x11i5rnm x1mh8g0r x18d9i69 x1cy8zhl x78zum5 x1q0g3np xod5an3 xz9dl7a x1ye3gou xn6708d\">\n<div class=\"html-div xdj266r x11i5rnm xat24cr x1mh8g0r xexx8yu x4uap5 x18d9i69 xkhd6sd x1iyjqo2\">\n<div class=\"x78zum5 xdt5ytf xz62fqu x16ldp7u\">\n<div class=\"xu06os2 x1ok221b\">\n<div class=\"html-div xdj266r x11i5rnm xat24cr x1mh8g0r xexx8yu x4uap5 x18d9i69 xkhd6sd\" data-ad-rendering-role=\"profile_name\">\n<ul>\n<li id=\"\u00abrvk\u00bb\" class=\"html-h4 x11i5rnm xat24cr x1mh8g0r xexx8yu x4uap5 x18d9i69 xkhd6sd x1vvkbs x1heor9g x1qlqyl8 x1pd3egz x1a2a7pz x1gslohp x1yc453h\"><span class=\"xt0psk2\"><a class=\"x1i10hfl xjbqb8w x1ejq31n xd10rxx x1sy0etr x17r0tee x972fbf xcfux6l x1qhh985 xm0m39n x9f619 x1ypdohk xt0psk2 xe8uvvx xdj266r x11i5rnm xat24cr x1mh8g0r xexx8yu x4uap5 x18d9i69 xkhd6sd x16tdsg8 x1hl2dhg xggy1nq x1a2a7pz xkrqix3 x1sur9pj xzsf02u x1s688f\" role=\"link\" href=\"https:\/\/www.facebook.com\/PintarPintarEditorial?__cft__[0]=AZXQ_C7wpagU2bLndMbdVUB-osu8xJunbcmj_I7nNpqJwxqOikrOzSJjKE5sGq2YYXXKEoCgOAkHbAlJiAX_rexBNiNQO1CHqRBZnbHuKw3PSH8fL-rJKWakkhRMmdi6SCr4agqoJrfns966kSmyN8UYvS7NWPRsFVl7HvMGQOaorwUUiz-bM2XYPAAnLURHKvnqPA3PYv_LsmD4pBAASN_IwHhecifVHJGDLLS-ytjpngTrVGJvDlRFC54OMV0g72E&amp;__tn__=-UC%2CP-R\" aria-describedby=\"\u00abr13p\u00bb\"><strong class=\"html-strong xdj266r x11i5rnm xat24cr x1mh8g0r xexx8yu x4uap5 x18d9i69 xkhd6sd x1hl2dhg x16tdsg8 x1vvkbs x1s688f\"><span class=\"html-span xdj266r x11i5rnm xat24cr x1mh8g0r xexx8yu x4uap5 x18d9i69 xkhd6sd x1hl2dhg x16tdsg8 x1vvkbs\">Pintar-Pintar Editorial<\/span><\/strong><\/a><\/span>\/ <a href=\"https:\/\/pintarpintareditorial.blog\/...\/versos-dasturies...\/\">ficha editorial<\/a> \/ <a href=\"https:\/\/www.facebook.com\/search\/top\/?q=pintar-pintar%20editorial\">Facebook<\/a><\/li>\n<\/ul>\n<p style=\"text-align: center\"><a href=\"https:\/\/pintarpintareditorial.blog\/wp-content\/uploads\/2025\/03\/img_1262.jpg?w=1024\"><img loading=\"lazy\" decoding=\"async\" class=\"aligncenter \" src=\"https:\/\/pintarpintareditorial.blog\/wp-content\/uploads\/2025\/03\/img_1262.jpg?w=1024\" width=\"527\" height=\"395\" \/><\/a><\/p>\n<\/div>\n<\/div>\n<div class=\"xu06os2 x1ok221b\"><\/div>\n<\/div>\n<\/div>\n<div class=\"xqcrz7y x78zum5 x1qx5ct2 x1y1aw1k x1sxyh0 xwib8y2 xurb0ha xw4jnvo\">\n<div class=\"x1ey2m1c xds687c x17qophe xg01cxk x47corl x10l6tqk x13vifvy x1ebt8du x19991ni x1dhq9h xzolkzo x12go9s9 x1rnf11y xprq8jg\" style=\"text-align: center\" role=\"none\" data-visualcompletion=\"ignore\"><\/div>\n<\/div>\n<\/div>\n<\/div>\n<div class=\"html-div xdj266r x11i5rnm xat24cr x1mh8g0r xexx8yu x4uap5 x18d9i69 xkhd6sd\">\n<div class=\"html-div xdj266r x11i5rnm xat24cr x1mh8g0r xexx8yu x4uap5 x18d9i69 xkhd6sd\" dir=\"auto\">\n<div class=\"html-div xdj266r x11i5rnm xat24cr x1mh8g0r xexx8yu x4uap5 x18d9i69 xkhd6sd\" data-ad-rendering-role=\"story_message\">\n<div id=\"\u00abrvm\u00bb\" class=\"x1l90r2v x1iorvi4 x1ye3gou xn6708d\" data-ad-comet-preview=\"message\" data-ad-preview=\"message\">\n<div class=\"x78zum5 xdt5ytf xz62fqu x16ldp7u\">\n<div class=\"xu06os2 x1ok221b\">\n<div class=\"xdj266r x11i5rnm xat24cr x1mh8g0r x1vvkbs x126k92a\">\n<div dir=\"auto\">El poemariu infantil <strong>\u00abVersos d\u2019Asturies\u00bb<\/strong>, escritu por Daniel Garc\u00eda Granda y ilustr\u00e1u por Ilemi Cuesta Mier, torna a les llibrer\u00edes con una tercer edici\u00f3n en llingua asturiana. Un regresu afayadizu que confirma la bona acoyida d\u2019esta obra ente los llectores, asina como l\u2019inter\u00e9s creciente pola lliteratura infantil n\u2019asturianu.<\/div>\n<\/div>\n<div dir=\"auto\"><!--more--><\/div>\n<div dir=\"auto\">La llegada d\u2019esta tercer edici\u00f3n nun ye nam\u00e1s un \u201ctrunfu\u201d personal pa Daniel y Ilemi, sin\u00f3n tami\u00e9n un llogru importante pa la editorial Pintar-Pintar y pa toles persones qu\u2019apuesten pola creaci\u00f3n lliteraria n\u2019asturianu.\u00a0 \u00abVer qu\u2019un llibru infantil n\u2019asturianu llega a una tercer edici\u00f3n ye un motivu d\u2019allegr\u00eda y d\u2019esperanza\u00bb, afirma l\u2019autor.<\/div>\n<div dir=\"auto\"><\/div>\n<div dir=\"auto\" style=\"text-align: center\"><a href=\"https:\/\/pintarpintareditorial.blog\/wp-content\/uploads\/2025\/03\/3demayo2018_norena2.jpg?w=1024\"><img loading=\"lazy\" decoding=\"async\" class=\"aligncenter \" src=\"https:\/\/pintarpintareditorial.blog\/wp-content\/uploads\/2025\/03\/3demayo2018_norena2.jpg?w=1024\" width=\"577\" height=\"433\" \/><\/a><\/div>\n<div dir=\"auto\"><\/div>\n<div dir=\"auto\">Daniel Garc\u00eda Granda, que s\u2019estren\u00f3 na lliteratura infantil con esti t\u00edtulu, reflexa nel so trabayu la conex\u00f3n natural ente la po\u00e9tica y la musicalid\u00e1 del asturianu.\u00a0 \u00abLa poes\u00eda, como la m\u00fasica, ye un xuegu de ritmos y cadencies, y na infancia depr\u00e9ndese d\u2019una manera natural\u00bb, se\u00f1ala l\u2019autor, que recuerda como los primeros poemes nacieron como un entretenimientu compart\u00edu cola so f\u00eda. Dende ent\u00f3s,\u00a0\u00a0<a href=\"https:\/\/www.pintar-pintar.com\/p11485747-versos-dasturies-3-edicion.html\" target=\"_blank\" rel=\"noreferrer noopener\">\u00abVersos d\u2019Asturies\u00bb<\/a>\u00a0nun dex\u00f3 de medrar, convirti\u00e9ndose nun referente na lliteratura infantil n\u2019asturianu.<\/div>\n<div dir=\"auto\">\n<ul class=\"wp-block-list\">\n<li><a href=\"https:\/\/www.pinterest.es\/pintarpintar\/versos-dasturies-versos-de-asturias\/\" target=\"_blank\" rel=\"noreferrer noopener\">Galer\u00eda de fotos<\/a><\/li>\n<li><a href=\"https:\/\/www.pintar-pintar.com\/p11485747-versos-dasturies-3-edicion.html\" target=\"_blank\" rel=\"noreferrer noopener\">Primeres p\u00e1xines<\/a><\/li>\n<li><a href=\"https:\/\/pintarpintareditorial.blog\/wp-content\/uploads\/2025\/03\/dosierversosasturies.pdf\" target=\"_blank\" rel=\"noreferrer noopener\">Dosier de prensa .pdf<\/a><\/li>\n<li><a href=\"https:\/\/pintarpintareditorial.blog\/wp-content\/uploads\/2025\/03\/actividaes.pdf\" target=\"_blank\" rel=\"noreferrer noopener\">Propuesta d\u2019actividaes<\/a><\/li>\n<li><a href=\"https:\/\/www.pintar-pintar.com\/p2006201-versos-de-asturias.html\">Edici\u00f3n en castell\u00e1n<\/a><\/li>\n<\/ul>\n<\/div>\n<div class=\"x11i5rnm xat24cr x1mh8g0r x1vvkbs xtlvy1s x126k92a\">\n<ul>\n<li dir=\"auto\"><span class=\"html-span xdj266r x11i5rnm xat24cr x1mh8g0r xexx8yu x4uap5 x18d9i69 xkhd6sd x1hl2dhg x16tdsg8 x1vvkbs\"><a class=\"x1i10hfl xjbqb8w x1ejq31n xd10rxx x1sy0etr x17r0tee x972fbf xcfux6l x1qhh985 xm0m39n x9f619 x1ypdohk xt0psk2 xe8uvvx xdj266r x11i5rnm xat24cr x1mh8g0r xexx8yu x4uap5 x18d9i69 xkhd6sd x16tdsg8 x1hl2dhg xggy1nq x1a2a7pz xkrqix3 x1sur9pj x1fey0fg x1s688f\" role=\"link\" href=\"https:\/\/pintarpintareditorial.blog\/2025\/03\/05\/versos-dasturies-tercer-edicion\/?fbclid=IwZXh0bgNhZW0CMTAAAR3U7YnenG4hPtAKwWAJjifNkE_7vm4nSiBN-C9xKwrspJOO22p3lRPoCJI_aem_64Ra2aBNrFXEc5w7xdXfxg\" target=\"_blank\" rel=\"nofollow noopener\">https:\/\/pintarpintareditorial.blog\/&#8230;\/versos-dasturies&#8230;\/<\/a><\/span><\/li>\n<\/ul>\n<p style=\"text-align: center\"><a href=\"https:\/\/pintarpintareditorial.blog\/wp-content\/uploads\/2025\/03\/cubierta-asturiano-2025.jpg\"><img loading=\"lazy\" decoding=\"async\" class=\"aligncenter \" src=\"https:\/\/pintarpintareditorial.blog\/wp-content\/uploads\/2025\/03\/cubierta-asturiano-2025.jpg\" width=\"630\" height=\"382\" \/><\/a><\/p>\n<\/div>\n<div class=\"x11i5rnm xat24cr x1mh8g0r x1vvkbs xtlvy1s x126k92a\">\n<ul>\n<li dir=\"auto\"><span class=\"html-span xdj266r x11i5rnm xat24cr x1mh8g0r xexx8yu x4uap5 x18d9i69 xkhd6sd x1hl2dhg x16tdsg8 x1vvkbs\"><a class=\"x1i10hfl xjbqb8w x1ejq31n xd10rxx x1sy0etr x17r0tee x972fbf xcfux6l x1qhh985 xm0m39n x9f619 x1ypdohk xt0psk2 xe8uvvx xdj266r x11i5rnm xat24cr x1mh8g0r xexx8yu x4uap5 x18d9i69 xkhd6sd x16tdsg8 x1hl2dhg xggy1nq x1a2a7pz xkrqix3 x1sur9pj x1fey0fg x1s688f\" role=\"link\" href=\"https:\/\/www.facebook.com\/hashtag\/llinguaasturiana?__eep__=6&amp;__cft__[0]=AZXQ_C7wpagU2bLndMbdVUB-osu8xJunbcmj_I7nNpqJwxqOikrOzSJjKE5sGq2YYXXKEoCgOAkHbAlJiAX_rexBNiNQO1CHqRBZnbHuKw3PSH8fL-rJKWakkhRMmdi6SCr4agqoJrfns966kSmyN8UYvS7NWPRsFVl7HvMGQOaorwUUiz-bM2XYPAAnLURHKvnqPA3PYv_LsmD4pBAASN_IwHhecifVHJGDLLS-ytjpngTrVGJvDlRFC54OMV0g72E&amp;__tn__=*NK-R\">#LlinguaAsturiana<\/a><\/span> <span class=\"html-span xdj266r x11i5rnm xat24cr x1mh8g0r xexx8yu x4uap5 x18d9i69 xkhd6sd x1hl2dhg x16tdsg8 x1vvkbs\"><a class=\"x1i10hfl xjbqb8w x1ejq31n xd10rxx x1sy0etr x17r0tee x972fbf xcfux6l x1qhh985 xm0m39n x9f619 x1ypdohk xt0psk2 xe8uvvx xdj266r x11i5rnm xat24cr x1mh8g0r xexx8yu x4uap5 x18d9i69 xkhd6sd x16tdsg8 x1hl2dhg xggy1nq x1a2a7pz xkrqix3 x1sur9pj x1fey0fg x1s688f\" role=\"link\" href=\"https:\/\/www.facebook.com\/hashtag\/lliteraturaasturiana?__eep__=6&amp;__cft__[0]=AZXQ_C7wpagU2bLndMbdVUB-osu8xJunbcmj_I7nNpqJwxqOikrOzSJjKE5sGq2YYXXKEoCgOAkHbAlJiAX_rexBNiNQO1CHqRBZnbHuKw3PSH8fL-rJKWakkhRMmdi6SCr4agqoJrfns966kSmyN8UYvS7NWPRsFVl7HvMGQOaorwUUiz-bM2XYPAAnLURHKvnqPA3PYv_LsmD4pBAASN_IwHhecifVHJGDLLS-ytjpngTrVGJvDlRFC54OMV0g72E&amp;__tn__=*NK-R\">#LliteraturaAsturiana<\/a><\/span> <span class=\"html-span xdj266r x11i5rnm xat24cr x1mh8g0r xexx8yu x4uap5 x18d9i69 xkhd6sd x1hl2dhg x16tdsg8 x1vvkbs\"><a class=\"x1i10hfl xjbqb8w x1ejq31n xd10rxx x1sy0etr x17r0tee x972fbf xcfux6l x1qhh985 xm0m39n x9f619 x1ypdohk xt0psk2 xe8uvvx xdj266r x11i5rnm xat24cr x1mh8g0r xexx8yu x4uap5 x18d9i69 xkhd6sd x16tdsg8 x1hl2dhg xggy1nq x1a2a7pz xkrqix3 x1sur9pj x1fey0fg x1s688f\" role=\"link\" href=\"https:\/\/www.facebook.com\/hashtag\/fomentandolallectura?__eep__=6&amp;__cft__[0]=AZXQ_C7wpagU2bLndMbdVUB-osu8xJunbcmj_I7nNpqJwxqOikrOzSJjKE5sGq2YYXXKEoCgOAkHbAlJiAX_rexBNiNQO1CHqRBZnbHuKw3PSH8fL-rJKWakkhRMmdi6SCr4agqoJrfns966kSmyN8UYvS7NWPRsFVl7HvMGQOaorwUUiz-bM2XYPAAnLURHKvnqPA3PYv_LsmD4pBAASN_IwHhecifVHJGDLLS-ytjpngTrVGJvDlRFC54OMV0g72E&amp;__tn__=*NK-R\">#FomentandoLaLlectura<\/a><\/span> <span class=\"html-span xdj266r x11i5rnm xat24cr x1mh8g0r xexx8yu x4uap5 x18d9i69 xkhd6sd x1hl2dhg x16tdsg8 x1vvkbs\"><a class=\"x1i10hfl xjbqb8w x1ejq31n xd10rxx x1sy0etr x17r0tee x972fbf xcfux6l x1qhh985 xm0m39n x9f619 x1ypdohk xt0psk2 xe8uvvx xdj266r x11i5rnm xat24cr x1mh8g0r xexx8yu x4uap5 x18d9i69 xkhd6sd x16tdsg8 x1hl2dhg xggy1nq x1a2a7pz xkrqix3 x1sur9pj x1fey0fg x1s688f\" role=\"link\" href=\"https:\/\/www.facebook.com\/hashtag\/versosdasturies?__eep__=6&amp;__cft__[0]=AZXQ_C7wpagU2bLndMbdVUB-osu8xJunbcmj_I7nNpqJwxqOikrOzSJjKE5sGq2YYXXKEoCgOAkHbAlJiAX_rexBNiNQO1CHqRBZnbHuKw3PSH8fL-rJKWakkhRMmdi6SCr4agqoJrfns966kSmyN8UYvS7NWPRsFVl7HvMGQOaorwUUiz-bM2XYPAAnLURHKvnqPA3PYv_LsmD4pBAASN_IwHhecifVHJGDLLS-ytjpngTrVGJvDlRFC54OMV0g72E&amp;__tn__=*NK-R\">#VersosDAsturies<\/a><\/span><\/li>\n<\/ul>\n<\/div>\n<\/div>\n<\/div>\n<\/div>\n<\/div>\n<\/div>\n<\/div>\n<p>&nbsp;<\/p>\n","protected":false},"excerpt":{"rendered":"<p>Pintar-Pintar Editorial\/ ficha editorial \/ Facebook El poemariu infantil \u00abVersos d\u2019Asturies\u00bb, escritu por Daniel Garc\u00eda Granda y ilustr\u00e1u por Ilemi Cuesta Mier, torna a les llibrer\u00edes con una tercer edici\u00f3n en llingua asturiana. Un regresu afayadizu que confirma la bona acoyida d\u2019esta obra ente los llectores, asina como l\u2019inter\u00e9s creciente pola lliteratura infantil n\u2019asturianu.<\/p>\n","protected":false},"author":117,"featured_media":0,"comment_status":"open","ping_status":"open","sticky":false,"template":"","format":"standard","meta":{"footnotes":""},"categories":[10,40,39],"tags":[],"class_list":["post-43597","post","type-post","status-publish","format-standard","hentry","category-llibros-reciella","category-pintar-pintar","category-poesia"],"_links":{"self":[{"href":"https:\/\/edublog.educastur.es\/ixuxu\/wp-json\/wp\/v2\/posts\/43597","targetHints":{"allow":["GET"]}}],"collection":[{"href":"https:\/\/edublog.educastur.es\/ixuxu\/wp-json\/wp\/v2\/posts"}],"about":[{"href":"https:\/\/edublog.educastur.es\/ixuxu\/wp-json\/wp\/v2\/types\/post"}],"author":[{"embeddable":true,"href":"https:\/\/edublog.educastur.es\/ixuxu\/wp-json\/wp\/v2\/users\/117"}],"replies":[{"embeddable":true,"href":"https:\/\/edublog.educastur.es\/ixuxu\/wp-json\/wp\/v2\/comments?post=43597"}],"version-history":[{"count":4,"href":"https:\/\/edublog.educastur.es\/ixuxu\/wp-json\/wp\/v2\/posts\/43597\/revisions"}],"predecessor-version":[{"id":43602,"href":"https:\/\/edublog.educastur.es\/ixuxu\/wp-json\/wp\/v2\/posts\/43597\/revisions\/43602"}],"wp:attachment":[{"href":"https:\/\/edublog.educastur.es\/ixuxu\/wp-json\/wp\/v2\/media?parent=43597"}],"wp:term":[{"taxonomy":"category","embeddable":true,"href":"https:\/\/edublog.educastur.es\/ixuxu\/wp-json\/wp\/v2\/categories?post=43597"},{"taxonomy":"post_tag","embeddable":true,"href":"https:\/\/edublog.educastur.es\/ixuxu\/wp-json\/wp\/v2\/tags?post=43597"}],"curies":[{"name":"wp","href":"https:\/\/api.w.org\/{rel}","templated":true}]}}