{"id":4362,"date":"2021-03-02T10:00:05","date_gmt":"2021-03-02T08:00:05","guid":{"rendered":"https:\/\/edublog.educastur.es\/ixuxu\/?p=4362"},"modified":"2021-03-20T00:20:48","modified_gmt":"2021-03-19T22:20:48","slug":"trampa-selectiva-para-laviespa-asiatica","status":"publish","type":"post","link":"https:\/\/edublog.educastur.es\/ixuxu\/2021\/03\/trampa-selectiva-para-laviespa-asiatica\/","title":{"rendered":"Trampa selectiva para l&#8217;aviespa asi\u00e1tica"},"content":{"rendered":"<div class=\"dati1w0a hv4rvrfc osnr6wyh\">\n<div class=\"btwxx1t3 j83agx80 cwj9ozl2\">\n<div class=\"j83agx80 cbu4d94t ew0dbk1b irj2b8pg\">\n<div class=\"qzhwtbm6 knvmm38d\">\n<div class=\"nc684nl6\" style=\"text-align: center\"><a class=\"oajrlxb2 g5ia77u1 qu0x051f esr5mh6w e9989ue4 r7d6kgcz rq0escxv nhd2j8a9 nc684nl6 p7hjln8o kvgmc6g5 cxmmr5t8 oygrvhab hcukyx3x jb3vyjys rz4wbd8a qt6c0cv9 a8nywdso i1ao9s8h esuyzwwr f1sip0of lzcic4wl oo9gr5id gpro0wi8 lrazzd5p\" role=\"link\" href=\"https:\/\/www.facebook.com\/Red-Natural-de-Asturias-108001447401034\/?__cft__[0]=AZWRGb3T_-qOxZseOBjb_10sSegfhsUJ3J2P2AvH6DVwBrjEIoFFDVC6o21eMEmv7S7TcOPZcH2JdNeQbaCYPBK1lFLckMX7HDb2gbb6EhFF4tXeiyPf3A77egW-ZAQcz7yNorT7drP2taRuDyzwPDJzvmUNDr9672WI0ORe3QCWrA&amp;__tn__=-UC%2CP-y-R\"><strong>Fonte: Red Natural de Asturias.<\/strong><\/a><\/div>\n<\/div>\n<div><\/div>\n<div class=\"qzhwtbm6 knvmm38d\"><span class=\"d2edcug0 hpfvmrgz qv66sw1b c1et5uql rrkovp55 a8c37x1j keod5gw0 nxhoafnm aigsh9s9 d9wwppkn fe6kdd0r mau55g9w c8b282yb mdeji52x e9vueds3 j5wam9gi knj5qynh m9osqain hzawbc8m\" dir=\"auto\"><span class=\"tojvnm2t a6sixzi8 abs2jz4q a8s20v7p t1p8iaqh k5wvi7nf q3lfd5jv pk4s997a bipmatt0 cebpdrjk qowsmv63 owwhemhu dp1hu0rb dhp61c6y iyyx5f41\" style=\"color: #ffffff\"><a class=\"oajrlxb2 g5ia77u1 qu0x051f esr5mh6w e9989ue4 r7d6kgcz rq0escxv nhd2j8a9 nc684nl6 p7hjln8o kvgmc6g5 cxmmr5t8 oygrvhab hcukyx3x jb3vyjys rz4wbd8a qt6c0cv9 a8nywdso i1ao9s8h esuyzwwr f1sip0of lzcic4wl gmql0nx0 gpro0wi8 b1v8xokw\" style=\"color: #ffffff\" role=\"link\" href=\"https:\/\/www.facebook.com\/permalink.php?story_fbid=273843200816857&amp;id=108001447401034&amp;__cft__[0]=AZWRGb3T_-qOxZseOBjb_10sSegfhsUJ3J2P2AvH6DVwBrjEIoFFDVC6o21eMEmv7S7TcOPZcH2JdNeQbaCYPBK1lFLckMX7HDb2gbb6EhFF4tXeiyPf3A77egW-ZAQcz7yNorT7drP2taRuDyzwPDJzvmUNDr9672WI0ORe3QCWrA&amp;__tn__=%2CO%2CP-y-R\" aria-label=\"11 de marzo a las 08:28\"><span class=\"j1lvzwm4 stjgntxs ni8dbmo4 q9uorilb gpro0wi8\"><span class=\"b6zbclly myohyog2 l9j0dhe7 aenfhxwr l94mrbxd ihxqhq3m nc684nl6 t5a262vz sdhka5h4\">11\u00a0lde\u00a0mtarSozfo\u00a0npfmao\u00a0iglaons\u00a00uhun8dsmto:sr2sochem8dio<\/span><\/span><\/a><\/span><span class=\"jpp8pzdo\"><span class=\"rfua0xdk pmk7jnqg stjgntxs ni8dbmo4 ay7djpcl q45zohi1\" style=\"color: #ffffff\">\u00a0<\/span><span aria-hidden=\"true\"><span style=\"color: #ffffff\"> \u00b7<\/span> <\/span><\/span><i class=\"hu5pjgll m6k467ps sp_fZAv_ykWwzD sx_ac351a\" aria-label=\"Compartido con: P\u00fablico\"><\/i><\/span><\/div>\n<div style=\"text-align: center\"><a href=\"https:\/\/imgbox.es\/images\/2021\/03\/19\/trampa2e9b53c89eab5b800.jpg\"><img loading=\"lazy\" decoding=\"async\" class=\"alignnone\" src=\"https:\/\/imgbox.es\/images\/2021\/03\/19\/trampa2e9b53c89eab5b800.jpg\" alt=\"\" width=\"481\" height=\"579\" \/><\/a><\/div>\n<\/div>\n<\/div>\n<\/div>\n<div class=\"\" dir=\"auto\">\n<div class=\"\" dir=\"auto\">\n<div class=\"ecm0bbzt hv4rvrfc ihqw7lf3 dati1w0a\" data-ad-comet-preview=\"message\" data-ad-preview=\"message\">\n<div class=\"j83agx80 cbu4d94t ew0dbk1b irj2b8pg\">\n<div class=\"qzhwtbm6 knvmm38d\">\n<div class=\"kvgmc6g5 cxmmr5t8 oygrvhab hcukyx3x c1et5uql ii04i59q\"><\/div>\n<div class=\"o9v6fnle cxmmr5t8 oygrvhab hcukyx3x c1et5uql ii04i59q\">\n<div dir=\"auto\"><\/div>\n<div dir=\"auto\">El Gobiernu del Princip\u00e1u d&#8217;Asturies y l&#8217;Uniovi (P\u00e1xina oficial de la Universid\u00e1 d&#8217;Uvi\u00e9u) desenvuelven una trampa selectiva para l&#8217;aviespa asi\u00e1tica por aciu impresi\u00f3n 3D. Tr\u00e1tase d&#8217;un sistema eficaz, que llinda la entrada d&#8217;otros insectos, y que la so distribuci\u00f3n va ser gratuita. Entom\u00f3logos, bi\u00f3logos, inxenieros y especialistes en dise\u00f1u participaron nel desenvolvimientu del prototipu. El Princip\u00e1u va empecipiar la pr\u00f3xima selmana la campa\u00f1a a\u00f1al de llucha contra esta especia invasora cola repartida de 3.000 dispositivos comerciales.<span class=\"pq6dq46d tbxw36s4 knj5qynh kvgmc6g5 ditlmg2l oygrvhab nvdbi5me sf5mxxl7 gl3lb2sf hhz5lgdu\"> <img loading=\"lazy\" decoding=\"async\" src=\"https:\/\/static.xx.fbcdn.net\/images\/emoji.php\/v9\/t5d\/1\/16\/1f4f7.png\" alt=\"?\" width=\"16\" height=\"16\" \/><\/span> @medialab_uniovi<\/div>\n<\/div>\n<\/div>\n<div class=\"qzhwtbm6 knvmm38d\">\n<div dir=\"auto\" style=\"text-align: center\">\n<p><!--more--><\/p>\n<p><img loading=\"lazy\" decoding=\"async\" class=\"alignnone \" src=\"https:\/\/www.avisap.es\/img\/logo.svg\" width=\"279\" height=\"128\" \/><\/p>\n<\/div>\n<div class=\"o9v6fnle cxmmr5t8 oygrvhab hcukyx3x c1et5uql ii04i59q\">\n<ul>\n<li style=\"text-align: center\"><a href=\"https:\/\/www.avisap.es\/home\">https:\/\/www.avisap.es\/home<\/a><\/li>\n<li style=\"text-align: center\"><a href=\"https:\/\/www.avisap.es\/la-velutina\">Info Aviespa velutina<\/a><\/li>\n<\/ul>\n<p style=\"text-align: center\"><a href=\"https:\/\/www.avisap.es\/img\/info\/ciclo-biologico.jpg\"><img loading=\"lazy\" decoding=\"async\" class=\"alignnone\" src=\"https:\/\/www.avisap.es\/img\/info\/ciclo-biologico.jpg\" alt=\"\" width=\"1024\" height=\"1242\" \/><\/a><\/p>\n<\/div>\n<\/div>\n<\/div>\n<\/div>\n<\/div>\n<\/div>\n","protected":false},"excerpt":{"rendered":"<p>Fonte: Red Natural de Asturias. 11\u00a0lde\u00a0mtarSozfo\u00a0npfmao\u00a0iglaons\u00a00uhun8dsmto:sr2sochem8dio\u00a0 \u00b7 El Gobiernu del Princip\u00e1u d&#8217;Asturies y l&#8217;Uniovi (P\u00e1xina oficial de la Universid\u00e1 d&#8217;Uvi\u00e9u) desenvuelven una trampa selectiva para l&#8217;aviespa asi\u00e1tica por aciu impresi\u00f3n 3D. Tr\u00e1tase d&#8217;un sistema eficaz, que llinda la entrada d&#8217;otros insectos, y que la so distribuci\u00f3n va ser gratuita. Entom\u00f3logos, bi\u00f3logos, inxenieros y especialistes en [&hellip;]<\/p>\n","protected":false},"author":117,"featured_media":0,"comment_status":"open","ping_status":"open","sticky":false,"template":"","format":"standard","meta":{"footnotes":""},"categories":[19,4],"tags":[],"class_list":["post-4362","post","type-post","status-publish","format-standard","hentry","category-asturies","category-natura"],"_links":{"self":[{"href":"https:\/\/edublog.educastur.es\/ixuxu\/wp-json\/wp\/v2\/posts\/4362","targetHints":{"allow":["GET"]}}],"collection":[{"href":"https:\/\/edublog.educastur.es\/ixuxu\/wp-json\/wp\/v2\/posts"}],"about":[{"href":"https:\/\/edublog.educastur.es\/ixuxu\/wp-json\/wp\/v2\/types\/post"}],"author":[{"embeddable":true,"href":"https:\/\/edublog.educastur.es\/ixuxu\/wp-json\/wp\/v2\/users\/117"}],"replies":[{"embeddable":true,"href":"https:\/\/edublog.educastur.es\/ixuxu\/wp-json\/wp\/v2\/comments?post=4362"}],"version-history":[{"count":4,"href":"https:\/\/edublog.educastur.es\/ixuxu\/wp-json\/wp\/v2\/posts\/4362\/revisions"}],"predecessor-version":[{"id":4364,"href":"https:\/\/edublog.educastur.es\/ixuxu\/wp-json\/wp\/v2\/posts\/4362\/revisions\/4364"}],"wp:attachment":[{"href":"https:\/\/edublog.educastur.es\/ixuxu\/wp-json\/wp\/v2\/media?parent=4362"}],"wp:term":[{"taxonomy":"category","embeddable":true,"href":"https:\/\/edublog.educastur.es\/ixuxu\/wp-json\/wp\/v2\/categories?post=4362"},{"taxonomy":"post_tag","embeddable":true,"href":"https:\/\/edublog.educastur.es\/ixuxu\/wp-json\/wp\/v2\/tags?post=4362"}],"curies":[{"name":"wp","href":"https:\/\/api.w.org\/{rel}","templated":true}]}}