{"id":43659,"date":"2025-03-13T16:00:23","date_gmt":"2025-03-13T14:00:23","guid":{"rendered":"https:\/\/edublog.educastur.es\/ixuxu\/?p=43659"},"modified":"2025-03-13T18:25:05","modified_gmt":"2025-03-13T16:25:05","slug":"america-del-sur-apaez-nel-cordal-de-los-andes","status":"publish","type":"post","link":"https:\/\/edublog.educastur.es\/ixuxu\/2025\/03\/america-del-sur-apaez-nel-cordal-de-los-andes\/","title":{"rendered":"Am\u00e9rica del Sur, nel Cordal de los Andes."},"content":{"rendered":"<ul>\n<li><a href=\"https:\/\/scontent-mad2-1.xx.fbcdn.net\/v\/t39.30808-6\/484179024_1171433057700765_1721104448285907391_n.jpg?stp=dst-jpg_s600x600_tt6&amp;_nc_cat=111&amp;ccb=1-7&amp;_nc_sid=833d8c&amp;_nc_ohc=2c4XWA-fhSIQ7kNvgFR4wVl&amp;_nc_oc=Adgnq0fPqBvwTS_H6FVIAIKcTEJzAWbmIHZtoA5Tw120GM6tPzUdfbC-RwI1-Qjz5d0&amp;_nc_zt=23&amp;_nc_ht=scontent-mad2-1.xx&amp;_nc_gid=A83L9If2EZ-fFtbZ_WTufLN&amp;oh=00_AYHTBSEhjrB_iwvCQQM1rDyVZa_8IEg67X8YSdacbJhd6A&amp;oe=67D8654A\">Am\u00e9rica del Sur apaez nel Cordal de los Andes.<\/a> Neng\u00fan otru continente ye comparable&#8230;<\/li>\n<\/ul>\n<p style=\"text-align: center\">\n<!-- iframe plugin v.6.0 wordpress.org\/plugins\/iframe\/ -->\n<iframe loading=\"lazy\" src=\"https:\/\/www.facebook.com\/plugins\/post.php?href=https%3A%2F%2Fwww.facebook.com%2FViaaaajaar%2Fposts%2Fpfbid01JzzHsusYJ742v1ZVrPiyAimGdrsmUrQAGMXqDq9EXnnEPv9VSXoAKsMgcBitHLNl&#038;show_text=false&#038;width=500\" width=\"500\" height=\"439\" style=\"border:none;overflow:hidden\" scrolling=\"no\" frameborder=\"0\" allowfullscreen=\"true\" allow=\"autoplay; clipboard-write; encrypted-media; picture-in-picture; web-share\" 0=\"\/iframe\" class=\"iframe-class\"><\/iframe>\n<\/p>\n<ul>\n<li><strong>Cordal de los Andes<\/strong>:<a href=\"https:\/\/es.wikipedia.org\/wiki\/Cordillera_de_los_Andes\"> wiki<\/a>\/<\/li>\n<\/ul>\n<p><!--more--><\/p>\n<p style=\"text-align: center\"><a href=\"https:\/\/upload.wikimedia.org\/wikipedia\/commons\/thumb\/9\/9b\/Andes.png\/800px-Andes.png\"><img loading=\"lazy\" decoding=\"async\" class=\"aligncenter size-large\" src=\"https:\/\/upload.wikimedia.org\/wikipedia\/commons\/thumb\/9\/9b\/Andes.png\/800px-Andes.png\" width=\"800\" height=\"862\" \/><\/a><\/p>\n<p>El cordal de los Andes ocupa la zona occidental d&#8217;Am\u00e9rica del Sur, bordiando tola so mari\u00f1a nel oc\u00e9anu Pac\u00edficu. Tien unu llargor de 8500 kil\u00f3metros, polo que ye&#8217;l<strong> cordal continental m\u00e1s llarga de la Tierra<\/strong>.\u200b Naz nel estremu sur, en Tierra del Fueu, travesando de sur a norte los territorios d&#8217;Arxentina, Chile, Bolivia, Per\u00fa, Ecuador, Colombia y l&#8217;occidente de Venezuela.<\/p>\n<p><a href=\"https:\/\/concepto.de\/wp-content\/uploads\/2023\/01\/cordillera-de-los-andes-mapa-ubicacion.jpg\"><img loading=\"lazy\" decoding=\"async\" class=\"aligncenter\" src=\"https:\/\/concepto.de\/wp-content\/uploads\/2023\/01\/cordillera-de-los-andes-mapa-ubicacion.jpg\" alt=\"\" width=\"573\" height=\"1442\" \/><\/a><\/p>\n<p style=\"text-align: center\"><a href=\"https:\/\/upload.wikimedia.org\/wikipedia\/commons\/thumb\/b\/b8\/Cordillera_Blanca-NASA.jpg\/320px-Cordillera_Blanca-NASA.jpg\"><img loading=\"lazy\" decoding=\"async\" class=\"aligncenter size-large\" src=\"https:\/\/upload.wikimedia.org\/wikipedia\/commons\/thumb\/b\/b8\/Cordillera_Blanca-NASA.jpg\/320px-Cordillera_Blanca-NASA.jpg\" width=\"320\" height=\"939\" \/><\/a><\/p>\n<p style=\"text-align: center\">\n<!-- iframe plugin v.6.0 wordpress.org\/plugins\/iframe\/ -->\n<iframe loading=\"lazy\" width=\"100%\" height=\"387\" src=\"https:\/\/www.youtube.com\/embed\/Kv4DjMPfOqU\" title=\"Cordillera de los Andes - 5 datos\" frameborder=\"0\" allow=\"accelerometer; autoplay; clipboard-write; encrypted-media; gyroscope; picture-in-picture; web-share\" referrerpolicy=\"strict-origin-when-cross-origin\" 0=\"allowfullscreen\" 1=\"\/iframe\" scrolling=\"yes\" class=\"iframe-class\"><\/iframe>\n<\/p>\n","protected":false},"excerpt":{"rendered":"<p>Am\u00e9rica del Sur apaez nel Cordal de los Andes. Neng\u00fan otru continente ye comparable&#8230; Cordal de los Andes: wiki\/<\/p>\n","protected":false},"author":117,"featured_media":0,"comment_status":"open","ping_status":"open","sticky":false,"template":"","format":"standard","meta":{"footnotes":""},"categories":[1],"tags":[],"class_list":["post-43659","post","type-post","status-publish","format-standard","hentry","category-sin-categoria"],"_links":{"self":[{"href":"https:\/\/edublog.educastur.es\/ixuxu\/wp-json\/wp\/v2\/posts\/43659","targetHints":{"allow":["GET"]}}],"collection":[{"href":"https:\/\/edublog.educastur.es\/ixuxu\/wp-json\/wp\/v2\/posts"}],"about":[{"href":"https:\/\/edublog.educastur.es\/ixuxu\/wp-json\/wp\/v2\/types\/post"}],"author":[{"embeddable":true,"href":"https:\/\/edublog.educastur.es\/ixuxu\/wp-json\/wp\/v2\/users\/117"}],"replies":[{"embeddable":true,"href":"https:\/\/edublog.educastur.es\/ixuxu\/wp-json\/wp\/v2\/comments?post=43659"}],"version-history":[{"count":8,"href":"https:\/\/edublog.educastur.es\/ixuxu\/wp-json\/wp\/v2\/posts\/43659\/revisions"}],"predecessor-version":[{"id":43708,"href":"https:\/\/edublog.educastur.es\/ixuxu\/wp-json\/wp\/v2\/posts\/43659\/revisions\/43708"}],"wp:attachment":[{"href":"https:\/\/edublog.educastur.es\/ixuxu\/wp-json\/wp\/v2\/media?parent=43659"}],"wp:term":[{"taxonomy":"category","embeddable":true,"href":"https:\/\/edublog.educastur.es\/ixuxu\/wp-json\/wp\/v2\/categories?post=43659"},{"taxonomy":"post_tag","embeddable":true,"href":"https:\/\/edublog.educastur.es\/ixuxu\/wp-json\/wp\/v2\/tags?post=43659"}],"curies":[{"name":"wp","href":"https:\/\/api.w.org\/{rel}","templated":true}]}}