{"id":4367,"date":"2021-03-01T10:00:43","date_gmt":"2021-03-01T08:00:43","guid":{"rendered":"https:\/\/edublog.educastur.es\/ixuxu\/?p=4367"},"modified":"2021-03-20T00:33:15","modified_gmt":"2021-03-19T22:33:15","slug":"10-intereses-sobro-la-semeya-la-nena-afgana","status":"publish","type":"post","link":"https:\/\/edublog.educastur.es\/ixuxu\/2021\/03\/10-intereses-sobro-la-semeya-la-nena-afgana\/","title":{"rendered":"10 intereses sobro la semeya \u00abLa ne\u00f1a afgana\u00bb"},"content":{"rendered":"<p style=\"text-align: center\"><span style=\"color: #008080;font-size: 20px\">\u00a0\u00abLa ne\u00f1a afgana\u00bb Semeya de Steve McCurry. <\/span><\/p>\n<p style=\"text-align: center\"><a href=\"https:\/\/www.nationalgeographic.com.es\/medio\/2016\/07\/27\/antes-despues-sharbat-gula_d2e70711.jpg\"><img loading=\"lazy\" decoding=\"async\" class=\"alignnone\" src=\"https:\/\/www.nationalgeographic.com.es\/medio\/2016\/07\/27\/antes-despues-sharbat-gula_d2e70711.jpg\" alt=\"\" width=\"1000\" height=\"726\" \/><\/a><\/p>\n<p>&nbsp;<\/p>\n<p>Te cuntamos dellos datos interesaos d&#8217;una portada m\u00edtica que tuvo a puntu de nun asoceder .<a href=\"https:\/\/www.nationalgeographic.com.es\/mundo-ng\/grandes-reportajes\/6-curiosidades-sobre-la-foto-la-nina-afgana-de-steve-mccurry_10173?utm_source=facebook&amp;utm_medium=social&amp;utm_campaign=trafico&amp;fbclid=IwAR0ZFD6Nvw-grjbufUiyVtJ60pKuFoVZorzPomZFn3cuvJc6Y0sAaThVm14\"> Fonte: National G. 10\/03\/2021<\/a><\/p>\n<p><!--more--><\/p>\n<p><strong>L&#8217;alternativa. <\/strong>Esta pudo ser la portada orixinal. Siquier, yera la escoyida primeramente pol editor gr\u00e1ficu, pero un volantazo d&#8217;\u00faltima hora del director de la revista provoc\u00f3 que la imaxe que pasara a la hestoria fora la que toos conocemos. La ne\u00f1a foi retratada por McCurry cuando ten\u00eda 12 a\u00f1os, en xunu de 1984 nel campu de refuxaos de Nasir Bagh, mientres la guerra d&#8217;Afganist\u00e1n.<\/p>\n<p style=\"text-align: center\"><a href=\"https:\/\/www.nationalgeographic.com.es\/medio\/2016\/03\/01\/la-alternativa_9d40e20f.jpg\"><img loading=\"lazy\" decoding=\"async\" class=\"alignnone\" src=\"https:\/\/www.nationalgeographic.com.es\/medio\/2016\/03\/01\/la-alternativa_9d40e20f.jpg\" alt=\"\" width=\"800\" height=\"507\" \/><\/a><\/p>\n<p><strong>Detenci\u00f3n en Pakist\u00e1n en 2016.\u00a0 <\/strong>El 19 d&#8217;ochobre de 2016 Sharbat Gula, la ne\u00f1a afgana famosa por protagonizar una de les portaes m\u00e1s conoc\u00edes de National Geographic en 1985, foi detenida en Pakist\u00e1n por posesi\u00f3n illegal d&#8217;un documentu d&#8217;identid\u00e1 d&#8217;esi pa\u00eds, onde vive nun campu de refuxaos.<\/p>\n<p><strong>El OK del FBI.<\/strong> La identid\u00e1 de la ne\u00f1a afgana foi confirmada al 100% por inspectores forenses del FBI por aciu una tecnolox\u00eda piquera de reconocencia facial y la comparanza de los iris de dambes fotograf\u00edes.<\/p>\n<p><strong>Zona en guerra.<\/strong> La ne\u00f1a, de tan solo dolce a\u00f1os, foi retratada por McCurry en xunu de 1984 nel campu de refuxaos de Nasir Bagh, mientres la guerra d&#8217;Afganist\u00e1n.<\/p>\n<p style=\"text-align: center\"><a href=\"https:\/\/www.nationalgeographic.com.es\/medio\/2014\/10\/23\/grafiti_de_la_nina_afgana.JPG\"><img loading=\"lazy\" decoding=\"async\" class=\"alignnone\" src=\"https:\/\/www.nationalgeographic.com.es\/medio\/2014\/10\/23\/grafiti_de_la_nina_afgana.JPG\" alt=\"\" width=\"1024\" height=\"768\" \/><\/a><\/p>\n<p><strong>Una imaxe que dio la vuelta al mundu. <\/strong>La semeya convirti\u00f3se nun tou s\u00edmbolu de la cr\u00edtica situaci\u00f3n de los refuxaos y v\u00edctimes de los conflictos armaos. Esti graffitti foi pint\u00e1u na localid\u00e1 vizcaina de Gernika. CCO Zarateman.<\/p>\n<p><strong>McCurry revel\u00f3 l&#8217;\u00faltimu rollu de Kodachrome 64, la m\u00edtica pel\u00edcula surdida na d\u00e9cada de 1930.<\/strong> Mc Curry foi&#8217;l fot\u00f3grafu que revel\u00f3 l&#8217;\u00faltimu carrete d&#8217;esta m\u00edtica pel\u00edcula. Para realizar la fotograf\u00eda de la ne\u00f1a afgana, am\u00e1s de pel\u00edcula Kodachrome 64, McCurry empleg\u00f3 una c\u00e1mara Nikon FM2 y unes lentes Nikkor 105mm Ai-S F2.5<\/p>\n<p><strong>Sharbat Gula, dos d\u00e9cades dempu\u00e9s. <\/strong>National Geographic cre\u00f3 un fondu d&#8217;ayuda para moces afganes llam\u00e1u Afghan Girls Fund. El realcuentru foi, de nuevu, portada de la revista y dio pie a un documental para televisi\u00f3n y un DVD. Am\u00e1s, cre\u00f3se una fundaci\u00f3n non codalosa de sofitu a les muyeres afganes qu&#8217;en 2008 ampli\u00f3 l&#8217;ayuda a los sos f\u00edos.<\/p>\n<p><strong>El realcuentru. <\/strong>17 a\u00f1os dempu\u00e9s, National Geographic financi\u00f3 una nueva espedici\u00f3n col oxetivu del realcuentru de McCurry cola ne\u00f1a. Gracies a ese realcuentro, el fot\u00f3grafu supo&#8217;l nome de la ne\u00f1a y l&#8217;ed\u00e1 que ten\u00eda. La nueva abelugada pudo ver per primer vegada la so semeya. National Geographic public\u00f3 un art\u00edculu con tolos detalles de la espedici\u00f3n.<\/p>\n<p><strong>Una mirada cargada de misteriu.\u00a0 <\/strong>El fot\u00f3grafu recuerda la so rocea: aquel home yera un desconoc\u00edu, y nunca la fotografiaren. El campu de refuxaos en Pakist\u00e1n yera un llaberintu ca\u00f3ticu de tiendes de campa\u00f1a. Nel interior d&#8217;una d&#8217;elles, la de la escuela, aquella ne\u00f1a foi lo primeru que llam\u00f3 la\u00a0 so atenci\u00f3n. Al percibir la so cobardura, encetaron n&#8217;\u00faltimu llugar. Ella aport\u00f3 a posar.<\/p>\n<p><strong>L&#8217;antes y el dempu\u00e9s de Sharbat Gula. <\/strong>En 2002 ten\u00eda 30 a\u00f1os d&#8217;ed\u00e1 y tr\u00e9s f\u00edos. Poco dempu\u00e9s de la primer fotograf\u00eda cas\u00e1rase col so actual home y tornara a una aldega d&#8217;Afganist\u00e1n (la primer fotograf\u00eda foi realizada nun campu de refuxaos de Pakist\u00e1n). Nel centru de la imaxe vemos la portada que protagoniz\u00f3 na versi\u00f3n espa\u00f1ola n&#8217;abril de 2002: <a href=\"https:\/\/www.nationalgeographic.com.es\/mundo-ng\/grandes-reportajes\/la-muchacha-afgana-una-vida-desvelada-2_1037\"><span style=\"color: #008080\"><strong>\u00abYe ella. La hestoria de la rapaza afgana 17 a\u00f1os dempu\u00e9s\u00bb.<\/strong><\/span><\/a><\/p>\n<p>&nbsp;<\/p>\n<p>&nbsp;<\/p>\n","protected":false},"excerpt":{"rendered":"<p>\u00a0\u00abLa ne\u00f1a afgana\u00bb Semeya de Steve McCurry. &nbsp; Te cuntamos dellos datos interesaos d&#8217;una portada m\u00edtica que tuvo a puntu de nun asoceder . Fonte: National G. 10\/03\/2021<\/p>\n","protected":false},"author":117,"featured_media":0,"comment_status":"open","ping_status":"open","sticky":false,"template":"","format":"standard","meta":{"footnotes":""},"categories":[25,17],"tags":[],"class_list":["post-4367","post","type-post","status-publish","format-standard","hentry","category-curiosidaes","category-semeyes"],"_links":{"self":[{"href":"https:\/\/edublog.educastur.es\/ixuxu\/wp-json\/wp\/v2\/posts\/4367","targetHints":{"allow":["GET"]}}],"collection":[{"href":"https:\/\/edublog.educastur.es\/ixuxu\/wp-json\/wp\/v2\/posts"}],"about":[{"href":"https:\/\/edublog.educastur.es\/ixuxu\/wp-json\/wp\/v2\/types\/post"}],"author":[{"embeddable":true,"href":"https:\/\/edublog.educastur.es\/ixuxu\/wp-json\/wp\/v2\/users\/117"}],"replies":[{"embeddable":true,"href":"https:\/\/edublog.educastur.es\/ixuxu\/wp-json\/wp\/v2\/comments?post=4367"}],"version-history":[{"count":4,"href":"https:\/\/edublog.educastur.es\/ixuxu\/wp-json\/wp\/v2\/posts\/4367\/revisions"}],"predecessor-version":[{"id":4369,"href":"https:\/\/edublog.educastur.es\/ixuxu\/wp-json\/wp\/v2\/posts\/4367\/revisions\/4369"}],"wp:attachment":[{"href":"https:\/\/edublog.educastur.es\/ixuxu\/wp-json\/wp\/v2\/media?parent=4367"}],"wp:term":[{"taxonomy":"category","embeddable":true,"href":"https:\/\/edublog.educastur.es\/ixuxu\/wp-json\/wp\/v2\/categories?post=4367"},{"taxonomy":"post_tag","embeddable":true,"href":"https:\/\/edublog.educastur.es\/ixuxu\/wp-json\/wp\/v2\/tags?post=4367"}],"curies":[{"name":"wp","href":"https:\/\/api.w.org\/{rel}","templated":true}]}}