{"id":43673,"date":"2025-03-13T17:48:37","date_gmt":"2025-03-13T15:48:37","guid":{"rendered":"https:\/\/edublog.educastur.es\/ixuxu\/?p=43673"},"modified":"2025-03-13T19:20:33","modified_gmt":"2025-03-13T17:20:33","slug":"iniciatives-culturales-notables","status":"publish","type":"post","link":"https:\/\/edublog.educastur.es\/ixuxu\/2025\/03\/iniciatives-culturales-notables\/","title":{"rendered":"\u00abIniciatives culturales notables\u00bb"},"content":{"rendered":"<div class=\"xdj266r x11i5rnm xat24cr x1mh8g0r x1vvkbs x126k92a\">\n<div dir=\"auto\"><\/div>\n<\/div>\n<div class=\"x11i5rnm xat24cr x1mh8g0r x1vvkbs xtlvy1s x126k92a\">\n<div dir=\"auto\" style=\"text-align: center\"><span style=\"text-decoration: underline\"><span style=\"color: #008080;text-decoration: underline\">L\u2019APRECEDERU: INICIATIVES CULTURALES NOTABLES<\/span><\/span><\/div>\n<div dir=\"auto\" style=\"text-align: center\"><a href=\"https:\/\/asturiascapitalmundialdelapoesia.com\/wp-content\/uploads\/2020\/02\/logo-acmp.png\"><img loading=\"lazy\" decoding=\"async\" class=\"aligncenter size-large\" src=\"https:\/\/asturiascapitalmundialdelapoesia.com\/wp-content\/uploads\/2020\/02\/logo-acmp.png\" width=\"174\" height=\"118\" \/><\/a><\/div>\n<div dir=\"auto\"><\/div>\n<\/div>\n<div dir=\"auto\"><\/div>\n<div dir=\"auto\" style=\"text-align: center\">\n<!-- iframe plugin v.6.0 wordpress.org\/plugins\/iframe\/ -->\n<iframe loading=\"lazy\" src=\"https:\/\/www.facebook.com\/plugins\/post.php?href=https%3A%2F%2Fwww.facebook.com%2Fxuanxose%2Fposts%2Fpfbid02eGMhBT5e8Z1UPMq4bcw5cYt9AhzqEMLCVxdXaM9pzqxA8SXweCosDMbuQuP5Mr5ul&#038;show_text=false&#038;width=500\" width=\"500\" height=\"281\" style=\"border:none;overflow:hidden\" scrolling=\"no\" frameborder=\"0\" allowfullscreen=\"true\" allow=\"autoplay; clipboard-write; encrypted-media; picture-in-picture; web-share\" 0=\"\/iframe\" class=\"iframe-class\"><\/iframe>\n<\/div>\n<div dir=\"auto\"><\/div>\n<div dir=\"auto\"><\/div>\n<div class=\"x11i5rnm xat24cr x1mh8g0r x1vvkbs xtlvy1s x126k92a\">\n<div dir=\"auto\" style=\"text-align: left\"><em>En 2019 arranc\u00f3 <span style=\"text-decoration: underline\"><strong><span style=\"color: #008080;text-decoration: underline\">Asturias Capital Mundial de la Poes\u00eda<\/span><\/strong><\/span>, sofit\u00e1ndose na llamada de Naciones Xun\u00edes pa celebrar el 21 de marzu como<span style=\"color: #008080\"><strong> D\u00eda Mundial de la Poes\u00eda<\/strong><\/span>. La iniciativa afal\u00f3la perespecialmente l\u2019ayeranu Graciano Garc\u00eda Garc\u00eda, al qu\u2019Asturies-y debe\u2019l desendolcu d\u2019otros entamos bultables, como\u2019l de la Fundaci\u00f3n Pr\u00edncipe d\u2019Asturies y los sos Premios.\u00a0<\/em>\u00a0<a href=\"https:\/\/asturiascapitalmundialdelapoesia.com\"><span style=\"color: #008080\"><strong>Web CMP<\/strong><\/span><\/a><\/div>\n<div dir=\"auto\"><\/div>\n<div dir=\"auto\" style=\"text-align: left\"><em>Dende esa fecha, la iniciativa po\u00e9tica vien sumando apoyos continuos y relevantes, y faciendo cada a\u00f1u actuaciones imaxinatives y atractives. Esti a\u00f1u, pa celebrar el <strong>D\u00eda Mundial de la Poes\u00eda<\/strong>, que va tener actos en munches llocalidaes asturianes, hai una noved\u00e1 llamativa, los pilotos d\u2019Iberia van recitar, al aterrizar na nuestra patria, dalgunos versos. Adem\u00e1s, cam\u00fadase l\u2019eslogan, que va rezar asina: \u201cAsturias ama la poes\u00eda\u201d. Llamatiblemente, una moscona, Victoria Juv\u00edn, sopelexa la iniciativa en Brunswick.<\/em><\/div>\n<div dir=\"auto\"><\/div>\n<div dir=\"auto\" style=\"text-align: center\"><em>Ayeri, nel peri\u00f3dicu La Nueva Espa\u00f1a<\/em><\/div>\n<\/div>\n","protected":false},"excerpt":{"rendered":"<p>L\u2019APRECEDERU: INICIATIVES CULTURALES NOTABLES En 2019 arranc\u00f3 Asturias Capital Mundial de la Poes\u00eda, sofit\u00e1ndose na llamada de Naciones Xun\u00edes pa celebrar el 21 de marzu como D\u00eda Mundial de la Poes\u00eda. La iniciativa afal\u00f3la perespecialmente l\u2019ayeranu Graciano Garc\u00eda Garc\u00eda, al qu\u2019Asturies-y debe\u2019l desendolcu d\u2019otros entamos bultables, como\u2019l de la Fundaci\u00f3n Pr\u00edncipe d\u2019Asturies y los sos [&hellip;]<\/p>\n","protected":false},"author":117,"featured_media":0,"comment_status":"open","ping_status":"open","sticky":false,"template":"","format":"standard","meta":{"footnotes":""},"categories":[409],"tags":[],"class_list":["post-43673","post","type-post","status-publish","format-standard","hentry","category-asturies-capital-mundial-de-la-poesia"],"_links":{"self":[{"href":"https:\/\/edublog.educastur.es\/ixuxu\/wp-json\/wp\/v2\/posts\/43673","targetHints":{"allow":["GET"]}}],"collection":[{"href":"https:\/\/edublog.educastur.es\/ixuxu\/wp-json\/wp\/v2\/posts"}],"about":[{"href":"https:\/\/edublog.educastur.es\/ixuxu\/wp-json\/wp\/v2\/types\/post"}],"author":[{"embeddable":true,"href":"https:\/\/edublog.educastur.es\/ixuxu\/wp-json\/wp\/v2\/users\/117"}],"replies":[{"embeddable":true,"href":"https:\/\/edublog.educastur.es\/ixuxu\/wp-json\/wp\/v2\/comments?post=43673"}],"version-history":[{"count":4,"href":"https:\/\/edublog.educastur.es\/ixuxu\/wp-json\/wp\/v2\/posts\/43673\/revisions"}],"predecessor-version":[{"id":43725,"href":"https:\/\/edublog.educastur.es\/ixuxu\/wp-json\/wp\/v2\/posts\/43673\/revisions\/43725"}],"wp:attachment":[{"href":"https:\/\/edublog.educastur.es\/ixuxu\/wp-json\/wp\/v2\/media?parent=43673"}],"wp:term":[{"taxonomy":"category","embeddable":true,"href":"https:\/\/edublog.educastur.es\/ixuxu\/wp-json\/wp\/v2\/categories?post=43673"},{"taxonomy":"post_tag","embeddable":true,"href":"https:\/\/edublog.educastur.es\/ixuxu\/wp-json\/wp\/v2\/tags?post=43673"}],"curies":[{"name":"wp","href":"https:\/\/api.w.org\/{rel}","templated":true}]}}