{"id":43709,"date":"2025-03-13T18:27:28","date_gmt":"2025-03-13T16:27:28","guid":{"rendered":"https:\/\/edublog.educastur.es\/ixuxu\/?p=43709"},"modified":"2025-03-13T18:28:59","modified_gmt":"2025-03-13T16:28:59","slug":"la-musica-nasturianu-va-tar-presente-na-xira-didactica","status":"publish","type":"post","link":"https:\/\/edublog.educastur.es\/ixuxu\/2025\/03\/la-musica-nasturianu-va-tar-presente-na-xira-didactica\/","title":{"rendered":"La m\u00fasica n\u2019asturianu va tar presente na Xira Did\u00e1ctica"},"content":{"rendered":"<div class=\"elementor-element elementor-element-72daa04 e-con-full e-flex e-con e-child\" data-id=\"72daa04\" data-element_type=\"container\">\n<div class=\"elementor-element elementor-element-667e3c7 elementor-widget__width-inherit elementor-widget elementor-widget-theme-post-title elementor-page-title elementor-widget-heading\" data-id=\"667e3c7\" data-element_type=\"widget\" data-widget_type=\"theme-post-title.default\">\n<div class=\"elementor-widget-container\">\n<h1 class=\"elementor-heading-title elementor-size-default\" style=\"text-align: center\"><em><span style=\"color: #008080;font-size: 24px\">La m\u00fasica n\u2019asturianu va tar presente na Xira Did\u00e1ctica<br \/>\nqu\u2019entamen les conseyer\u00edes de Cultura y Educaci\u00f3n<\/span><\/em><\/h1>\n<p style=\"text-align: center\"><a href=\"https:\/\/musicasturiana.com\/wp-content\/uploads\/2022\/08\/alicia-alvarez-promo.jpg\"><img loading=\"lazy\" decoding=\"async\" class=\"aligncenter size-large\" src=\"https:\/\/musicasturiana.com\/wp-content\/uploads\/2022\/08\/alicia-alvarez-promo.jpg\" width=\"1200\" height=\"600\" \/><\/a><\/p>\n<\/div>\n<\/div>\n<div class=\"elementor-element elementor-element-00f4678 elementor-widget__width-inherit elementor-widget elementor-widget-theme-post-excerpt\" data-id=\"00f4678\" data-element_type=\"widget\" data-widget_type=\"theme-post-excerpt.default\">\n<div class=\"elementor-widget-container\" style=\"text-align: center\"><em>Alicia \u00c1lvarez va actuar el 15 de mayu \u00e9nte l&#8217;alumn\u00e1u de Primaria, ESO y Bachillerato nel Teatru Riera de Villaviciosa<\/em><\/p>\n<\/div>\n<\/div>\n<\/div>\n<div class=\"elementor-element elementor-element-eea4e26 e-con-full e-flex e-con e-child\" data-id=\"eea4e26\" data-element_type=\"container\">\n<div class=\"elementor-element elementor-element-04a6c90 elementor-mobile-align-left elementor-widget__width-initial elementor-widget elementor-widget-post-info\" data-id=\"04a6c90\" data-element_type=\"widget\" data-widget_type=\"post-info.default\">\n<div class=\"elementor-widget-container\">\n<ul class=\"elementor-inline-items elementor-icon-list-items elementor-post-info\">\n<li class=\"elementor-icon-list-item elementor-repeater-item-7a07052 elementor-inline-item\"><i class=\"fas fa-tags\" aria-hidden=\"true\"><\/i><span class=\"elementor-icon-list-text elementor-post-info__item elementor-post-info__item--type-terms\"><span class=\"elementor-post-info__terms-list\"><a class=\"elementor-post-info__terms-list-item\" href=\"https:\/\/musicasturiana.com\/tag\/alicia-alvarez\/\">Alicia \u00c1lvarez<\/a>,\u00a0<a class=\"elementor-post-info__terms-list-item\" href=\"https:\/\/musicasturiana.com\/tag\/conseyeria-de-cultura\/\">Conseyer\u00eda de Cultura<\/a>,\u00a0<a class=\"elementor-post-info__terms-list-item\" href=\"https:\/\/musicasturiana.com\/tag\/didactica\/\">Did\u00e1ctica<\/a>,\u00a0<a class=\"elementor-post-info__terms-list-item\" href=\"https:\/\/musicasturiana.com\/tag\/politica-cultural\/\">Pol\u00edtica cultural<\/a><\/span><\/span>\/<a href=\"https:\/\/musicasturiana.com\/la-musica-nasturianu-va-tar-presente-na-xira-didactica-quentamen-les-conseyeries-de-cultura-y-educacion\/\"> Musicasturiana.com\u00a0<\/a><\/li>\n<\/ul>\n<\/div>\n<\/div>\n<div class=\"elementor-element elementor-element-9bc739f e-con-full e-flex e-con e-child\" data-id=\"9bc739f\" data-element_type=\"container\">\n<div class=\"elementor-element elementor-element-2d6b391 elementor-share-buttons--view-icon elementor-share-buttons--skin-minimal elementor-share-buttons--shape-circle elementor-grid-mobile-3 elementor-share-buttons--align-right elementor-share-buttons--color-custom elementor-widget__width-auto elementor-widget-tablet__width-auto elementor-grid-0 elementor-widget elementor-widget-share-buttons\" data-id=\"2d6b391\" data-element_type=\"widget\" data-widget_type=\"share-buttons.default\"><\/div>\n<div class=\"elementor-element elementor-element-c90fe77 elementor-share-buttons--view-icon elementor-share-buttons--skin-minimal elementor-share-buttons--shape-circle elementor-grid-mobile-3 elementor-share-buttons--align-right elementor-share-buttons--color-custom elementor-widget__width-auto elementor-widget-tablet__width-auto elementor-grid-0 elementor-widget elementor-widget-share-buttons\" data-id=\"c90fe77\" data-element_type=\"widget\" data-widget_type=\"share-buttons.default\">\n<div class=\"elementor-widget-container\">\n<div class=\"elementor-grid\"><em><strong>Kikirikik\u00ed. Canciones pa ne\u00f1es y ne\u00f1os<\/strong>\u00a0<\/em>d\u2019<strong>Alicia \u00c1lvarez\u00a0<\/strong>ye \u00fan de los siete espect\u00e1culos que l\u2019alumn\u00e1u de Primaria, ESO y Bachillerato van poder esfrutar al travi\u00e9s del programa\u00a0<strong><a href=\"https:\/\/actualidad.asturias.es\/documents\/533407\/0\/2025_03_12+Programa+asturiano+xira+didactica.pdf\/4fd9c03a-cad0-cd62-734f-400df15c2cf2?t=1741783605573\" target=\"_blank\" rel=\"noreferrer noopener\" data-type=\"link\" data-id=\"https:\/\/actualidad.asturias.es\/documents\/533407\/0\/2025_03_12+Programa+asturiano+xira+didactica.pdf\/4fd9c03a-cad0-cd62-734f-400df15c2cf2?t=1741783605573\">Xira Did\u00e1ctica<\/a><\/strong>\u00a0qu\u2019entamen les\u00a0<strong>direcciones xenerales d\u2019Acci\u00f3n Cultural y Normalizaci\u00f3n Lling\u00fc\u00edstica, y d\u2019Inclusi\u00f3n Educativa y Ordenaci\u00f3n<\/strong>.<\/div>\n<\/div>\n<\/div>\n<\/div>\n<\/div>\n<div class=\"elementor-element elementor-element-a767a8c elementor-widget__width-inherit elementor-widget elementor-widget-theme-post-content\" data-id=\"a767a8c\" data-element_type=\"widget\" data-widget_type=\"theme-post-content.default\">\n<div class=\"elementor-widget-container\">\n<p><!--more--><\/p>\n<p>La iniciativa ta empobinada a fomentar la\u00a0<strong>normalizaci\u00f3n de les lling\u00fces del pa\u00eds ente la comunid\u00e1 educativa<\/strong>\u00a0con actividaes de baldre. La cita con Alicia \u00c1lvarez va ser el\u00a0<strong>xueves 15 de mayu a les 11.30h nel teatru Riera de Villaviciosa<\/strong>.<\/p>\n<p>Am\u00e1s d\u2019esti conciertu, el programa incl\u00fai\u00a0<strong>pieces teatrales de les compa\u00f1\u00edes asturianes<\/strong>\u00a0El Callej\u00f3n del Gato, ElektraFiktion, Factor\u00eda Norte, Saltantes Teatro, Ambig\u00fa Media Broadcast y La compa\u00f1\u00eda del Alba.\u00a0<strong>Los centros educativos y\u00e1 pueden sumase\u00a0<\/strong>a la Xira Did\u00e1ctica hasta\u2019l 28 de marzu na web d\u2019<a href=\"https:\/\/www.asturiesculturaenrede.es\/\" target=\"_blank\" rel=\"noreferrer noopener\" data-type=\"link\" data-id=\"https:\/\/www.asturiesculturaenrede.es\/\">Asturies Cultura en Rede<\/a>\u00a0o\u2019l portal d\u2019<a href=\"https:\/\/www.educastur.es\/\" target=\"_blank\" rel=\"noopener\" data-type=\"link\" data-id=\"https:\/\/www.educastur.es\/\">Educastur<\/a>. Les places t\u00e1n llendaes y pue topase m\u00e1s informaci\u00f3n de too ello\u00a0<a href=\"https:\/\/actualidad.asturias.es\/-\/cultura-y-educaci%C3%B3n-ponen-en-marcha-una-xira-did%C3%A1ctica-para-ofrecer-a-los-estudiantes-actividades-gratuitas-en-asturiano-y-eonaviego?redirect=%2Fcultura-politica-llinguistica-y-deportes\" target=\"_blank\" rel=\"noreferrer noopener\" data-type=\"link\" data-id=\"https:\/\/actualidad.asturias.es\/-\/cultura-y-educaci%C3%B3n-ponen-en-marcha-una-xira-did%C3%A1ctica-para-ofrecer-a-los-estudiantes-actividades-gratuitas-en-asturiano-y-eonaviego?redirect=%2Fcultura-politica-llinguistica-y-deportes\">equ\u00ed<\/a>.<\/p>\n<p><em><strong>Kikirikik\u00ed\u00a0<\/strong><\/em>ye un conciertu de\u00a0<strong>m\u00fasica pop<\/strong>\u00a0nel que l\u2019autora interpreta los temes del so llibru-discu hom\u00f3nimu acompa\u00f1ada por<strong>\u00a0David Varela\u00a0<\/strong>(acordi\u00f3n),\u00a0<strong>David Casillas<\/strong>\u00a0(contrabaxu) y\u00a0<strong>Eva D\u00edaz Toca<\/strong>\u00a0(bater\u00eda). A partir d\u2019histories protagonizaes por\u00a0<strong>animales y otros personaxes<\/strong>, interpreten\u00a0<strong>cantares enllenos de tenrura\u00a0<\/strong>que falen de los sentimientos, les emociones, la imaxinaci\u00f3n o los mieos. Tr\u00e1tase, am\u00e1s, d\u2019un\u00a0<strong>espect\u00e1culu multidisciplinar<\/strong>\u00a0nel que se proyecten les<strong>\u00a0ilustraciones feches por Alicia Varela<\/strong>, dibuxos enllenos de poes\u00eda y costumismu qu\u2019homenaxeen a los cuentos cl\u00e1sicos infantiles.<\/p>\n<\/div>\n<\/div>\n<p>&nbsp;<\/p>\n","protected":false},"excerpt":{"rendered":"<p>La m\u00fasica n\u2019asturianu va tar presente na Xira Did\u00e1ctica qu\u2019entamen les conseyer\u00edes de Cultura y Educaci\u00f3n Alicia \u00c1lvarez va actuar el 15 de mayu \u00e9nte l&#8217;alumn\u00e1u de Primaria, ESO y Bachillerato nel Teatru Riera de Villaviciosa Alicia \u00c1lvarez,\u00a0Conseyer\u00eda de Cultura,\u00a0Did\u00e1ctica,\u00a0Pol\u00edtica cultural\/ Musicasturiana.com\u00a0 Kikirikik\u00ed. Canciones pa ne\u00f1es y ne\u00f1os\u00a0d\u2019Alicia \u00c1lvarez\u00a0ye \u00fan de los siete espect\u00e1culos que [&hellip;]<\/p>\n","protected":false},"author":117,"featured_media":0,"comment_status":"open","ping_status":"open","sticky":false,"template":"","format":"standard","meta":{"footnotes":""},"categories":[132,35,125,158],"tags":[],"class_list":["post-43709","post","type-post","status-publish","format-standard","hentry","category-educastur","category-musica","category-musicasturiana-com","category-xeres-didactiques"],"_links":{"self":[{"href":"https:\/\/edublog.educastur.es\/ixuxu\/wp-json\/wp\/v2\/posts\/43709","targetHints":{"allow":["GET"]}}],"collection":[{"href":"https:\/\/edublog.educastur.es\/ixuxu\/wp-json\/wp\/v2\/posts"}],"about":[{"href":"https:\/\/edublog.educastur.es\/ixuxu\/wp-json\/wp\/v2\/types\/post"}],"author":[{"embeddable":true,"href":"https:\/\/edublog.educastur.es\/ixuxu\/wp-json\/wp\/v2\/users\/117"}],"replies":[{"embeddable":true,"href":"https:\/\/edublog.educastur.es\/ixuxu\/wp-json\/wp\/v2\/comments?post=43709"}],"version-history":[{"count":3,"href":"https:\/\/edublog.educastur.es\/ixuxu\/wp-json\/wp\/v2\/posts\/43709\/revisions"}],"predecessor-version":[{"id":43712,"href":"https:\/\/edublog.educastur.es\/ixuxu\/wp-json\/wp\/v2\/posts\/43709\/revisions\/43712"}],"wp:attachment":[{"href":"https:\/\/edublog.educastur.es\/ixuxu\/wp-json\/wp\/v2\/media?parent=43709"}],"wp:term":[{"taxonomy":"category","embeddable":true,"href":"https:\/\/edublog.educastur.es\/ixuxu\/wp-json\/wp\/v2\/categories?post=43709"},{"taxonomy":"post_tag","embeddable":true,"href":"https:\/\/edublog.educastur.es\/ixuxu\/wp-json\/wp\/v2\/tags?post=43709"}],"curies":[{"name":"wp","href":"https:\/\/api.w.org\/{rel}","templated":true}]}}